{"id":824341,"date":"2025-09-03T17:17:22","date_gmt":"2025-09-03T13:17:22","guid":{"rendered":"https:\/\/arantv.az\/?p=824341"},"modified":"2025-09-03T17:17:22","modified_gmt":"2025-09-03T13:17:22","slug":"sepah-xam%c9%99neinin-nufuzuna-z%c9%99r%c9%99r-vurur-z%c9%99ng%c9%99zur-yoluna-das-atan-qvardiya","status":"publish","type":"post","link":"https:\/\/arantv.az\/?p=824341","title":{"rendered":"Sepah Xam\u0259neinin n\u00fcfuzuna z\u0259r\u0259r vurur \u2013 Z\u0259ng\u0259zur yoluna da\u015f atan &#8220;qvardiya&#8221;"},"content":{"rendered":"<p><strong>Z\u0259ng\u0259zur yolu (Tramp d\u0259hlizi) il\u0259 ba\u011fl\u0131 Az\u0259rbaycan, Erm\u0259nistan v\u0259 AB\u015e aras\u0131nda m\u00fc\u0259yy\u0259n raz\u0131l\u0131q \u0259ld\u0259 olunub. Ancaq bu istiqam\u0259td\u0259 h\u0259l\u0259 yekun s\u0259n\u0259d imzalanmay\u0131b. Bir s\u0131ra q\u00fcvv\u0259l\u0259rin is\u0259 bu layih\u0259nin realla\u015fmas\u0131na qar\u015f\u0131 yersiz \u00e7\u0131x\u0131\u015flar\u0131 davam edir.<\/strong><\/p>\n<p>\u0130randak\u0131 m\u00fc\u0259yy\u0259n dair\u0259l\u0259r, konkret olaraq hakimiyy\u0259tdaxili m\u00fchafiz\u0259kar x\u0259tt n\u00fcmay\u0259nd\u0259l\u0259ri, \u0130nqilab Ke\u015fik\u00e7il\u0259ri Qvardiyas\u0131 (Sepah) ona qar\u015f\u0131 m\u00fcxt\u0259lif s\u0259viyy\u0259l\u0259rd\u0259 t\u0259bli\u011fat apar\u0131r.<\/p>\n<p>\u00d6t\u0259n g\u00fcn bu h\u0259rbi qrupla\u015fmaya ba\u011fl\u0131 informasiya kanal\u0131nda \u0130ran\u0131n ali r\u0259hb\u0259ri ay\u0259tullah Seyid \u018fli Xam\u0259neinin ad\u0131ndan bel\u0259 \u00e7\u0131x\u0131\u015f edilib.<\/p>\n<p>M\u0259nb\u0259 bildirib ki, bir s\u0131ra media resurslar\u0131nda ictimai r\u0259yi t\u0259hrif etm\u0259y\u0259 y\u00f6n\u0259lmi\u015f materiallar yay\u0131l\u0131b: &#8220;\u0130ran\u0131n ali lideri, ay\u0259tullah Xam\u0259nei Z\u0259ng\u0259zur m\u0259s\u0259l\u0259sind\u0259 yum\u015faq m\u00f6vqe tutur&#8221;.<\/p>\n<p>Sepah\u0131n kanal\u0131 bel\u0259 \u015f\u0259rhl\u0259rin tamamil\u0259 \u0259sass\u0131z oldu\u011funu yaz\u0131b: &#8220;\u018fvv\u0259ld\u0259n ay\u0259tullah Xam\u0259neinin bu m\u00f6vzuda m\u00f6vqeyi s\u0259rt v\u0259 prinsipial olub, bel\u0259 d\u0259 qal\u0131r, bu kursa he\u00e7 bir ki\u00e7ik d\u0259yi\u015fiklik edilm\u0259yib&#8221;.<\/p>\n<div class=\"news-detail__image\"><img loading=\"lazy\" src=\"https:\/\/images.report.az\/2025\/09\/03\/5dFVY3pfD3tXIC62QSVWO8vNcqBIt06K5T7dkSlE_850.webp\" alt=\"\" width=\"824\" height=\"550\" \/><\/p>\n<div class=\"news_image__description\"><strong>\u00a0<\/strong><\/div>\n<div class=\"news-image__author\"><strong>\u018fli \u018fkb\u0259r<\/strong><\/div>\n<\/div>\n<p>Qvardiyan\u0131n media m\u0259nb\u0259yi bildirib ki, ali r\u0259hb\u0259rin m\u00fc\u015faviri Vilay\u0259tinin Z\u0259ng\u0259zur yolu il\u0259 ba\u011fl\u0131 a\u00e7\u0131qlamas\u0131 Xam\u0259neinin m\u00f6vqeyinin r\u0259smi \u0259ksi kimi s\u0259sl\u0259ndirilir v\u0259 beyn\u0259lxalq ictimaiyy\u0259t\u0259 \u00f6t\u00fcr\u00fcl\u00fcr.<\/p>\n<p>Sepah bu istiqam\u0259td\u0259 ard\u0131c\u0131l v\u0259 q\u0259tiyy\u0259tli add\u0131mlar\u0131n at\u0131ld\u0131\u011f\u0131n\u0131 v\u0259 bundan sonra da bel\u0259 olaca\u011f\u0131n\u0131 b\u0259yan edib. &#8220;D\u00fcnya ictimaiyy\u0259ti vaxt\u0131 g\u0259l\u0259nd\u0259 bu h\u0259r\u0259k\u0259tl\u0259rin \u015fahidi olacaq&#8221; dey\u0259 \u0259n\u0259n\u0259vi h\u0259d\u0259l\u0259yici ritorika il\u0259 \u00e7\u0131x\u0131\u015f edib. Qvardiyan\u0131n informasiya kanal\u0131 Erm\u0259nistana da r\u0259smi qaydada ayd\u0131n \u015f\u0259kild\u0259 regionda he\u00e7 bir siyasi manevr m\u00fcmk\u00fcn olmad\u0131\u011f\u0131n\u0131n \u00e7atd\u0131r\u0131ld\u0131\u011f\u0131n\u0131 vur\u011fulay\u0131b: &#8220;\u0130ran h\u0259r hans\u0131 xarici q\u00fcvv\u0259d\u0259n raz\u0131l\u0131q, icaz\u0259 g\u00f6zl\u0259m\u0259d\u0259n q\u0259ti m\u00f6vqe n\u00fcmayi\u015f etdirir&#8221;.<\/p>\n<p>44 g\u00fcnl\u00fck m\u00fcharib\u0259d\u0259n sonra Xam\u0259nei v\u0259 onun \u0259traf\u0131 el\u0259 s\u0259hv\u0259n, b\u0259lk\u0259 d\u0259 Az\u0259rbaycana qarayaxmaq m\u0259qs\u0259di il\u0259 el\u0259 z\u0259nn edirdi ki, r\u0259smi Bak\u0131 Erm\u0259nistan\u0131n indiki \u0259razisind\u0259, o c\u00fcml\u0259d\u0259n Z\u0259ng\u0259zur b\u00f6lg\u0259sind\u0259 h\u0259rbi \u0259m\u0259liyyat ke\u00e7ir\u0259c\u0259k.<\/p>\n<p>Ancaq bu ba\u015f verm\u0259di. Az\u0259rbaycan Prezidenti \u0130lham \u018fliyev &#8220;\u018fl-\u018fr\u0259biyy\u0259&#8221; televiziya kanal\u0131na m\u00fcsahib\u0259sind\u0259 bu m\u0259s\u0259l\u0259y\u0259 bir daha ayd\u0131nl\u0131q g\u0259tir\u0259r\u0259k deyib ki, 1920-ci ilin aprelind\u0259 rus ordusu Az\u0259rbaycana daxil olub onu i\u015f\u011fal etdi: &#8220;C\u0259mi bir ne\u00e7\u0259 ay sonra &#8211; h\u0259min ilin noyabr\u0131nda sovet Rusiyas\u0131 q\u0259rar q\u0259bul etdi ki, Z\u0259ng\u0259zuru- bizim &#8220;Q\u0259rbi Z\u0259ng\u0259zur&#8221; adland\u0131rd\u0131\u011f\u0131m\u0131z \u0259razini Az\u0259rbaycandan al\u0131b Erm\u0259nistana versin. Bununla da Az\u0259rbaycan iki yer\u0259 b\u00f6l\u00fcnd\u00fc: \u0259sas hiss\u0259 v\u0259 Nax\u00e7\u0131van. Q\u0259rbi Z\u0259ng\u0259zur is\u0259 onlar\u0131n aras\u0131nda qald\u0131&#8221;.<\/p>\n<p>D\u00f6vl\u0259t ba\u015f\u00e7\u0131s\u0131 daha sonra vur\u011fulay\u0131b: &#8220;\u0130kinci Qaraba\u011f m\u00fcharib\u0259si bizim Q\u0259l\u0259b\u0259mizl\u0259 ba\u015fa \u00e7atd\u0131qdan sonra bu yolu zorla \u0259l\u0259 ke\u00e7ir\u0259 bil\u0259rdik. H\u0259min vaxt Erm\u0259nistan ordusu m\u0259n\u0259vi c\u0259h\u0259td\u0259n tamamil\u0259 sars\u0131lm\u0131\u015fd\u0131. 12 min h\u0259rb\u00e7isi f\u0259rari idi&#8221;.<\/p>\n<p>Ancaq r\u0259smi Bak\u0131 bu add\u0131m\u0131 atmad\u0131, \u0259ksin\u0259 Erm\u0259nistana s\u00fclh paketi t\u0259qdim etdi.<\/p>\n<p>Xam\u0259nei is\u0259 \u00f6t\u0259n il Tehranda Erm\u0259nistan\u0131n Ba\u015f naziri Nikol Pa\u015finyanla g\u00f6r\u00fc\u015f\u00fcnd\u0259 Erm\u0259nistan\u0131n \u0259razi b\u00fct\u00f6vl\u00fcy\u00fcn\u00fcn vacibliyini vur\u011fulayaraq qeyd edib ki, Erm\u0259nistan-\u0130ran m\u00fcnasib\u0259tl\u0259ri ba\u015fqa \u00f6lk\u0259l\u0259rin siyas\u0259tind\u0259n as\u0131l\u0131 olmayaraq, qar\u015f\u0131l\u0131ql\u0131 maraqlar \u0259sas\u0131nda inki\u015faf ed\u0259c\u0259k. \u018fvv\u0259ll\u0259r Erm\u0259nistan\u0131n \u0259razi b\u00fct\u00f6vl\u00fcy\u00fcn\u00fc \u00f6z\u00fcn\u00fcn &#8220;q\u0131rm\u0131z\u0131 x\u0259tti&#8221; elan ed\u0259n \u0130ran r\u0259hb\u0259rliyinin bu t\u0259bli\u011fat tezisi iflas oldu.<\/p>\n<p>Sepah\u0131n fikrinc\u0259, \u018fli \u018fkb\u0259r Vilay\u0259tinin a\u00e7\u0131qlamas\u0131 Xam\u0259neinin m\u00f6vqeyidir. O, Z\u0259ng\u0259zur yolu il\u0259 ba\u011fl\u0131 a\u00e7\u0131qlamas\u0131nda t\u0259msil etdiyi hakimiyy\u0259tin\u00a0&#8220;\u00f6z\u00fcn\u00fcn v\u0259 regionun maraqlar\u0131na bigan\u0259&#8221; qalmayaca\u011f\u0131n\u0131 bildirib.<\/p>\n<p>O\u00a0bu kimi a\u00e7\u0131qlamalar\u0131 ay\u0259tullah Seyid \u018fli Xam\u0259neinin sosial \u015f\u0259b\u0259k\u0259d\u0259ki s\u0259hif\u0259sind\u0259 deyil, \u00f6z ad\u0131ndan yay\u0131b.<\/p>\n<p>H\u0259l\u0259 Z\u0259ng\u0259zur yolunun AB\u015e-y\u0259 99 illiyin\u0259 icar\u0259y\u0259 verilm\u0259sin\u0259 dair he\u00e7 bir s\u0259n\u0259d imzalanmay\u0131b. Ancaq Vilay\u0259ti buna da yersiz, hikk\u0259li m\u00fcnasib\u0259t bildirib: &#8220;C\u0259nubi Qafqaz Tramp\u0131n icar\u0259y\u0259 g\u00f6t\u00fcrd\u00fcy\u00fc sahibsiz bir b\u00f6lg\u0259dir? Qafqaz d\u00fcnyan\u0131n \u0259n h\u0259ssas co\u011frafi n\u00f6qt\u0259l\u0259rind\u0259n biridir v\u0259 bu ke\u00e7id Trampa m\u0259xsus bir d\u0259hliz deyil, Tramp\u0131n muzdlular\u0131n\u0131n q\u0259biristanl\u0131\u011f\u0131 olacaq&#8221;.<\/p>\n<p><img loading=\"lazy\" src=\"https:\/\/cdn.musavat.com\/news\/images\/Ayten\/LAR%C4%B0C.jpg\" alt=\"LAR\u0130C.jpg (73 KB)\" width=\"700\" height=\"466\" \/><\/p>\n<div class=\"news-detail__image\"><strong>\u018fli Laricani<\/strong><\/div>\n<p>Bu g\u00fcnl\u0259rd\u0259 Erm\u0259nistan\u0131n xarici i\u015fl\u0259r naziri Ararat Mirzoyan bildirib ki, r\u0259smi \u0130r\u0259van Z\u0259ng\u0259zur d\u0259hlizini AB\u015e-y\u0259 icar\u0259y\u0259 vermir.<\/p>\n<p>Onun a\u00e7\u0131qlamas\u0131 da Vilay\u0259tinin fikirl\u0259rini alt-\u00fcst edir.<\/p>\n<p>\u0130ran Ali Milli T\u0259hl\u00fck\u0259sizlik \u015euras\u0131n\u0131n katibi \u018fli Laricani avqustun 8-d\u0259 Va\u015finqtonda Az\u0259rbaycan v\u0259 Erm\u0259nistan aras\u0131nda n\u0259qliyyat d\u0259hlizin\u0259 dair \u0259ld\u0259 edilmi\u015f raz\u0131la\u015fman\u0131 \u015f\u0259rh ed\u0259rk\u0259n deyib: &#8220;Bu yolun a\u00e7\u0131lmas\u0131 \u0130ran \u00fc\u00e7\u00fcn t\u0259hl\u00fck\u0259li olmaya bil\u0259r&#8221;.<\/p>\n<p>Onun s\u00f6zl\u0259rin\u0259 g\u00f6r\u0259, r\u0259smi \u0130r\u0259van\u0131n Tehrana verdiyi m\u0259lumata \u0259sas\u0259n, bu d\u0259hliz \u0130ran\u0131n Erm\u0259nistana yolunun k\u0259silm\u0259si dem\u0259k deyil.<\/p>\n<p>\u0130ran Prezidenti M\u0259sud Peze\u015fkian ilk d\u0259f\u0259 Z\u0259ng\u0259zur d\u0259hlizi il\u0259 ba\u011fl\u0131 m\u00f6vqeyini a\u00e7\u0131q \u015f\u0259kild\u0259 b\u0259yan ed\u0259rk\u0259n demi\u015fdi ki, bu m\u0259s\u0259l\u0259 x\u0259b\u0259rl\u0259rd\u0259ki kimi \u015fi\u015firdilmi\u015f deyil v\u0259 \u0130ran\u0131n \u0259razi b\u00fct\u00f6vl\u00fcy\u00fc il\u0259 ba\u011fl\u0131 t\u0259l\u0259bl\u0259ri yerin\u0259 yetirilib.<\/p>\n<div class=\"news-detail__image\">\n<div class=\"news-image__author\">\u00a0<img loading=\"lazy\" src=\"https:\/\/cdn.musavat.com\/news\/images\/Ayten\/YET%C4%B0R.jpg\" alt=\"YET\u0130R.jpg (133 KB)\" width=\"700\" height=\"417\" \/><\/div>\n<\/div>\n<p>O, Az\u0259rbaycan v\u0259 Erm\u0259nistan aras\u0131nda imzalanan b\u0259yannam\u0259d\u0259 \u0130ran\u0131n maraqlar\u0131n\u0131n da n\u0259z\u0259r\u0259 al\u0131nd\u0131\u011f\u0131n\u0131 s\u00f6yl\u0259yib: &#8220;Z\u0259ng\u0259zur d\u0259hlizi m\u0259s\u0259l\u0259sind\u0259 \u0130ran\u0131n t\u0259l\u0259bl\u0259ri yerin\u0259 yetirilib. Bu d\u0259hliz m\u00f6vcud s\u0259rh\u0259dl\u0259ri qoruyur. Yol sad\u0259c\u0259 n\u0259qliyyat \u0259laq\u0259sini t\u0259min edir. \u0130ran\u0131n Avropaya v\u0259 \u015eimala tranzitin\u0259 mane olmur&#8221;.<\/p>\n<p>Bununla da Vilay\u0259tinin iddias\u0131, tezisinin tamamil\u0259 m\u0259nas\u0131z oldu\u011fu t\u0259sdiql\u0259nir. \u00c7\u00fcnki o, bu d\u0259hlizin \u0130ran\u0131n Avropaya v\u0259 \u015eimala yolunun ba\u011flayaca\u011f\u0131n\u0131 iddia edirdi.<\/p>\n<p>Prezident \u0130lham \u018fliyev d\u0259 m\u0259lum m\u00fcsahib\u0259sind\u0259 bu m\u0259s\u0259l\u0259y\u0259 m\u00fcnasib\u0259t bildir\u0259rk\u0259n deyib ki, layih\u0259nin icras\u0131 il\u0259 ba\u011fl\u0131 h\u0259l\u0259 q\u0259rar verilm\u0259yib: &#8220;Amma b\u0259li, bunu, amerikal\u0131 investorlar h\u0259yata ke\u00e7ir\u0259 bil\u0259r. \u018fslind\u0259, bizim \u00fc\u00e7\u00fcn bu, vacib deyil. Bizim \u00fc\u00e7\u00fcn \u0259sas odur ki, yol tikilsin v\u0259 beyn\u0259lxalq t\u0259hl\u00fck\u0259sizlik z\u0259man\u0259tl\u0259ri olsun. Ba\u015fqa s\u00f6zl\u0259 des\u0259k, az\u0259rbaycanl\u0131lar Nax\u00e7\u0131vandan \u00f6lk\u0259nin \u0259sas hiss\u0259sin\u0259 v\u0259 geri s\u0259yah\u0259t ed\u0259rk\u0259n narahatl\u0131q hiss etm\u0259m\u0259lidirl\u0259r&#8221;.<\/p>\n<p>D\u00f6vl\u0259t ba\u015f\u00e7\u0131s\u0131 bununla da yolla ba\u011fl\u0131 Az\u0259rbaycan\u0131n \u0259sas h\u0259d\u0259fini a\u00e7\u0131qlay\u0131b. R\u0259smi Bak\u0131 25 il \u0259vv\u0259l \u0130ranla &#8220;\u015eimal-C\u0259nub&#8221; yol-n\u0259qliyyat layih\u0259sin\u0259 dair raz\u0131l\u0131q \u0259ld\u0259 edib. Bu m\u00fcdd\u0259t \u0259rzind\u0259 h\u0259min d\u0259hliz Tehran\u0131n t\u0259qsiri s\u0259b\u0259bind\u0259n f\u0259aliyy\u0259t g\u00f6st\u0259rmir. Yaxud bir ne\u00e7\u0259 il \u00f6nc\u0259 \u0130ran \u0259razisind\u0259n, Araz \u00e7ay\u0131 \u00fcz\u0259rind\u0259n ke\u00e7m\u0259kl\u0259 Nax\u00e7\u0131vana yol \u00e7\u0259kilm\u0259sin\u0259 dair r\u0259smi Bak\u0131 il\u0259 Tehran aras\u0131nda raz\u0131l\u0131q \u0259ld\u0259 edilib. \u0130slam Respublikas\u0131 bu layih\u0259nin realla\u015fmas\u0131 istiqam\u0259tind\u0259 qaneedici add\u0131mlar h\u0259l\u0259 d\u0259 atm\u0131r.<\/p>\n<p>Bu, \u0130ran hakimiyy\u0259tinin Az\u0259rbaycan\u0131n tranzit \u00f6lk\u0259si olmas\u0131 ist\u0259yind\u0259n ir\u0259li g\u0259lir. O, X\u0259z\u0259rd\u0259n ke\u00e7\u0259n Orta d\u0259hliz n\u0259qliyyat\u0131na qar\u015f\u0131 da t\u0259bli\u011fat apar\u0131r. Halbuki bu d\u0259hlizi onun t\u0259r\u0259fda\u015f\u0131 \u00c7in d\u0259 q\u0259bul edib v\u0259 istifad\u0259 edir.<\/p>\n<p>Sepah\u00e7\u0131lara v\u0259 onlar\u0131n ist\u0259kl\u0259rinin t\u0259bli\u011fat\u00e7\u0131s\u0131 say\u0131lan Vilay\u0259ti kimi m\u00fc\u015favirl\u0259r\u0259 Az\u0259rbaycan Prezidenti b\u0259hs etdiyimiz m\u00fcsahib\u0259d\u0259 cavab ver\u0259rk\u0259n deyib: &#8220;M\u0259n r\u0259smi m\u00f6vqe dey\u0259nd\u0259 Prezidentin, xarici i\u015fl\u0259r nazirinin m\u00f6vqeyini n\u0259z\u0259rd\u0259 tuturam. Bu, r\u0259smi m\u00f6vqe hesab olunur. Biz siyas\u0259timizi \u0130ran xalq\u0131n\u0131n se\u00e7diyi v\u0259 \u00f6z v\u0259zif\u0259sini yerin\u0259 yetirm\u0259k s\u0259lahiyy\u0259tin\u0259 malik olan, y\u0259ni, Prezident kimi siyas\u0259t\u00e7il\u0259r\u0259 \u0259sas\u0259n qururuq. Haz\u0131rda m\u00fc\u015favir kimi adland\u0131r\u0131lan b\u0259zi ke\u00e7mi\u015f r\u0259smil\u0259r m\u00fc\u0259yy\u0259n fikirl\u0259r s\u0259sl\u0259ndirib. N\u0259 m\u0259sl\u0259h\u0259tl\u0259r verirl\u0259r, bilmir\u0259m. Bu m\u00f6vqe bizim \u00fc\u00e7\u00fcn he\u00e7 c\u00fcr \u0259h\u0259miyy\u0259tli deyil. Bizim \u00fc\u00e7\u00fcn bunun \u0259h\u0259miyy\u0259ti s\u0131f\u0131rd\u0131r, \u00e7\u00fcnki d\u00f6vl\u0259tl\u0259raras\u0131 m\u00fcnasib\u0259tl\u0259rimiz h\u00f6kum\u0259tl\u0259r, prezidentl\u0259r, xarici i\u015fl\u0259r nazirl\u0259ri aras\u0131nda qurulur&#8221;.<\/p>\n<p><img loading=\"lazy\" src=\"https:\/\/cdn.musavat.com\/news\/images\/Ayten\/QURUL%20SON.jpg\" alt=\"QURUL SON.jpg (94 KB)\" width=\"700\" height=\"465\" \/><\/p>\n<p>Z\u0259ng\u0259zur yolu (Tramp d\u0259hlizi) il\u0259 ba\u011fl\u0131 bir m\u00f6vqe var \u2013 o da h\u00f6kum\u0259t ba\u015f\u00e7\u0131s\u0131, \u00f6lk\u0259 konstitusiyas\u0131na g\u00f6r\u0259 \u0130ran \u0130slam Respublikas\u0131n\u0131n ikinci r\u0259smi \u015f\u0259xsi Prezident M\u0259sud Peze\u015fkiana m\u0259xsusdur. Ay\u0259tullah Seyid \u018fli Xam\u0259nei is\u0259 son zamanlar m\u0259s\u0259l\u0259y\u0259 m\u00fcnasib\u0259t bildirm\u0259yib. Bu bax\u0131mdan \u0130slam Respublikas\u0131 Prezidentin a\u00e7\u0131qlamas\u0131n\u0131 \u00f6lk\u0259nin birinci \u015f\u0259xsinin Xam\u0259neinin m\u00f6vqeyi kimi anla\u015f\u0131lmas\u0131 daha m\u0259ntiqi say\u0131l\u0131r. \u00c7\u00fcnki \u0130ran Konstitusiyas\u0131na \u0259sas\u0259n h\u00f6kum\u0259t ba\u015f\u00e7\u0131s\u0131 b\u00fct\u00fcn strateji m\u0259s\u0259l\u0259l\u0259ri ali r\u0259hb\u0259rl\u0259 m\u0259sl\u0259h\u0259tl\u0259\u015fir.<\/p>\n<p>Ona g\u00f6r\u0259 d\u0259 M\u0259sud Peze\u015fkian \u0130ran hakimiyy\u0259tinin ba\u015fl\u0131ca iki t\u0259msil\u00e7isind\u0259n biri olaraq d\u00f6vl\u0259tin m\u00f6vqeyini bildirib. Vilay\u0259ti v\u0259 ona b\u0259nz\u0259rl\u0259r is\u0259 m\u00fchafiz\u0259karlar\u0131n, daha \u00e7ox Sepah\u0131n m\u00f6vqeyini bildirir. Uzun ill\u0259rdir \u0130randa onlar\u0131n k\u0259sdiyi ba\u015fa sor\u011fu-sual olmay\u0131b. O, \u00f6z\u00fcn\u00fc hakimiyy\u0259t i\u00e7ind\u0259 hakimiyy\u0259t rolunda apar\u0131b. Ancaq bu h\u0259rbi qurulu\u015f \u0130ran hakimiyy\u0259ti dem\u0259k deyil. Sepah \u0130ran Silahl\u0131 Q\u00fcvv\u0259l\u0259rinin bir qoludur. O, Q\u0259zzada, Livanda, Suriyada u\u011fursuzluqlar\u0131n\u0131 b\u0259hs etdiyimiz m\u00f6vzularla \u00f6rt-basd\u0131r etm\u0259k ist\u0259yir. \u00d6z\u00fcn\u00fc regionun sahibi kimi aparma\u011fa \u00e7al\u0131\u015f\u0131r. Yax\u0131n \u015e\u0259rqd\u0259n qovulan sepah\u00e7\u0131lar C\u0259nubi Qafqaza soxulma\u011fa s\u0259y g\u00f6st\u0259rir. Sepah bu kimi davran\u0131\u015flar\u0131 il\u0259 \u0130rana beyn\u0259lxalq al\u0259md\u0259 terror\u00e7u imici qazand\u0131r\u0131b. O bu sayaq davran\u0131\u015f\u0131 il\u0259 ali r\u0259hb\u0259rinin n\u00fcfuzuna z\u0259r\u0259r vurur.\u00a0<strong>12 g\u00fcnl\u00fck m\u00fcharib\u0259d\u0259 is\u0259 g\u00fcc\u00fcn\u00fc, q\u00fcvv\u0259sini, mifini if\u015fa etdi&#8230;<\/strong><\/p>\n","protected":false},"excerpt":{"rendered":"<p>Z\u0259ng\u0259zur yolu (Tramp d\u0259hlizi) il\u0259 ba\u011fl\u0131 Az\u0259rbaycan, Erm\u0259nistan v\u0259 AB\u015e aras\u0131nda m\u00fc\u0259yy\u0259n raz\u0131l\u0131q \u0259ld\u0259 olunub. Ancaq bu istiqam\u0259td\u0259 h\u0259l\u0259 yekun s\u0259n\u0259d imzalanmay\u0131b. Bir s\u0131ra q\u00fcvv\u0259l\u0259rin is\u0259 bu layih\u0259nin realla\u015fmas\u0131na qar\u015f\u0131 yersiz \u00e7\u0131x\u0131\u015flar\u0131 davam edir. \u0130randak\u0131 m\u00fc\u0259yy\u0259n dair\u0259l\u0259r, konkret olaraq hakimiyy\u0259tdaxili m\u00fchafiz\u0259kar x\u0259tt n\u00fcmay\u0259nd\u0259l\u0259ri, \u0130nqilab Ke\u015fik\u00e7il\u0259ri Qvardiyas\u0131 (Sepah) ona qar\u015f\u0131 m\u00fcxt\u0259lif s\u0259viyy\u0259l\u0259rd\u0259 t\u0259bli\u011fat apar\u0131r. \u00d6t\u0259n g\u00fcn bu h\u0259rbi qrupla\u015fmaya ba\u011fl\u0131 informasiya kanal\u0131nda \u0130ran\u0131n ali r\u0259hb\u0259ri ay\u0259tullah Seyid \u018fli Xam\u0259neinin ad\u0131ndan bel\u0259 \u00e7\u0131x\u0131\u015f edilib. M\u0259nb\u0259 bildirib ki, bir s\u0131ra media resurslar\u0131nda ictimai r\u0259yi t\u0259hrif etm\u0259y\u0259 y\u00f6n\u0259lmi\u015f materiallar yay\u0131l\u0131b: &#8220;\u0130ran\u0131n ali lideri, ay\u0259tullah&hellip;<\/p>\n","protected":false},"author":2,"featured_media":824342,"comment_status":"closed","ping_status":"closed","sticky":false,"template":"","format":"standard","meta":{"om_disable_all_campaigns":false,"_monsterinsights_skip_tracking":false,"_monsterinsights_sitenote_active":false,"_monsterinsights_sitenote_note":"","_monsterinsights_sitenote_category":0},"categories":[19],"tags":[],"aioseo_notices":[],"gutentor_comment":0,"rttpg_featured_image_url":{"full":["https:\/\/arantv.az\/wp-content\/uploads\/2025\/09\/5afca540db305dd0c0f90eb1306b14a2.jpg",824,500,false],"landscape":["https:\/\/arantv.az\/wp-content\/uploads\/2025\/09\/5afca540db305dd0c0f90eb1306b14a2.jpg",824,500,false],"portraits":["https:\/\/arantv.az\/wp-content\/uploads\/2025\/09\/5afca540db305dd0c0f90eb1306b14a2.jpg",824,500,false],"thumbnail":["https:\/\/arantv.az\/wp-content\/uploads\/2025\/09\/5afca540db305dd0c0f90eb1306b14a2-500x280.jpg",500,280,true],"medium":["https:\/\/arantv.az\/wp-content\/uploads\/2025\/09\/5afca540db305dd0c0f90eb1306b14a2-602x365.jpg",602,365,true],"large":["https:\/\/arantv.az\/wp-content\/uploads\/2025\/09\/5afca540db305dd0c0f90eb1306b14a2.jpg",640,388,false],"1536x1536":["https:\/\/arantv.az\/wp-content\/uploads\/2025\/09\/5afca540db305dd0c0f90eb1306b14a2.jpg",824,500,false],"2048x2048":["https:\/\/arantv.az\/wp-content\/uploads\/2025\/09\/5afca540db305dd0c0f90eb1306b14a2.jpg",824,500,false],"post-thumbnail":["https:\/\/arantv.az\/wp-content\/uploads\/2025\/09\/5afca540db305dd0c0f90eb1306b14a2-240x172.jpg",240,172,true],"advps-thumb-one":["https:\/\/arantv.az\/wp-content\/uploads\/2025\/09\/5afca540db305dd0c0f90eb1306b14a2.jpg",824,500,false]},"rttpg_author":{"display_name":"V\u00fcsal Rafiqo\u011flu","author_link":"https:\/\/arantv.az\/?author=2"},"rttpg_comment":0,"rttpg_category":"<a href=\"https:\/\/arantv.az\/?cat=19\" rel=\"category\">G\u00fcnd\u0259m<\/a>","rttpg_excerpt":"Z\u0259ng\u0259zur yolu (Tramp d\u0259hlizi) il\u0259 ba\u011fl\u0131 Az\u0259rbaycan, Erm\u0259nistan v\u0259 AB\u015e aras\u0131nda m\u00fc\u0259yy\u0259n raz\u0131l\u0131q \u0259ld\u0259 olunub. Ancaq bu istiqam\u0259td\u0259 h\u0259l\u0259 yekun s\u0259n\u0259d imzalanmay\u0131b. Bir s\u0131ra q\u00fcvv\u0259l\u0259rin is\u0259 bu layih\u0259nin realla\u015fmas\u0131na qar\u015f\u0131 yersiz \u00e7\u0131x\u0131\u015flar\u0131 davam edir. \u0130randak\u0131 m\u00fc\u0259yy\u0259n dair\u0259l\u0259r, konkret olaraq hakimiyy\u0259tdaxili m\u00fchafiz\u0259kar x\u0259tt n\u00fcmay\u0259nd\u0259l\u0259ri, \u0130nqilab Ke\u015fik\u00e7il\u0259ri Qvardiyas\u0131 (Sepah) ona qar\u015f\u0131 m\u00fcxt\u0259lif s\u0259viyy\u0259l\u0259rd\u0259 t\u0259bli\u011fat apar\u0131r. \u00d6t\u0259n g\u00fcn&hellip;","_links":{"self":[{"href":"https:\/\/arantv.az\/index.php?rest_route=\/wp\/v2\/posts\/824341"}],"collection":[{"href":"https:\/\/arantv.az\/index.php?rest_route=\/wp\/v2\/posts"}],"about":[{"href":"https:\/\/arantv.az\/index.php?rest_route=\/wp\/v2\/types\/post"}],"author":[{"embeddable":true,"href":"https:\/\/arantv.az\/index.php?rest_route=\/wp\/v2\/users\/2"}],"replies":[{"embeddable":true,"href":"https:\/\/arantv.az\/index.php?rest_route=%2Fwp%2Fv2%2Fcomments&post=824341"}],"version-history":[{"count":1,"href":"https:\/\/arantv.az\/index.php?rest_route=\/wp\/v2\/posts\/824341\/revisions"}],"predecessor-version":[{"id":824343,"href":"https:\/\/arantv.az\/index.php?rest_route=\/wp\/v2\/posts\/824341\/revisions\/824343"}],"wp:featuredmedia":[{"embeddable":true,"href":"https:\/\/arantv.az\/index.php?rest_route=\/wp\/v2\/media\/824342"}],"wp:attachment":[{"href":"https:\/\/arantv.az\/index.php?rest_route=%2Fwp%2Fv2%2Fmedia&parent=824341"}],"wp:term":[{"taxonomy":"category","embeddable":true,"href":"https:\/\/arantv.az\/index.php?rest_route=%2Fwp%2Fv2%2Fcategories&post=824341"},{"taxonomy":"post_tag","embeddable":true,"href":"https:\/\/arantv.az\/index.php?rest_route=%2Fwp%2Fv2%2Ftags&post=824341"}],"curies":[{"name":"wp","href":"https:\/\/api.w.org\/{rel}","templated":true}]}}