{"id":824365,"date":"2025-09-03T17:34:01","date_gmt":"2025-09-03T13:34:01","guid":{"rendered":"https:\/\/arantv.az\/?p=824365"},"modified":"2025-09-03T17:34:01","modified_gmt":"2025-09-03T13:34:01","slug":"az%c9%99rbaycan-bu-olk%c9%99d%c9%99-s%c9%99firlik-acacaq-2","status":"publish","type":"post","link":"https:\/\/arantv.az\/?p=824365","title":{"rendered":"Az\u0259rbaycan bu \u00f6lk\u0259d\u0259 s\u0259firlik a\u00e7acaq"},"content":{"rendered":"<p><strong>Az\u0259rbaycan Respublikas\u0131n\u0131n B\u0259hreyn Krall\u0131\u011f\u0131nda s\u0259firliyi t\u0259sis edil\u0259c\u0259k.<\/strong><\/p>\n<p><strong>ARANTV.AZ\u00a0 <\/strong>x\u0259b\u0259r verir ki, bununla ba\u011fl\u0131 m\u0259s\u0259l\u0259 Milli M\u0259clisin Beyn\u0259lxalq m\u00fcnasib\u0259tl\u0259r v\u0259 parlamentl\u0259raras\u0131 \u0259laq\u0259l\u0259r komit\u0259sinin sentyabr\u0131n 10-da ke\u00e7iril\u0259c\u0259k iclas\u0131n\u0131n g\u00fcnd\u0259liyin\u0259 daxil edilib.<\/p>\n<p>\u201cAz\u0259rbaycan Respublikas\u0131n\u0131n B\u0259hreyn Krall\u0131\u011f\u0131nda (Manama \u015e\u0259h\u0259rind\u0259) S\u0259firliyinin t\u0259sis edilm\u0259si haqq\u0131nda\u201d qanun layih\u0259si komit\u0259d\u0259 m\u00fczakir\u0259 edil\u0259c\u0259k.<\/p>\n","protected":false},"excerpt":{"rendered":"<p>Az\u0259rbaycan Respublikas\u0131n\u0131n B\u0259hreyn Krall\u0131\u011f\u0131nda s\u0259firliyi t\u0259sis edil\u0259c\u0259k. ARANTV.AZ\u00a0 x\u0259b\u0259r verir ki, bununla ba\u011fl\u0131 m\u0259s\u0259l\u0259 Milli M\u0259clisin Beyn\u0259lxalq m\u00fcnasib\u0259tl\u0259r v\u0259 parlamentl\u0259raras\u0131 \u0259laq\u0259l\u0259r komit\u0259sinin sentyabr\u0131n 10-da ke\u00e7iril\u0259c\u0259k iclas\u0131n\u0131n g\u00fcnd\u0259liyin\u0259 daxil edilib. \u201cAz\u0259rbaycan Respublikas\u0131n\u0131n B\u0259hreyn Krall\u0131\u011f\u0131nda (Manama \u015e\u0259h\u0259rind\u0259) S\u0259firliyinin t\u0259sis edilm\u0259si haqq\u0131nda\u201d qanun layih\u0259si komit\u0259d\u0259 m\u00fczakir\u0259 edil\u0259c\u0259k.<\/p>\n","protected":false},"author":2,"featured_media":824366,"comment_status":"closed","ping_status":"closed","sticky":false,"template":"","format":"standard","meta":{"om_disable_all_campaigns":false,"_monsterinsights_skip_tracking":false,"_monsterinsights_sitenote_active":false,"_monsterinsights_sitenote_note":"","_monsterinsights_sitenote_category":0},"categories":[19],"tags":[],"aioseo_notices":[],"gutentor_comment":0,"rttpg_featured_image_url":{"full":["https:\/\/arantv.az\/wp-content\/uploads\/2025\/09\/1a66dd679897e6f154c8d63bd9f8ef18.jpg",640,362,false],"landscape":["https:\/\/arantv.az\/wp-content\/uploads\/2025\/09\/1a66dd679897e6f154c8d63bd9f8ef18.jpg",640,362,false],"portraits":["https:\/\/arantv.az\/wp-content\/uploads\/2025\/09\/1a66dd679897e6f154c8d63bd9f8ef18.jpg",640,362,false],"thumbnail":["https:\/\/arantv.az\/wp-content\/uploads\/2025\/09\/1a66dd679897e6f154c8d63bd9f8ef18-500x280.jpg",500,280,true],"medium":["https:\/\/arantv.az\/wp-content\/uploads\/2025\/09\/1a66dd679897e6f154c8d63bd9f8ef18.jpg",640,362,false],"large":["https:\/\/arantv.az\/wp-content\/uploads\/2025\/09\/1a66dd679897e6f154c8d63bd9f8ef18.jpg",640,362,false],"1536x1536":["https:\/\/arantv.az\/wp-content\/uploads\/2025\/09\/1a66dd679897e6f154c8d63bd9f8ef18.jpg",640,362,false],"2048x2048":["https:\/\/arantv.az\/wp-content\/uploads\/2025\/09\/1a66dd679897e6f154c8d63bd9f8ef18.jpg",640,362,false],"post-thumbnail":["https:\/\/arantv.az\/wp-content\/uploads\/2025\/09\/1a66dd679897e6f154c8d63bd9f8ef18-240x172.jpg",240,172,true],"advps-thumb-one":["https:\/\/arantv.az\/wp-content\/uploads\/2025\/09\/1a66dd679897e6f154c8d63bd9f8ef18.jpg",640,362,false]},"rttpg_author":{"display_name":"V\u00fcsal Rafiqo\u011flu","author_link":"https:\/\/arantv.az\/?author=2"},"rttpg_comment":0,"rttpg_category":"<a href=\"https:\/\/arantv.az\/?cat=19\" rel=\"category\">G\u00fcnd\u0259m<\/a>","rttpg_excerpt":"Az\u0259rbaycan Respublikas\u0131n\u0131n B\u0259hreyn Krall\u0131\u011f\u0131nda s\u0259firliyi t\u0259sis edil\u0259c\u0259k. ARANTV.AZ\u00a0 x\u0259b\u0259r verir ki, bununla ba\u011fl\u0131 m\u0259s\u0259l\u0259 Milli M\u0259clisin Beyn\u0259lxalq m\u00fcnasib\u0259tl\u0259r v\u0259 parlamentl\u0259raras\u0131 \u0259laq\u0259l\u0259r komit\u0259sinin sentyabr\u0131n 10-da ke\u00e7iril\u0259c\u0259k iclas\u0131n\u0131n g\u00fcnd\u0259liyin\u0259 daxil edilib. \u201cAz\u0259rbaycan Respublikas\u0131n\u0131n B\u0259hreyn Krall\u0131\u011f\u0131nda (Manama \u015e\u0259h\u0259rind\u0259) S\u0259firliyinin t\u0259sis edilm\u0259si haqq\u0131nda\u201d qanun layih\u0259si komit\u0259d\u0259 m\u00fczakir\u0259 edil\u0259c\u0259k.","_links":{"self":[{"href":"https:\/\/arantv.az\/index.php?rest_route=\/wp\/v2\/posts\/824365"}],"collection":[{"href":"https:\/\/arantv.az\/index.php?rest_route=\/wp\/v2\/posts"}],"about":[{"href":"https:\/\/arantv.az\/index.php?rest_route=\/wp\/v2\/types\/post"}],"author":[{"embeddable":true,"href":"https:\/\/arantv.az\/index.php?rest_route=\/wp\/v2\/users\/2"}],"replies":[{"embeddable":true,"href":"https:\/\/arantv.az\/index.php?rest_route=%2Fwp%2Fv2%2Fcomments&post=824365"}],"version-history":[{"count":1,"href":"https:\/\/arantv.az\/index.php?rest_route=\/wp\/v2\/posts\/824365\/revisions"}],"predecessor-version":[{"id":824367,"href":"https:\/\/arantv.az\/index.php?rest_route=\/wp\/v2\/posts\/824365\/revisions\/824367"}],"wp:featuredmedia":[{"embeddable":true,"href":"https:\/\/arantv.az\/index.php?rest_route=\/wp\/v2\/media\/824366"}],"wp:attachment":[{"href":"https:\/\/arantv.az\/index.php?rest_route=%2Fwp%2Fv2%2Fmedia&parent=824365"}],"wp:term":[{"taxonomy":"category","embeddable":true,"href":"https:\/\/arantv.az\/index.php?rest_route=%2Fwp%2Fv2%2Fcategories&post=824365"},{"taxonomy":"post_tag","embeddable":true,"href":"https:\/\/arantv.az\/index.php?rest_route=%2Fwp%2Fv2%2Ftags&post=824365"}],"curies":[{"name":"wp","href":"https:\/\/api.w.org\/{rel}","templated":true}]}}