{"id":824372,"date":"2025-09-03T17:35:42","date_gmt":"2025-09-03T13:35:42","guid":{"rendered":"https:\/\/arantv.az\/?p=824372"},"modified":"2025-09-03T17:35:42","modified_gmt":"2025-09-03T13:35:42","slug":"3-sentyabr-tarixi-sad%c9%99c%c9%99-siradan-bir-gun-deyildi-bu-boyuk-lideri","status":"publish","type":"post","link":"https:\/\/arantv.az\/?p=824372","title":{"rendered":"\u201c3 sentyabr tarixi sad\u0259c\u0259 s\u0131radan bir g\u00fcn deyildi, bu, B\u00f6y\u00fck Lideri&#8230;\u201d"},"content":{"rendered":"<p><strong>\u201c3 sentyabr 1991-ci il Az\u0259rbaycan\u0131n m\u00fcasir d\u00f6vl\u0259t\u00e7ilik tarixind\u0259 \u0259lam\u0259tdar bir g\u00fcnd\u00fcr. Bu tarix xalq\u0131m\u0131z\u0131n m\u00fcst\u0259qillik yolunda atd\u0131\u011f\u0131 \u0259n m\u00fch\u00fcm add\u0131mlardan biri kimi yadda qal\u0131b. H\u0259min g\u00fcn Nax\u00e7\u0131van Muxtar Respublikas\u0131 Ali M\u0259clisind\u0259 ke\u00e7iril\u0259n f\u00f6vq\u0259lad\u0259 sessiyada deputatlar\u0131n v\u0259 iclas zal\u0131n\u0131n qar\u015f\u0131s\u0131na topla\u015fan minl\u0259rl\u0259 insan\u0131n t\u0259kidi il\u0259 xalq\u0131m\u0131z\u0131n xilaskar\u0131, m\u00fcst\u0259qil Az\u0259rbaycan Respublikas\u0131n\u0131n qurucusu v\u0259 memar\u0131, \u00dcmummilli Lider Heyd\u0259r \u018fliyev Ali M\u0259clisin s\u0259dri se\u00e7ildi\u201d.<\/strong><\/p>\n<p><strong>ARANTV.AZ <\/strong>\u00a0x\u0259b\u0259r verir ki, bu fikirl\u0259ri Milli M\u0259clisin M\u00fcdafi\u0259, t\u0259hl\u00fck\u0259sizlik v\u0259 korrupsiya il\u0259 m\u00fcbariz\u0259 komit\u0259sinin \u00fczv\u00fc S\u0259bin\u0259 Salmanova deyib.<\/p>\n<p><img loading=\"lazy\" src=\"https:\/\/cdn.musavat.com\/news\/thumbnails\/b4626578a2da04e5511644c0a987e3fa.jpg\" alt=\"SAB\u0130NA SON.jpeg (247 KB)\" width=\"700\" height=\"466\" \/><\/p>\n<p><strong>Deputat xat\u0131rlad\u0131b ki, 1991-ci ilin 3 sentyabr tarixi sad\u0259c\u0259 s\u0131radan bir g\u00fcn deyildi:<\/strong><\/p>\n<p>\u201cBu, 70 ild\u0259n art\u0131q m\u00fcdd\u0259t \u0259rzind\u0259 m\u00fcst\u0259qillik arzusunda ya\u015fayan xalq\u0131m\u0131z\u0131n \u00f6z\u00fcnd\u0259 b\u00f6y\u00fck g\u00fcc taparaq B\u00f6y\u00fck Lideri il\u0259 yeni bir m\u00fcbariz\u0259y\u0259 ba\u015flad\u0131\u011f\u0131 g\u00fcn idi. H\u0259min g\u00fcn d\u00f6vl\u0259t\u00e7ilik tariximizin \u0259n m\u00fch\u00fcm hadis\u0259l\u0259rind\u0259n biri kimi yadda qald\u0131. Xalq\u0131n itm\u0259kd\u0259 olan \u00fcmidl\u0259ri dir\u00e7\u0259ldi, g\u0259l\u0259c\u0259y\u0259 inam\u0131 daha da g\u00fccl\u0259ndi. Ulu \u00d6nd\u0259rin Ali M\u0259clisin S\u0259dri kimi f\u0259aliyy\u0259ti yaln\u0131z Nax\u00e7\u0131vanda deyil, b\u00fct\u00fcn Az\u0259rbaycan \u00fczr\u0259 \u00f6lk\u0259mizin g\u0259l\u0259c\u0259yin\u0259 inam\u0131 art\u0131rd\u0131. Az\u0259rbaycan\u0131n dig\u0259r b\u00f6lg\u0259l\u0259rind\u0259 ya\u015fayan insanlar b\u00f6y\u00fck d\u00f6vl\u0259t xadimin\u0259 teleqramlar, m\u0259ktublar g\u00f6nd\u0259r\u0259r\u0259k, qar\u015f\u0131la\u015fd\u0131qlar\u0131 \u00e7\u0259tinlikl\u0259rin v\u0259 b\u0259lalar\u0131n Onun uzaqg\u00f6r\u0259n siyas\u0259ti n\u0259tic\u0259sind\u0259 h\u0259ll olunaca\u011f\u0131na inamlar\u0131n\u0131 bildirirdil\u0259r. Bu proses g\u00f6st\u0259rdi ki, \u00dcmummilli Liderin siyasi hakimiyy\u0259t\u0259 qay\u0131d\u0131\u015f\u0131 getdikc\u0259 z\u0259rur\u0259t\u0259 \u00e7evrilirdi\u201d.<\/p>\n<p><strong>S.Salmanova vur\u011fulay\u0131b ki, Az\u0259rbaycan xalq \u0259min idi ki, \u00f6lk\u0259ni a\u011f\u0131r siyasi b\u00f6hrandan \u00e7\u0131xarma\u011f\u0131n, torpaqlar\u0131n itirilm\u0259si t\u0259hl\u00fck\u0259sind\u0259n xilas etm\u0259yin yegan\u0259 yolu Heyd\u0259r \u018fliyevin r\u0259hb\u0259rliyin\u0259 qay\u0131d\u0131\u015f\u0131d\u0131r:<\/strong><\/p>\n<p>\u201cXalq\u0131m\u0131z\u0131n ist\u0259yi il\u0259 Ulu \u00d6nd\u0259r Nax\u00e7\u0131vandan Bak\u0131ya d\u0259v\u0259t olundu v\u0259 q\u0131sa m\u00fcdd\u0259t \u0259rzind\u0259 Az\u0259rbaycan demokratik prinsipl\u0259r\u0259 sadiq bir d\u00f6vl\u0259t kimi s\u00fcr\u0259tl\u0259 inki\u015faf etm\u0259y\u0259 ba\u015flad\u0131. \u00d6lk\u0259miz beyn\u0259lxalq al\u0259md\u0259 tan\u0131nd\u0131 v\u0259 d\u00fcnya birliyin\u0259 inteqrasiya yolunda b\u00f6y\u00fck nailiyy\u0259tl\u0259r qazand\u0131\u201d.<\/p>\n<p><strong>Parlamentari s\u00f6yl\u0259yib ki, g\u00f6rk\u0259mli d\u00f6vl\u0259t xadimi Heyd\u0259r \u018fliyevin h\u0259m Ali M\u0259clisin S\u0259dri oldu\u011fu, h\u0259m d\u0259 Az\u0259rbaycan Respublikas\u0131n\u0131n r\u0259hb\u0259ri kimi f\u0259aliyy\u0259ti d\u00f6vr\u00fc \u00f6lk\u0259d\u0259 m\u00fcst\u0259qil d\u00f6vl\u0259t\u00e7iliyin m\u00f6hk\u0259ml\u0259ndirilm\u0259si v\u0259 inki\u015faf etdirilm\u0259si il\u0259 yadda qal\u0131b:<\/strong><\/p>\n<p>\u201c\u00c7\u0259tin v\u0259 m\u00fcr\u0259kk\u0259b d\u00f6vrd\u0259 Ulu \u00d6nd\u0259rin yorulmaz m\u00fcbariz\u0259si yeni bir epoxan\u0131n ba\u015flan\u011f\u0131c\u0131 oldu. Bu epoxa Az\u0259rbaycan\u0131n xilas\u0131, inki\u015faf\u0131 v\u0259 t\u0259r\u0259qqisi epoxas\u0131d\u0131r. Milli birliyimizi qorumaq, d\u00f6vl\u0259t\u00e7iliy\u0259 s\u0259daq\u0259tl\u0259 xidm\u0259t etm\u0259k v\u0259 g\u0259l\u0259c\u0259k n\u0259sill\u0259r\u0259 u\u011furlu \u00f6rn\u0259k g\u00f6st\u0259rm\u0259k h\u0259r birimizin v\u0259zif\u0259sidir.<\/p>\n<p>Bel\u0259likl\u0259, 3 sentyabr h\u0259m d\u0259 xalq\u0131m\u0131z\u0131n b\u00f6y\u00fck lideri Heyd\u0259r \u018fliyevin uzaqg\u00f6r\u0259n siyas\u0259ti v\u0259 yorulmaz f\u0259aliyy\u0259ti n\u0259tic\u0259sind\u0259 Az\u0259rbaycan\u0131n m\u00fcst\u0259qillik yolunda qazand\u0131\u011f\u0131 tarixi nailiyy\u0259tl\u0259rin r\u0259mzidir. Bu g\u00fcn biz Ulu \u00d6nd\u0259rin ideyalar\u0131n\u0131 ya\u015fatmaqla, d\u00f6vl\u0259timizi daha da g\u00fccl\u00fc, m\u00fcst\u0259qil v\u0259 firavan bir \u00f6lk\u0259 kimi inki\u015faf etdirm\u0259k \u00fc\u00e7\u00fcn bir daha \u0259zml\u0259 \u00e7al\u0131\u015fmal\u0131y\u0131q\u201d.<\/p>\n<p><strong>S.Salmanova bildirib ki, bu g\u00fcn Ulu \u00d6nd\u0259rin ba\u015flatd\u0131\u011f\u0131 uzaqg\u00f6r\u0259n siyas\u0259t Prezident \u0130lham \u018fliyev t\u0259r\u0259find\u0259n u\u011furla davam etdirilir:<\/strong><\/p>\n<p>\u201c\u00d6lk\u0259miz h\u0259m milli maraqlar\u0131n qorunmas\u0131, h\u0259m d\u0259 d\u00f6vl\u0259t\u00e7iliyin m\u00f6hk\u0259ml\u0259ndirilm\u0259si sah\u0259sind\u0259 \u0259h\u0259miyy\u0259tli u\u011furlar \u0259ld\u0259 edib. Eyni zamanda iqtisadi inki\u015faf, sosial rifah\u0131n y\u00fcks\u0259ldilm\u0259si v\u0259 strateji islahatlar \u00f6lk\u0259mizi dayan\u0131ql\u0131 v\u0259 perspektivli bir d\u00f6vl\u0259t\u0259 \u00e7evirib. Prezidentin r\u0259hb\u0259rliyi alt\u0131nda Az\u0259rbaycan\u0131n beyn\u0259lxalq al\u0259md\u0259 m\u00f6vqeyi daha da g\u00fccl\u0259nir, \u00f6lk\u0259mizin s\u0259si v\u0259 n\u00fcfuzu d\u00fcnya arenas\u0131nda y\u00fcks\u0259k qiym\u0259tl\u0259ndirilir. Eyni zamanda, g\u0259nc n\u0259silin v\u0259t\u0259np\u0259rv\u0259rlik ruhunda t\u0259rbiy\u0259si, milli-m\u0259n\u0259vi d\u0259y\u0259rl\u0259r\u0259 sadiqliyi d\u00f6vl\u0259t siyas\u0259tinin \u0259sas prioritetl\u0259rind\u0259n biri kimi diqq\u0259t m\u0259rk\u0259zind\u0259 saxlan\u0131l\u0131r. Bu siyas\u0259t yaln\u0131z indiki n\u0259sill\u0259r\u0259 deyil, g\u0259l\u0259c\u0259k n\u0259sill\u0259r\u0259 d\u0259 \u00f6rn\u0259kdir v\u0259 Ulu \u00d6nd\u0259rin ideyalar\u0131n\u0131n ya\u015fad\u0131lmas\u0131n\u0131n t\u0259minat\u0131d\u0131r. Az\u0259rbaycan\u0131n firavan v\u0259 m\u00fcst\u0259qil g\u0259l\u0259c\u0259yi, h\u0259m\u00e7inin torpaqlar\u0131m\u0131z\u0131n azadl\u0131\u011f\u0131, iqtisadi u\u011furlar v\u0259 g\u00fccl\u00fc d\u00f6vl\u0259t quruculu\u011fu Prezident t\u0259r\u0259find\u0259n u\u011furla davam etdiril\u0259n bu siyas\u0259tin n\u0259tic\u0259sidir. Bu proses g\u00f6st\u0259rir ki, xalq\u0131m\u0131z\u0131n \u0259ld\u0259 etdiyi nailiyy\u0259tl\u0259r m\u00f6hk\u0259m t\u0259m\u0259l \u00fcz\u0259rind\u0259 qurulub v\u0259 g\u0259l\u0259c\u0259kd\u0259 d\u0259 daha b\u00f6y\u00fck inki\u015faf \u00fc\u00e7\u00fcn z\u0259min yarad\u0131b\u201d.<\/p>\n<p><strong>Cavan\u015fir ABBASLI<\/strong><br \/>\n<strong>Musavat.com<\/strong><\/p>\n","protected":false},"excerpt":{"rendered":"<p>\u201c3 sentyabr 1991-ci il Az\u0259rbaycan\u0131n m\u00fcasir d\u00f6vl\u0259t\u00e7ilik tarixind\u0259 \u0259lam\u0259tdar bir g\u00fcnd\u00fcr. Bu tarix xalq\u0131m\u0131z\u0131n m\u00fcst\u0259qillik yolunda atd\u0131\u011f\u0131 \u0259n m\u00fch\u00fcm add\u0131mlardan biri kimi yadda qal\u0131b. H\u0259min g\u00fcn Nax\u00e7\u0131van Muxtar Respublikas\u0131 Ali M\u0259clisind\u0259 ke\u00e7iril\u0259n f\u00f6vq\u0259lad\u0259 sessiyada deputatlar\u0131n v\u0259 iclas zal\u0131n\u0131n qar\u015f\u0131s\u0131na topla\u015fan minl\u0259rl\u0259 insan\u0131n t\u0259kidi il\u0259 xalq\u0131m\u0131z\u0131n xilaskar\u0131, m\u00fcst\u0259qil Az\u0259rbaycan Respublikas\u0131n\u0131n qurucusu v\u0259 memar\u0131, \u00dcmummilli Lider Heyd\u0259r \u018fliyev Ali M\u0259clisin s\u0259dri se\u00e7ildi\u201d. ARANTV.AZ \u00a0x\u0259b\u0259r verir ki, bu fikirl\u0259ri Milli M\u0259clisin M\u00fcdafi\u0259, t\u0259hl\u00fck\u0259sizlik v\u0259 korrupsiya il\u0259 m\u00fcbariz\u0259 komit\u0259sinin \u00fczv\u00fc S\u0259bin\u0259 Salmanova deyib. Deputat xat\u0131rlad\u0131b ki, 1991-ci ilin 3 sentyabr tarixi sad\u0259c\u0259 s\u0131radan bir&hellip;<\/p>\n","protected":false},"author":2,"featured_media":824373,"comment_status":"closed","ping_status":"closed","sticky":false,"template":"","format":"standard","meta":{"om_disable_all_campaigns":false,"_monsterinsights_skip_tracking":false,"_monsterinsights_sitenote_active":false,"_monsterinsights_sitenote_note":"","_monsterinsights_sitenote_category":0},"categories":[4],"tags":[],"aioseo_notices":[],"gutentor_comment":0,"rttpg_featured_image_url":{"full":["https:\/\/arantv.az\/wp-content\/uploads\/2025\/09\/3d4cdf640638a1b768905acc8beab798.jpg",870,500,false],"landscape":["https:\/\/arantv.az\/wp-content\/uploads\/2025\/09\/3d4cdf640638a1b768905acc8beab798.jpg",870,500,false],"portraits":["https:\/\/arantv.az\/wp-content\/uploads\/2025\/09\/3d4cdf640638a1b768905acc8beab798.jpg",870,500,false],"thumbnail":["https:\/\/arantv.az\/wp-content\/uploads\/2025\/09\/3d4cdf640638a1b768905acc8beab798-500x280.jpg",500,280,true],"medium":["https:\/\/arantv.az\/wp-content\/uploads\/2025\/09\/3d4cdf640638a1b768905acc8beab798-635x365.jpg",635,365,true],"large":["https:\/\/arantv.az\/wp-content\/uploads\/2025\/09\/3d4cdf640638a1b768905acc8beab798-840x483.jpg",640,368,true],"1536x1536":["https:\/\/arantv.az\/wp-content\/uploads\/2025\/09\/3d4cdf640638a1b768905acc8beab798.jpg",870,500,false],"2048x2048":["https:\/\/arantv.az\/wp-content\/uploads\/2025\/09\/3d4cdf640638a1b768905acc8beab798.jpg",870,500,false],"post-thumbnail":["https:\/\/arantv.az\/wp-content\/uploads\/2025\/09\/3d4cdf640638a1b768905acc8beab798-240x172.jpg",240,172,true],"advps-thumb-one":["https:\/\/arantv.az\/wp-content\/uploads\/2025\/09\/3d4cdf640638a1b768905acc8beab798.jpg",870,500,false]},"rttpg_author":{"display_name":"V\u00fcsal Rafiqo\u011flu","author_link":"https:\/\/arantv.az\/?author=2"},"rttpg_comment":0,"rttpg_category":"<a href=\"https:\/\/arantv.az\/?cat=4\" rel=\"category\">Siyas\u0259t<\/a>","rttpg_excerpt":"\u201c3 sentyabr 1991-ci il Az\u0259rbaycan\u0131n m\u00fcasir d\u00f6vl\u0259t\u00e7ilik tarixind\u0259 \u0259lam\u0259tdar bir g\u00fcnd\u00fcr. Bu tarix xalq\u0131m\u0131z\u0131n m\u00fcst\u0259qillik yolunda atd\u0131\u011f\u0131 \u0259n m\u00fch\u00fcm add\u0131mlardan biri kimi yadda qal\u0131b. H\u0259min g\u00fcn Nax\u00e7\u0131van Muxtar Respublikas\u0131 Ali M\u0259clisind\u0259 ke\u00e7iril\u0259n f\u00f6vq\u0259lad\u0259 sessiyada deputatlar\u0131n v\u0259 iclas zal\u0131n\u0131n qar\u015f\u0131s\u0131na topla\u015fan minl\u0259rl\u0259 insan\u0131n t\u0259kidi il\u0259 xalq\u0131m\u0131z\u0131n xilaskar\u0131, m\u00fcst\u0259qil Az\u0259rbaycan Respublikas\u0131n\u0131n qurucusu v\u0259 memar\u0131, \u00dcmummilli Lider Heyd\u0259r&hellip;","_links":{"self":[{"href":"https:\/\/arantv.az\/index.php?rest_route=\/wp\/v2\/posts\/824372"}],"collection":[{"href":"https:\/\/arantv.az\/index.php?rest_route=\/wp\/v2\/posts"}],"about":[{"href":"https:\/\/arantv.az\/index.php?rest_route=\/wp\/v2\/types\/post"}],"author":[{"embeddable":true,"href":"https:\/\/arantv.az\/index.php?rest_route=\/wp\/v2\/users\/2"}],"replies":[{"embeddable":true,"href":"https:\/\/arantv.az\/index.php?rest_route=%2Fwp%2Fv2%2Fcomments&post=824372"}],"version-history":[{"count":1,"href":"https:\/\/arantv.az\/index.php?rest_route=\/wp\/v2\/posts\/824372\/revisions"}],"predecessor-version":[{"id":824374,"href":"https:\/\/arantv.az\/index.php?rest_route=\/wp\/v2\/posts\/824372\/revisions\/824374"}],"wp:featuredmedia":[{"embeddable":true,"href":"https:\/\/arantv.az\/index.php?rest_route=\/wp\/v2\/media\/824373"}],"wp:attachment":[{"href":"https:\/\/arantv.az\/index.php?rest_route=%2Fwp%2Fv2%2Fmedia&parent=824372"}],"wp:term":[{"taxonomy":"category","embeddable":true,"href":"https:\/\/arantv.az\/index.php?rest_route=%2Fwp%2Fv2%2Fcategories&post=824372"},{"taxonomy":"post_tag","embeddable":true,"href":"https:\/\/arantv.az\/index.php?rest_route=%2Fwp%2Fv2%2Ftags&post=824372"}],"curies":[{"name":"wp","href":"https:\/\/api.w.org\/{rel}","templated":true}]}}