{"id":824381,"date":"2025-09-03T17:41:58","date_gmt":"2025-09-03T13:41:58","guid":{"rendered":"https:\/\/arantv.az\/?p=824381"},"modified":"2025-09-03T17:41:58","modified_gmt":"2025-09-03T13:41:58","slug":"az%c9%99rbaycan-sanxay-%c9%99m%c9%99kdasliq-t%c9%99skilati-ucun-vacib-t%c9%99r%c9%99fdas-inkisafin-v%c9%99-rifahin-t%c9%99sviqind%c9%99-t%c9%99s%c9%99bbuskar-olk%c9%99dir","status":"publish","type":"post","link":"https:\/\/arantv.az\/?p=824381","title":{"rendered":"Az\u0259rbaycan \u015eanxay \u018fm\u0259kda\u015fl\u0131q T\u0259\u015fkilat\u0131 \u00fc\u00e7\u00fcn vacib t\u0259r\u0259fda\u015f, inki\u015faf\u0131n v\u0259 rifah\u0131n t\u0259\u015fviqind\u0259 t\u0259\u015f\u0259bb\u00fcskar \u00f6lk\u0259dir"},"content":{"rendered":"<p>Az\u0259rbaycan d\u00fcnyada s\u00fclh\u0259, inki\u015fafa v\u0259 \u0259m\u0259kda\u015fl\u0131\u011fa xidm\u0259t ed\u0259n bir s\u0131ra regional layih\u0259l\u0259rin m\u00fc\u0259llifl\u0259rind\u0259n biridir. \u00d6lk\u0259mizin \u0259rs\u0259y\u0259 g\u0259tirdiyi enerji v\u0259 n\u0259qliyyat mar\u015frutlar\u0131 qit\u0259l\u0259raras\u0131 u\u011furlu \u0259m\u0259kda\u015fl\u0131q formulu kimi bir \u00e7ox \u00f6lk\u0259nin enerji t\u0259hl\u00fck\u0259sizliyini, kommunikativ ba\u011flant\u0131lar\u0131n\u0131 v\u0259 rifah\u0131n\u0131 t\u0259min etm\u0259kd\u0259dir. D\u00f6vl\u0259t ba\u015f\u00e7\u0131m\u0131z\u0131n strateji h\u0259d\u0259fl\u0259rimizi tam t\u0259min ed\u0259n siyas\u0259ti say\u0259sind\u0259 beyn\u0259lxalq m\u00fcnasib\u0259tl\u0259r sistemind\u0259 \u00f6lk\u0259mizin \u0259h\u0259miyy\u0259ti, qlobal m\u0259s\u0259l\u0259l\u0259rd\u0259 h\u0259lledici rolu ild\u0259n-il\u0259 daha da art\u0131r\u0131r.<\/p>\n<p>\u201c\u015e\u018fT plyus\u201d format\u0131nda f\u0259al yer alan Az\u0259rbaycan \u00f6z\u00fcn\u0259m\u0259xsus t\u0259\u015f\u0259bb\u00fcskarl\u0131\u011f\u0131, n\u0259qliyyat-kommunikasiya formatlar\u0131n\u0131n yarad\u0131lmas\u0131 v\u0259 m\u00f6hk\u0259ml\u0259nm\u0259sin\u0259 verdiyi \u0259v\u0259zsiz t\u00f6hf\u0259l\u0259ri v\u0259 dig\u0259r m\u0259qs\u0259dy\u00f6nl\u00fc prinsipial add\u0131mlar\u0131 il\u0259 sadiq v\u0259 etibarl\u0131 t\u0259r\u0259fda\u015f oldu\u011funu n\u00fcmayi\u015f etdirir. Az\u0259rbaycan Prezidentinin bu formatda ke\u00e7iril\u0259n Zirv\u0259 g\u00f6r\u00fc\u015fl\u0259rind\u0259 i\u015ftirak etm\u0259si \u00f6lk\u0259mizin d\u00fcnya miqyas\u0131nda n\u00fcfuzunun v\u0259 \u00f6lk\u0259 r\u0259hb\u0259rin\u0259 g\u00f6st\u0259ril\u0259n y\u00fcks\u0259k ehtiram\u0131n bariz ifad\u0259sidir.<\/p>\n<p>\u00c7inin Tiencin \u015f\u0259h\u0259rind\u0259 ke\u00e7iril\u0259n n\u00f6vb\u0259ti Sammit\u0259 d\u0259v\u0259t olunmas\u0131 d\u00f6vl\u0259timizin ba\u015f\u00e7\u0131s\u0131na olan d\u0259rin h\u00f6rm\u0259tin, onun y\u00fcks\u0259k n\u00fcfuzunun, faydal\u0131 m\u00fczakir\u0259l\u0259rd\u0259, qlobal diskussiyalarda b\u00f6y\u00fck z\u0259kas\u0131ndan do\u011fan yeni ideyalar t\u0259qdimat\u0131na veril\u0259n x\u00fcsusi \u00f6n\u0259min n\u00fcmun\u0259sidir. \u201c\u015e\u018fT plyus\u201d format\u0131nda ke\u00e7iril\u0259n g\u00f6r\u00fc\u015f\u0259 20-d\u0259n \u00e7ox \u00f6lk\u0259nin lideri v\u0259 10 beyn\u0259lxalq t\u0259\u015fkilat r\u0259hb\u0259rinin qat\u0131lmas\u0131 v\u0259 toplant\u0131da Az\u0259rbaycan Prezidenti il\u0259 \u00e7oxsayl\u0131 ayr\u0131ca g\u00f6r\u00fc\u015fl\u0259rin ke\u00e7irilm\u0259si bir daha prinsipial v\u0259 taley\u00fckl\u00fc m\u0259s\u0259l\u0259l\u0259rd\u0259 Prezident \u0130lham \u018fliyevin oynad\u0131\u011f\u0131 vacib rolun g\u00f6st\u0259ricisidir.<\/p>\n<p>\u201c\u015e\u018fT plyus\u201d g\u00f6r\u00fc\u015f\u00fcnd\u0259 \u00e7\u0131x\u0131\u015f ed\u0259n Prezident \u0130lham \u018fliyevin mesajlar\u0131ndan ayd\u0131n oldu ki, Az\u0259rbaycan \u015e\u018fT-\u0259 \u00fczv olmasa da t\u0259\u015fkilata \u00fczv d\u00f6vl\u0259tl\u0259r il\u0259 konstruktiv, dostluq m\u00fcnasib\u0259tl\u0259rin\u0259 malikdir v\u0259 qar\u015f\u0131l\u0131ql\u0131 etimada \u0259saslanan m\u00fcnasib\u0259tl\u0259r daim m\u00f6hk\u0259ml\u0259nir. X\u00fcsusil\u0259 d\u0259 t\u0259\u015fkilat\u0131n \u0259sas g\u00fcc m\u0259rk\u0259zi v\u0259 siyasi ideoloji flaqman\u0131, h\u0259mt\u0259sis\u00e7isi olan \u00c7inl\u0259 h\u0259rt\u0259r\u0259fli strateji t\u0259r\u0259fda\u015fl\u0131q m\u00fcnasib\u0259tl\u0259rinin qurulmas\u0131, el\u0259c\u0259 d\u0259 \u015e\u018fT-d\u0259 f\u0259all\u0131\u011f\u0131 il\u0259 se\u00e7il\u0259n qarda\u015f t\u00fcrk d\u00f6vl\u0259tl\u0259ri &#8211; \u00d6zb\u0259kistan, Qazax\u0131stan v\u0259 Q\u0131r\u011f\u0131z\u0131stanla y\u00fcks\u0259k s\u0259viyy\u0259li mehriban \u0259laq\u0259l\u0259r ir\u0259lil\u0259y\u0259r\u0259k regional h\u0259d\u0259f prinsipl\u0259rind\u0259 eyni niyy\u0259ti n\u00fcmayi\u015f etdirir, qlobal m\u0259s\u0259l\u0259l\u0259rd\u0259 bu d\u00f6vl\u0259tl\u0259rl\u0259 Az\u0259rbaycan\u0131n m\u00f6vqeyini v\u0259 bax\u0131\u015flar\u0131n\u0131 eyni prizmada birl\u0259\u015fdirir.<\/p>\n<p>Prezident \u0130lham \u018fliyevin b\u0259yan etdiyi kimi \u015e\u018fT platformas\u0131nda \u0259m\u0259kda\u015fl\u0131\u011f\u0131n \u0259n m\u00fch\u00fcm u\u011furlar\u0131ndan biri Az\u0259rbaycanla \u00c7in aras\u0131nda s\u0259mimi dostluq m\u00fcnasib\u0259tl\u0259ri v\u0259 h\u0259rt\u0259r\u0259fli strateji t\u0259r\u0259fda\u015fl\u0131q ba\u011flar\u0131n\u0131n yeni m\u0259rh\u0259l\u0259y\u0259 adlamas\u0131d\u0131r. M\u0259hz Az\u0259rbaycan v\u0259 \u00c7inin r\u0259sm\u0259n strateji t\u0259r\u0259fda\u015fa \u00e7evrilm\u0259sind\u0259 h\u0259m d\u0259 bu format\u0131n u\u011furlu a\u00e7ar olmas\u0131n\u0131 unutmamal\u0131y\u0131q. Astanada ke\u00e7irilmi\u015f \u015e\u018fT Sammiti \u00e7\u0259r\u00e7iv\u0259sind\u0259 iki d\u00f6vl\u0259t strateji t\u0259r\u0259fda\u015fl\u0131\u011f\u0131n b\u00fcn\u00f6vr\u0259sini qoydu. Bu amil Bak\u0131 v\u0259 Pekinin \u015e\u018fT alyans\u0131nda \u00fcmumi inki\u015faf bax\u0131\u015flar\u0131n\u0131n \u00fcst-\u00fcst\u0259 d\u00fc\u015fd\u00fcy\u00fcn\u00fc \u015f\u0259rtl\u0259ndirir.<\/p>\n<p>Az\u0259rbaycan\u0131n bu sars\u0131lmaz irad\u0259si v\u0259 a\u00e7\u0131q dialoqlarda sonsuz humanizmi, tolerant m\u00f6vqeyi \u015e\u018fT-in ali liderl\u0259ri t\u0259r\u0259find\u0259n d\u0259 y\u00fcks\u0259k d\u0259y\u0259rl\u0259ndirilir. \u00c7in Xalq Respublikas\u0131n\u0131n S\u0259dri Si \u00c7inpinin vur\u011fulad\u0131\u011f\u0131 kimi Az\u0259rbaycan \u015eanxay \u018fm\u0259kda\u015fl\u0131q T\u0259\u015fkilat\u0131 il\u0259 \u0259laq\u0259l\u0259rin inki\u015faf\u0131nda \u0259v\u0259zsiz rola malikdir. Pekinin bu m\u00f6t\u0259b\u0259r v\u0259 n\u00fcfuzlu t\u0259\u015fkilatda d\u00f6vl\u0259timizin x\u00fcsusi f\u0259all\u0131\u011f\u0131n\u0131 t\u0259qdir etm\u0259si \u00e7oxt\u0259r\u0259fli dialoqun m\u00f6hk\u0259ml\u0259nm\u0259si, davaml\u0131 s\u00fclh\u0259 v\u0259 inki\u015fafa, habel\u0259 siyasi, iqtisadi-ticari, m\u0259d\u0259ni-humanitar \u0259m\u0259kda\u015fl\u0131q v\u0259 dig\u0259r aktual m\u0259s\u0259l\u0259l\u0259rd\u0259 \u0259zmkar roluna v\u0259 m\u00f6vqeyin\u0259 veril\u0259n ali qiym\u0259tdir.<\/p>\n<p>\u00c7in lideri Az\u0259rbaycan\u0131n \u015e\u018fT ail\u0259si \u00fc\u00e7\u00fcn vacib d\u00f6vl\u0259t oldu\u011funu v\u0259 t\u0259\u015fkilata \u00fczvl\u00fcy\u00fcn\u00fc d\u0259st\u0259kl\u0259y\u0259r\u0259k beyn\u0259lxalq s\u00fclh\u00fcn, t\u0259hl\u00fck\u0259sizliyin v\u0259 inki\u015faf\u0131n t\u0259\u015fviqind\u0259 \u00f6lk\u0259mizl\u0259 \u00e7oxt\u0259r\u0259fli birg\u0259 s\u0259yl\u0259rin daha \u00e7ox fayda ver\u0259c\u0259yin\u0259 \u0259minliyini bildirib.<\/p>\n<p>Bunun da bir ne\u00e7\u0259 fundamental s\u0259b\u0259bi var, Az\u0259rbaycan s\u0259drlik etdiyi v\u0259 \u00fczv\u00fc oldu\u011fu b\u00fct\u00fcn t\u0259sisatlarda \u00f6z\u00fcn\u00fcn m\u00fck\u0259mm\u0259l t\u0259\u015fkilat\u00e7\u0131l\u0131\u011f\u0131 v\u0259 formala\u015fd\u0131rd\u0131\u011f\u0131 h\u0259mr\u0259ylik q\u00fcdr\u0259ti il\u0259 diqq\u0259ti c\u0259lb edib. Qo\u015fulmama H\u0259r\u0259kat\u0131nda yaratd\u0131\u011f\u0131 n\u00fcmun\u0259vi model bir \u00e7ox beyn\u0259lxalq v\u0259 regional t\u0259sisatlar, o c\u00fcml\u0259d\u0259n \u015e\u018fT-in bir s\u0131ra \u00e7\u0259r\u00e7iv\u0259 anla\u015fmalar\u0131 \u00fc\u00e7\u00fcn faydal\u0131 yol x\u0259rit\u0259si kimi d\u0259 q\u0259bul edilir.<\/p>\n<p>Demokratik inki\u015faf\u0131n, geoiqtisadi nailiyy\u0259tl\u0259rin, r\u0259q\u0259msal intibah\u0131n v\u0259 m\u00fcasir texnoloji s\u0259naye inqilab\u0131na transformasiyan\u0131n s\u00fcr\u0259tl\u0259nm\u0259sind\u0259 \u015e\u018fT platformas\u0131 d\u00f6vl\u0259timiz \u00fc\u00e7\u00fcn x\u00fcsusi \u0259h\u0259miyy\u0259t da\u015f\u0131y\u0131r. Co\u011frafi h\u00fcdudlar bax\u0131m\u0131ndan, el\u0259c\u0259 d\u0259 demoqrafik faktor amilin\u0259 g\u00f6r\u0259, n\u0259h\u0259ng siyasi-iqtisadi arxitektura olan bu t\u0259\u015fkilata \u00fczv olan d\u00f6vl\u0259tl\u0259rin \u0259razisi Avrasiya qit\u0259sinin b\u00f6y\u00fck hiss\u0259sini t\u0259\u015fkil edir. Qlobal enerji-n\u0259qliyyat mar\u015frutlar\u0131n\u0131n b\u00f6y\u00fck bir qismi bu t\u0259sisat\u0131n co\u011frafi koordinasiyas\u0131ndad\u0131r. Habel\u0259 d\u00fcnyada iqtisadi resurs v\u0259 \u0259lav\u0259 d\u0259y\u0259r m\u0259nb\u0259l\u0259rinin, nominal \u00dcDM-in 24 faizi, real iqtisadiyyat\u0131n is\u0259 35 faizi bu qurumda birl\u0259\u015f\u0259n d\u00f6vl\u0259tl\u0259rin portfelind\u0259dir.<\/p>\n<p>Bu bax\u0131mdan \u015e\u018fT d\u00f6vl\u0259tl\u0259ri il\u0259 yax\u0131n t\u0259r\u0259fda\u015fl\u0131q qlobal layih\u0259l\u0259rd\u0259, \u0259l\u0259lx\u00fcsus da tranzit-logistika sah\u0259sind\u0259 b\u00f6y\u00fck potensiallar\u0131n birl\u0259\u015fdirilm\u0259si bax\u0131m\u0131ndan m\u00fch\u00fcm \u0259h\u0259miyy\u0259t k\u0259sb edir, \u00fcmumd\u00fcnya inki\u015faf h\u0259d\u0259fl\u0259rin\u0259 daha tez yax\u0131nla\u015fmaqda h\u0259lledici amill\u0259rd\u0259n biri kimi \u00e7\u0131x\u0131\u015f edir.<\/p>\n<p><em><strong>Ramid Namazov,<br \/>\n\u200bMilli M\u0259clisin deputat\u0131<\/strong><\/em><\/p>\n","protected":false},"excerpt":{"rendered":"<p>Az\u0259rbaycan d\u00fcnyada s\u00fclh\u0259, inki\u015fafa v\u0259 \u0259m\u0259kda\u015fl\u0131\u011fa xidm\u0259t ed\u0259n bir s\u0131ra regional layih\u0259l\u0259rin m\u00fc\u0259llifl\u0259rind\u0259n biridir. \u00d6lk\u0259mizin \u0259rs\u0259y\u0259 g\u0259tirdiyi enerji v\u0259 n\u0259qliyyat mar\u015frutlar\u0131 qit\u0259l\u0259raras\u0131 u\u011furlu \u0259m\u0259kda\u015fl\u0131q formulu kimi bir \u00e7ox \u00f6lk\u0259nin enerji t\u0259hl\u00fck\u0259sizliyini, kommunikativ ba\u011flant\u0131lar\u0131n\u0131 v\u0259 rifah\u0131n\u0131 t\u0259min etm\u0259kd\u0259dir. D\u00f6vl\u0259t ba\u015f\u00e7\u0131m\u0131z\u0131n strateji h\u0259d\u0259fl\u0259rimizi tam t\u0259min ed\u0259n siyas\u0259ti say\u0259sind\u0259 beyn\u0259lxalq m\u00fcnasib\u0259tl\u0259r sistemind\u0259 \u00f6lk\u0259mizin \u0259h\u0259miyy\u0259ti, qlobal m\u0259s\u0259l\u0259l\u0259rd\u0259 h\u0259lledici rolu ild\u0259n-il\u0259 daha da art\u0131r\u0131r. \u201c\u015e\u018fT plyus\u201d format\u0131nda f\u0259al yer alan Az\u0259rbaycan \u00f6z\u00fcn\u0259m\u0259xsus t\u0259\u015f\u0259bb\u00fcskarl\u0131\u011f\u0131, n\u0259qliyyat-kommunikasiya formatlar\u0131n\u0131n yarad\u0131lmas\u0131 v\u0259 m\u00f6hk\u0259ml\u0259nm\u0259sin\u0259 verdiyi \u0259v\u0259zsiz t\u00f6hf\u0259l\u0259ri v\u0259 dig\u0259r m\u0259qs\u0259dy\u00f6nl\u00fc prinsipial add\u0131mlar\u0131 il\u0259 sadiq v\u0259 etibarl\u0131 t\u0259r\u0259fda\u015f oldu\u011funu n\u00fcmayi\u015f etdirir. Az\u0259rbaycan&hellip;<\/p>\n","protected":false},"author":2,"featured_media":824382,"comment_status":"closed","ping_status":"closed","sticky":false,"template":"","format":"standard","meta":{"om_disable_all_campaigns":false,"_monsterinsights_skip_tracking":false,"_monsterinsights_sitenote_active":false,"_monsterinsights_sitenote_note":"","_monsterinsights_sitenote_category":0},"categories":[19],"tags":[],"aioseo_notices":[],"gutentor_comment":0,"rttpg_featured_image_url":{"full":["https:\/\/arantv.az\/wp-content\/uploads\/2025\/09\/b299ad86175688866482357860010501060.jpg",975,540,false],"landscape":["https:\/\/arantv.az\/wp-content\/uploads\/2025\/09\/b299ad86175688866482357860010501060.jpg",975,540,false],"portraits":["https:\/\/arantv.az\/wp-content\/uploads\/2025\/09\/b299ad86175688866482357860010501060.jpg",975,540,false],"thumbnail":["https:\/\/arantv.az\/wp-content\/uploads\/2025\/09\/b299ad86175688866482357860010501060-500x280.jpg",500,280,true],"medium":["https:\/\/arantv.az\/wp-content\/uploads\/2025\/09\/b299ad86175688866482357860010501060-660x365.jpg",660,365,true],"large":["https:\/\/arantv.az\/wp-content\/uploads\/2025\/09\/b299ad86175688866482357860010501060-840x465.jpg",640,354,true],"1536x1536":["https:\/\/arantv.az\/wp-content\/uploads\/2025\/09\/b299ad86175688866482357860010501060.jpg",975,540,false],"2048x2048":["https:\/\/arantv.az\/wp-content\/uploads\/2025\/09\/b299ad86175688866482357860010501060.jpg",975,540,false],"post-thumbnail":["https:\/\/arantv.az\/wp-content\/uploads\/2025\/09\/b299ad86175688866482357860010501060-240x172.jpg",240,172,true],"advps-thumb-one":["https:\/\/arantv.az\/wp-content\/uploads\/2025\/09\/b299ad86175688866482357860010501060.jpg",975,540,false]},"rttpg_author":{"display_name":"V\u00fcsal Rafiqo\u011flu","author_link":"https:\/\/arantv.az\/?author=2"},"rttpg_comment":0,"rttpg_category":"<a href=\"https:\/\/arantv.az\/?cat=19\" rel=\"category\">G\u00fcnd\u0259m<\/a>","rttpg_excerpt":"Az\u0259rbaycan d\u00fcnyada s\u00fclh\u0259, inki\u015fafa v\u0259 \u0259m\u0259kda\u015fl\u0131\u011fa xidm\u0259t ed\u0259n bir s\u0131ra regional layih\u0259l\u0259rin m\u00fc\u0259llifl\u0259rind\u0259n biridir. \u00d6lk\u0259mizin \u0259rs\u0259y\u0259 g\u0259tirdiyi enerji v\u0259 n\u0259qliyyat mar\u015frutlar\u0131 qit\u0259l\u0259raras\u0131 u\u011furlu \u0259m\u0259kda\u015fl\u0131q formulu kimi bir \u00e7ox \u00f6lk\u0259nin enerji t\u0259hl\u00fck\u0259sizliyini, kommunikativ ba\u011flant\u0131lar\u0131n\u0131 v\u0259 rifah\u0131n\u0131 t\u0259min etm\u0259kd\u0259dir. D\u00f6vl\u0259t ba\u015f\u00e7\u0131m\u0131z\u0131n strateji h\u0259d\u0259fl\u0259rimizi tam t\u0259min ed\u0259n siyas\u0259ti say\u0259sind\u0259 beyn\u0259lxalq m\u00fcnasib\u0259tl\u0259r sistemind\u0259 \u00f6lk\u0259mizin \u0259h\u0259miyy\u0259ti, qlobal m\u0259s\u0259l\u0259l\u0259rd\u0259 h\u0259lledici rolu&hellip;","_links":{"self":[{"href":"https:\/\/arantv.az\/index.php?rest_route=\/wp\/v2\/posts\/824381"}],"collection":[{"href":"https:\/\/arantv.az\/index.php?rest_route=\/wp\/v2\/posts"}],"about":[{"href":"https:\/\/arantv.az\/index.php?rest_route=\/wp\/v2\/types\/post"}],"author":[{"embeddable":true,"href":"https:\/\/arantv.az\/index.php?rest_route=\/wp\/v2\/users\/2"}],"replies":[{"embeddable":true,"href":"https:\/\/arantv.az\/index.php?rest_route=%2Fwp%2Fv2%2Fcomments&post=824381"}],"version-history":[{"count":1,"href":"https:\/\/arantv.az\/index.php?rest_route=\/wp\/v2\/posts\/824381\/revisions"}],"predecessor-version":[{"id":824383,"href":"https:\/\/arantv.az\/index.php?rest_route=\/wp\/v2\/posts\/824381\/revisions\/824383"}],"wp:featuredmedia":[{"embeddable":true,"href":"https:\/\/arantv.az\/index.php?rest_route=\/wp\/v2\/media\/824382"}],"wp:attachment":[{"href":"https:\/\/arantv.az\/index.php?rest_route=%2Fwp%2Fv2%2Fmedia&parent=824381"}],"wp:term":[{"taxonomy":"category","embeddable":true,"href":"https:\/\/arantv.az\/index.php?rest_route=%2Fwp%2Fv2%2Fcategories&post=824381"},{"taxonomy":"post_tag","embeddable":true,"href":"https:\/\/arantv.az\/index.php?rest_route=%2Fwp%2Fv2%2Ftags&post=824381"}],"curies":[{"name":"wp","href":"https:\/\/api.w.org\/{rel}","templated":true}]}}