{"id":824387,"date":"2025-09-03T21:59:17","date_gmt":"2025-09-03T17:59:17","guid":{"rendered":"https:\/\/arantv.az\/?p=824387"},"modified":"2025-09-03T21:59:17","modified_gmt":"2025-09-03T17:59:17","slug":"nato-rusiyaya-t%c9%99zyiql%c9%99ri-artirir-bas-katib-sos-siqnali-caldi","status":"publish","type":"post","link":"https:\/\/arantv.az\/?p=824387","title":{"rendered":"NATO Rusiyaya t\u0259zyiql\u0259ri art\u0131r\u0131r &#8211; ba\u015f katib &#8220;SOS&#8221; siqnal\u0131 \u00e7ald\u0131"},"content":{"rendered":"<p><strong>NATO-nun ba\u015f katibi Mark R\u00fctte alyans\u0131n m\u00fctt\u0259fiql\u0259rin\u0259 x\u0259b\u0259rdarl\u0131q ed\u0259r\u0259k Rusiya il\u0259 \u00fcmumi s\u0259rh\u0259di olmayan \u00f6lk\u0259l\u0259rin d\u0259 onun \u0259n yeni raket texnologiyalar\u0131na g\u00f6r\u0259 t\u0259hl\u00fck\u0259 alt\u0131nda oldu\u011funu bildirib. O, bunu L\u00fcksemburqda ke\u00e7iril\u0259n m\u0259tbuat konfrans\u0131nda b\u0259yan edib.<\/strong><\/p>\n<p>&#8220;G\u0259lin, sad\u0259l\u00f6vh olmayaq, bu, n\u0259 vaxtsa L\u00fcksemburqa v\u0259 m\u0259nim \u00f6lk\u0259m Niderlanda da t\u0259sir ed\u0259 bil\u0259r. \u0130ndi d\u00fc\u015f\u00fcn\u00fcr\u00fck ki, bizim \u00fc\u00e7\u00fcn t\u0259hl\u00fck\u0259 yoxdur v\u0259 Rusiyadan uzaqday\u0131q. Lakin \u0259n yeni raket texnologiyalar\u0131 kontekstind\u0259 Litva il\u0259 L\u00fcksemburq, Haaqa il\u0259 Madrid aras\u0131nda f\u0259rq \u00fc\u00e7-on d\u0259qiq\u0259dir. Raketin Avropan\u0131n bu hiss\u0259l\u0259rin\u0259 \u00e7atmas\u0131 \u00fc\u00e7\u00fcn m\u0259hz bu q\u0259d\u0259r vaxt laz\u0131md\u0131r&#8221;, &#8211; M.R\u00fctte qeyd edib.<\/p>\n<p>T\u0259hl\u00fck\u0259nin alyans\u0131n b\u00fct\u00fcn \u00fczvl\u0259rin\u0259 aid oldu\u011funu bir daha vur\u011fulayan ba\u015f katib AB\u015e-nin NATO-nun maraqlar\u0131na sadiqliyini t\u0259sdiql\u0259yib.<\/p>\n<p>&#8220;T\u0259hl\u00fck\u0259siz Birl\u0259\u015fmi\u015f \u015etatlar \u00fc\u00e7\u00fcn t\u0259hl\u00fck\u0259siz Atlantika, t\u0259hl\u00fck\u0259siz Avropa v\u0259 t\u0259hl\u00fck\u0259siz Arktika laz\u0131md\u0131r, \u0259ks halda AB\u015e-nin \u00f6z\u00fc d\u0259 t\u0259hl\u00fck\u0259 alt\u0131nda olacaq&#8221;, &#8211; o \u0259lav\u0259 edib.<\/p>\n<p><img loading=\"lazy\" src=\"https:\/\/cdn.musavat.com\/news\/thumbnails\/361f379cbffd39608caaf7f61f230446.jpg\" alt=\"kenan.jpg (34 KB)\" width=\"700\" height=\"500\" \/><\/p>\n<p>B\u00fct\u00fcn bunlarla ba\u011fl\u0131\u00a0<strong>politoloq K\u0259nan Novruzov Musavat.com<\/strong>-a bildirib ki,\u00a0ba\u015f katibin a\u00e7\u0131qlamas\u0131 kifay\u0259t q\u0259d\u0259r diqq\u0259t\u00e7\u0259k\u0259ndir:<\/p>\n<p>&#8220;Q\u0259rib\u0259dir, Rusiya 3 ildir Ukrayna m\u00fcharib\u0259si aparmas\u0131na, Q\u0259rbin t\u0259zyiql\u0259rin\u0259 m\u0259ruz qalmas\u0131na baxmayaraq, NATO h\u0259l\u0259 d\u0259 onun haqq\u0131nda ehtiyatla dan\u0131\u015f\u0131r. G\u00f6r\u00fcn\u00fcr, Moskva \u00f6z\u00fcn\u00fcn hegemonlu\u011funu qoruma\u011f\u0131 bacar\u0131r. T\u0259bii ki, bu, t\u0259sad\u00fcfi veril\u0259n a\u00e7\u0131qlama deyil. Ba\u015f katibin s\u0259sl\u0259ndirdiyi fikirl\u0259rin Q\u0259rb \u00f6lk\u0259l\u0259rind\u0259 ciddi ajiotaj yaratmas\u0131 da m\u00fcmk\u00fcnd\u00fcr.<\/p>\n<p>M\u0259s\u0259l\u0259 buras\u0131ndad\u0131r ki, faktiki olaraq bataql\u0131qda olmas\u0131na baxmayaraq, Rusiya h\u0259l\u0259 d\u0259 m\u00fc\u0259yy\u0259n siyasi, iqtisadi v\u0259 h\u0259rbi imkanlara malikdir. Kreml bu g\u00fcn dem\u0259k olar ki, b\u00fct\u00fcn Q\u0259rbl\u0259 m\u00fcbariz\u0259 apar\u0131r. Amma m\u00fcqavim\u0259t g\u00f6st\u0259r\u0259 bil\u0259r. Ola bilsin, el\u0259 bu m\u00fcqavim\u0259tin \u00f6z\u00fc d\u0259 NATO-nu qorxuya sal\u0131b.<\/p>\n<p>Mark R\u00fcttenin a\u00e7\u0131qlamas\u0131n\u0131 iki c\u00fcr ba\u015fa d\u00fc\u015fm\u0259k olar. Birincisi, ola bilsin, NATO Rusiyan\u0131n g\u00fcc\u00fcn\u00fc qabardaraq g\u0259l\u0259c\u0259kd\u0259 hans\u0131sa formada g\u00fcz\u0259\u015ft\u0259 getm\u0259y\u0259 haz\u0131rla\u015f\u0131r.<\/p>\n<p>\u0130kincisi, ola bilsin, NATO bunu \u0259sas g\u00f6t\u00fcr\u0259r\u0259k g\u00fccl\u0259nm\u0259 v\u0259 \u00f6z\u00fcn\u00fcm\u00fcdafi\u0259 ad\u0131 il\u0259 Rusiyaya qar\u015f\u0131 t\u0259zyiql\u0259ri art\u0131racaq.<\/p>\n<p>M\u0259nc\u0259, indiki situasiyada ikinci variant daha inand\u0131r\u0131c\u0131 g\u00f6r\u00fcn\u00fcr. H\u0259r\u00e7\u0259nd t\u0259\u015fkilat daxilind\u0259 Rusiya il\u0259 m\u00fcnasib\u0259tl\u0259rin g\u0259rginl\u0259\u015fm\u0259sind\u0259 maraql\u0131 olmayan aktorlar da var. \u018fn az\u0131ndan alyans\u0131n ikinci d\u00f6vl\u0259ti olan T\u00fcrkiy\u0259 bunu ist\u0259mir. G\u0259l\u0259c\u0259kd\u0259 NATO-nun Rusiyaya t\u0259zyiql\u0259ri art\u0131rmas\u0131 m\u00fcmk\u00fcnd\u00fcr&#8221;.<\/p>\n<p><strong>Cavan\u015fir ABBASLI<\/strong><br \/>\n<strong>Musavat.com<\/strong><\/p>\n","protected":false},"excerpt":{"rendered":"<p>NATO-nun ba\u015f katibi Mark R\u00fctte alyans\u0131n m\u00fctt\u0259fiql\u0259rin\u0259 x\u0259b\u0259rdarl\u0131q ed\u0259r\u0259k Rusiya il\u0259 \u00fcmumi s\u0259rh\u0259di olmayan \u00f6lk\u0259l\u0259rin d\u0259 onun \u0259n yeni raket texnologiyalar\u0131na g\u00f6r\u0259 t\u0259hl\u00fck\u0259 alt\u0131nda oldu\u011funu bildirib. O, bunu L\u00fcksemburqda ke\u00e7iril\u0259n m\u0259tbuat konfrans\u0131nda b\u0259yan edib. &#8220;G\u0259lin, sad\u0259l\u00f6vh olmayaq, bu, n\u0259 vaxtsa L\u00fcksemburqa v\u0259 m\u0259nim \u00f6lk\u0259m Niderlanda da t\u0259sir ed\u0259 bil\u0259r. \u0130ndi d\u00fc\u015f\u00fcn\u00fcr\u00fck ki, bizim \u00fc\u00e7\u00fcn t\u0259hl\u00fck\u0259 yoxdur v\u0259 Rusiyadan uzaqday\u0131q. Lakin \u0259n yeni raket texnologiyalar\u0131 kontekstind\u0259 Litva il\u0259 L\u00fcksemburq, Haaqa il\u0259 Madrid aras\u0131nda f\u0259rq \u00fc\u00e7-on d\u0259qiq\u0259dir. Raketin Avropan\u0131n bu hiss\u0259l\u0259rin\u0259 \u00e7atmas\u0131 \u00fc\u00e7\u00fcn m\u0259hz bu q\u0259d\u0259r vaxt laz\u0131md\u0131r&#8221;, &#8211; M.R\u00fctte qeyd edib.&hellip;<\/p>\n","protected":false},"author":2,"featured_media":824388,"comment_status":"closed","ping_status":"closed","sticky":false,"template":"","format":"standard","meta":{"om_disable_all_campaigns":false,"_monsterinsights_skip_tracking":false,"_monsterinsights_sitenote_active":false,"_monsterinsights_sitenote_note":"","_monsterinsights_sitenote_category":0},"categories":[4],"tags":[],"aioseo_notices":[],"gutentor_comment":0,"rttpg_featured_image_url":{"full":["https:\/\/arantv.az\/wp-content\/uploads\/2025\/09\/41f98d2095d8e44b6a42073db24f9348.jpg",700,450,false],"landscape":["https:\/\/arantv.az\/wp-content\/uploads\/2025\/09\/41f98d2095d8e44b6a42073db24f9348.jpg",700,450,false],"portraits":["https:\/\/arantv.az\/wp-content\/uploads\/2025\/09\/41f98d2095d8e44b6a42073db24f9348.jpg",700,450,false],"thumbnail":["https:\/\/arantv.az\/wp-content\/uploads\/2025\/09\/41f98d2095d8e44b6a42073db24f9348-500x280.jpg",500,280,true],"medium":["https:\/\/arantv.az\/wp-content\/uploads\/2025\/09\/41f98d2095d8e44b6a42073db24f9348-568x365.jpg",568,365,true],"large":["https:\/\/arantv.az\/wp-content\/uploads\/2025\/09\/41f98d2095d8e44b6a42073db24f9348.jpg",640,411,false],"1536x1536":["https:\/\/arantv.az\/wp-content\/uploads\/2025\/09\/41f98d2095d8e44b6a42073db24f9348.jpg",700,450,false],"2048x2048":["https:\/\/arantv.az\/wp-content\/uploads\/2025\/09\/41f98d2095d8e44b6a42073db24f9348.jpg",700,450,false],"post-thumbnail":["https:\/\/arantv.az\/wp-content\/uploads\/2025\/09\/41f98d2095d8e44b6a42073db24f9348-240x172.jpg",240,172,true],"advps-thumb-one":["https:\/\/arantv.az\/wp-content\/uploads\/2025\/09\/41f98d2095d8e44b6a42073db24f9348.jpg",700,450,false]},"rttpg_author":{"display_name":"V\u00fcsal Rafiqo\u011flu","author_link":"https:\/\/arantv.az\/?author=2"},"rttpg_comment":0,"rttpg_category":"<a href=\"https:\/\/arantv.az\/?cat=4\" rel=\"category\">Siyas\u0259t<\/a>","rttpg_excerpt":"NATO-nun ba\u015f katibi Mark R\u00fctte alyans\u0131n m\u00fctt\u0259fiql\u0259rin\u0259 x\u0259b\u0259rdarl\u0131q ed\u0259r\u0259k Rusiya il\u0259 \u00fcmumi s\u0259rh\u0259di olmayan \u00f6lk\u0259l\u0259rin d\u0259 onun \u0259n yeni raket texnologiyalar\u0131na g\u00f6r\u0259 t\u0259hl\u00fck\u0259 alt\u0131nda oldu\u011funu bildirib. O, bunu L\u00fcksemburqda ke\u00e7iril\u0259n m\u0259tbuat konfrans\u0131nda b\u0259yan edib. &#8220;G\u0259lin, sad\u0259l\u00f6vh olmayaq, bu, n\u0259 vaxtsa L\u00fcksemburqa v\u0259 m\u0259nim \u00f6lk\u0259m Niderlanda da t\u0259sir ed\u0259 bil\u0259r. \u0130ndi d\u00fc\u015f\u00fcn\u00fcr\u00fck ki, bizim \u00fc\u00e7\u00fcn t\u0259hl\u00fck\u0259&hellip;","_links":{"self":[{"href":"https:\/\/arantv.az\/index.php?rest_route=\/wp\/v2\/posts\/824387"}],"collection":[{"href":"https:\/\/arantv.az\/index.php?rest_route=\/wp\/v2\/posts"}],"about":[{"href":"https:\/\/arantv.az\/index.php?rest_route=\/wp\/v2\/types\/post"}],"author":[{"embeddable":true,"href":"https:\/\/arantv.az\/index.php?rest_route=\/wp\/v2\/users\/2"}],"replies":[{"embeddable":true,"href":"https:\/\/arantv.az\/index.php?rest_route=%2Fwp%2Fv2%2Fcomments&post=824387"}],"version-history":[{"count":1,"href":"https:\/\/arantv.az\/index.php?rest_route=\/wp\/v2\/posts\/824387\/revisions"}],"predecessor-version":[{"id":824389,"href":"https:\/\/arantv.az\/index.php?rest_route=\/wp\/v2\/posts\/824387\/revisions\/824389"}],"wp:featuredmedia":[{"embeddable":true,"href":"https:\/\/arantv.az\/index.php?rest_route=\/wp\/v2\/media\/824388"}],"wp:attachment":[{"href":"https:\/\/arantv.az\/index.php?rest_route=%2Fwp%2Fv2%2Fmedia&parent=824387"}],"wp:term":[{"taxonomy":"category","embeddable":true,"href":"https:\/\/arantv.az\/index.php?rest_route=%2Fwp%2Fv2%2Fcategories&post=824387"},{"taxonomy":"post_tag","embeddable":true,"href":"https:\/\/arantv.az\/index.php?rest_route=%2Fwp%2Fv2%2Ftags&post=824387"}],"curies":[{"name":"wp","href":"https:\/\/api.w.org\/{rel}","templated":true}]}}