{"id":824397,"date":"2025-09-03T22:04:00","date_gmt":"2025-09-03T18:04:00","guid":{"rendered":"https:\/\/arantv.az\/?p=824397"},"modified":"2025-09-03T22:04:00","modified_gmt":"2025-09-03T18:04:00","slug":"ictimai-n%c9%99qliyyatin-bu-novu-pulsuz-ola-bil%c9%99r","status":"publish","type":"post","link":"https:\/\/arantv.az\/?p=824397","title":{"rendered":"&#8220;\u0130ctimai n\u0259qliyyat\u0131n bu n\u00f6v\u00fc pulsuz ola bil\u0259r&#8221;"},"content":{"rendered":"<div class=\"text-content\" data-id=\"\" data-url=\"\">\n<p><strong>Sentyabr ay\u0131na q\u0259d\u0259m qoyandan yollarda n\u0259qliyyat vasit\u0259l\u0259rinin art\u0131m\u0131n\u0131 m\u00fc\u015fahid\u0259 edirik. Sentyabr\u0131n 15-d\u0259n, y\u0259ni yeni d\u0259rs ili ba\u015flayanda is\u0259 t\u0131xaclar\u0131n daha da artaca\u011f\u0131 ehtimal olunur.<\/strong><\/p>\n<p>Bel\u0259 baxanda he\u00e7 yay aylar\u0131nda da t\u0131xacs\u0131z g\u00fcn\u00fcm\u00fcz olmur. D\u0259rs ili ba\u015flayanda is\u0259 yollarda n\u0259qliyyat s\u0131xl\u0131\u011f\u0131\u00a0d\u00f6z\u00fclm\u0259z hal al\u0131r. Yen\u0259 d\u0259 t\u0131xac ucbat\u0131ndan i\u015f\u0259, g\u00f6r\u00fc\u015f\u0259 gecikm\u0259l\u0259rl\u0259, yollarda l\u00fczumsuz zaman itkisi il\u0259 \u00fczl\u0259\u015f\u0259c\u0259yik. T\u0131xac d\u00fcnyan\u0131n dem\u0259k olar ki, h\u0259r \u00f6lk\u0259sind\u0259 var. X\u00fcsus\u0259n d\u0259 paytaxt sakinl\u0259ri pik saatlar\u0131nda \u00e7ox \u0259ziyy\u0259t \u00e7\u0259kir.<\/p>\n<p>M\u00f6vzu il\u0259 ba\u011fl\u0131 dan\u0131\u015fan iqtisad\u00e7\u0131-ekspert Samir \u018fliyevin s\u00f6zl\u0259rin\u0259 g\u00f6r\u0259, Az\u0259rbaycan b\u0259lk\u0259 d\u0259 nadir \u00f6lk\u0259l\u0259rd\u0259ndir ki, burada g\u00fcn\u00fcn pik saat\u0131n\u0131 m\u00fc\u0259yy\u0259nl\u0259\u015fdirm\u0259k m\u00fcmk\u00fcn deyil.\u00a0<img src=\"https:\/\/cdn.sfera.az\/file\/articles\/2025\/09\/03\/1756900439_samir-eliyev.jpg\" alt=\"\" \/><\/p>\n<p><strong>M\u00fct\u0259x\u0259ssis qeyd edib ki, t\u0131xaclar\u0131n aradan qald\u0131r\u0131lmas\u0131 il\u0259 ba\u011fl\u0131 at\u0131lan add\u0131mlar is\u0259 s\u0259m\u0259r\u0259 vermir, \u00e7\u00fcnki kompleks xarakter da\u015f\u0131m\u0131r:<\/strong><\/p>\n<p>\u201cM\u0259s\u0259l\u0259n, yollar geni\u015fl\u0259ndirilir ,effekti q\u0131sam\u00fcdd\u0259tli olur. \u015e\u0259h\u0259rsalma ekspertl\u0259ri deyir ki, yeni v\u0259 geni\u015f yol \u00f6z\u00fcn\u0259 yeni ma\u015f\u0131nlar c\u0259lb edir. Y\u0259ni n\u0259 q\u0259d\u0259r yolu geni\u015fl\u0259ndirs\u0259n bir o q\u0259d\u0259r \u00e7oxlu ma\u015f\u0131n h\u0259min yola \u00fcz tutar. \u0130ctimai n\u0259qliyyat \u00fc\u00e7\u00fcn ayr\u0131ca zolaqlar \u00e7\u0259kildi, yolun dig\u0259r hiss\u0259sind\u0259 t\u0131xac daha da \u00e7oxald\u0131. \u018flb\u0259tt\u0259, bu add\u0131m d\u00fczg\u00fcn idi. He\u00e7 olmasa, ictimai n\u0259qliyyat\u0131n funksionall\u0131\u011f\u0131 artma\u011fa ba\u015flad\u0131. Ancaq ictimai n\u0259qliyyat yollar\u0131n\u0131n ayr\u0131lmas\u0131 dig\u0259r ma\u015f\u0131nlar\u0131n yolunu daha da darla\u015fd\u0131rd\u0131 v\u0259 t\u0131xac\u0131 art\u0131rd\u0131. H\u0259tta el\u0259 k\u00fc\u00e7\u0259l\u0259r oldu ki, orada ma\u015f\u0131nlar\u0131n gedi\u015f zola\u011f\u0131 d\u0259f\u0259l\u0259rl\u0259 azald\u0131ld\u0131. \u00c7\u00fcnki avtobus zola\u011f\u0131 il\u0259 yana\u015f\u0131 h\u0259l\u0259 ki, populyar olmayan velosiped zolaqlar\u0131 da peyda oldu. Qar\u015f\u0131da bizi yeni t\u0131xac d\u00f6vr\u00fc g\u00f6zl\u0259yir. Yen\u0259\u00a0d\u0259 naraz\u0131l\u0131qlar, h\u00f6kum\u0259td\u0259n g\u00f6zl\u0259ntil\u0259r, t\u0259klifl\u0259r artacaq\u201d.<\/p>\n<p><strong>S.\u018fliyevin fikrinc\u0259, h\u00f6kum\u0259tin \u0259sas h\u0259d\u0259fi yollar\u0131 geni\u015fl\u0259ndirm\u0259k, \u015f\u0259xsi ma\u015f\u0131nlar\u0131n istifad\u0259sini m\u0259hdudla\u015fd\u0131rmaq yox, ictimai n\u0259qliyyat\u0131n \u0259hali \u00fc\u00e7\u00fcn c\u0259lbediciliyini art\u0131rmaq olmal\u0131d\u0131r. M\u00fc\u0259yy\u0259n hallarda \u015f\u0259xsi ma\u015f\u0131nlara m\u00fcnasib\u0259td\u0259 m\u0259hdudla\u015fd\u0131rma t\u0259tbiq edil\u0259 bil\u0259r, ancaq \u0259sas vur\u011fu ictimai n\u0259qliyyat\u0131n populya\u015fmas\u0131 \u00fcz\u0259rin\u0259 qoyulmal\u0131d\u0131r:<\/strong><\/p>\n<p>\u201cH\u0259r g\u00fcn Sumqay\u0131t-X\u0131rdalan -Bak\u0131 -X\u0131rdalan-Sumqay\u0131t mar\u015frutu \u00fczr\u0259 qatar i\u015fl\u0259yir. Bu mar\u015frut \u00fczr\u0259 qatarlar g\u00fcn \u0259rzind\u0259 c\u0259misi 10-12 reys (s\u0259h\u0259r v\u0259 ax\u015fam saatlar\u0131nda) edir. Halbuki h\u0259min reys\u00a0g\u00fcn \u0259rzind\u0259 h\u0259r 20-30 d\u0259qiq\u0259d\u0259n bir t\u0259\u015fkil edils\u0259, s\u0259rni\u015finl\u0259rin d\u0259 say\u0131 artar. Bu reys 10:30-16.00 aras\u0131 v\u0259 21:00-dan sonra i\u015fl\u0259mir. Halbuki m\u00fct\u0259madi reysl\u0259r Sumqay\u0131t-Bak\u0131 yolunda t\u0131xac\u0131 \u0259h\u0259miyy\u0259tli d\u0259r\u0259c\u0259d\u0259 azaldar\u201d.<\/p>\n<p><strong>Ekspert metro x\u0259ttinin X\u0131rdalanad\u0259k uzad\u0131lmas\u0131n\u0131 t\u0259klif edib. Onun s\u00f6zl\u0259rin\u0259 g\u00f6r\u0259, bu, Bak\u0131-Sumqay\u0131t yolunda t\u0131xaclar\u0131 \u0259h\u0259miyy\u0259tli d\u0259r\u0259c\u0259d\u0259 azaldar. Xocah\u0259s\u0259nd\u0259n X\u0131rdalan metro x\u0259tti \u00e7\u0259km\u0259k \u00fc\u00e7\u00fcn ciddi mane\u0259 yoxdur. Metro x\u0259ttinin \u00e7\u0259kili\u015finin h\u0259m d\u0259 ekoloji faydas\u0131 var.\u00a0<\/strong><\/p>\n<p>O, ictimai n\u0259qliyyat\u0131n pulsuz olmas\u0131 il\u0259 ba\u011fl\u0131 fikirl\u0259r d\u0259 s\u0259sl\u0259ndirib:<\/p>\n<p>\u201cY\u0259qin ki, ictimai n\u0259qliyyatda qiym\u0259tl\u0259rin bahala\u015faca\u011f\u0131 il\u0259 ba\u011fl\u0131 x\u0259b\u0259rl\u0259rin dola\u015fd\u0131\u011f\u0131 bir vaxtda bel\u0259 t\u0259klif utopik s\u0259sl\u0259n\u0259 bil\u0259r. Ancaq niy\u0259 d\u0259 yox? L\u00fcksemburq, Malta, Serbiya v\u0259 h\u0259tta vaxtil\u0259 Az\u0259rbaycanla eyni siyasi-iqtisadi m\u0259kan\u0131 b\u00f6l\u00fc\u015fm\u00fc\u015f Estoniyada ictimai n\u0259qliyyat pulsuzdur. Fransa, B\u00f6y\u00fck Britaniya, Pol\u015fa, \u0130sve\u00e7, \u0130slandiya kimi \u00f6lk\u0259l\u0259rin b\u0259zi \u015f\u0259h\u0259rl\u0259rind\u0259 s\u0259rni\u015finl\u0259r pulsuz n\u0259qliyyatdan istifad\u0259 etm\u0259k imkan\u0131na malikdirl\u0259r. Getdikc\u0259 ictimai n\u0259qliyyat\u0131 \u0259haliy\u0259 pulsuz xidm\u0259t g\u00f6st\u0259r\u0259n \u00f6lk\u0259l\u0259rin say\u0131 art\u0131r. Az\u0259rbaycanda Bak\u0131da bunu t\u0259tbiq etm\u0259k olar. \u0130lk olaraq metrodan ba\u015flamaq olar\u201d.<\/p>\n<p>Ekspert sonda vur\u011fulay\u0131b ki, b\u00fct\u00fcn bunlarla yana\u015f\u0131, \u015f\u0259xsi ma\u015f\u0131nlara m\u00fcnasib\u0259td\u0259 m\u0259hdudiyy\u0259tl\u0259rin t\u0259tbiqin\u0259 ba\u015flamaq olar.\\\\Sfera.az<\/p>\n<\/div>\n<div><\/div>\n<div><\/div>\n<div class=\"inner-social-box\">\n<div class=\"subs-in-social subs-whatsapp\"><\/div>\n<\/div>\n","protected":false},"excerpt":{"rendered":"<p>Sentyabr ay\u0131na q\u0259d\u0259m qoyandan yollarda n\u0259qliyyat vasit\u0259l\u0259rinin art\u0131m\u0131n\u0131 m\u00fc\u015fahid\u0259 edirik. Sentyabr\u0131n 15-d\u0259n, y\u0259ni yeni d\u0259rs ili ba\u015flayanda is\u0259 t\u0131xaclar\u0131n daha da artaca\u011f\u0131 ehtimal olunur. Bel\u0259 baxanda he\u00e7 yay aylar\u0131nda da t\u0131xacs\u0131z g\u00fcn\u00fcm\u00fcz olmur. D\u0259rs ili ba\u015flayanda is\u0259 yollarda n\u0259qliyyat s\u0131xl\u0131\u011f\u0131\u00a0d\u00f6z\u00fclm\u0259z hal al\u0131r. Yen\u0259 d\u0259 t\u0131xac ucbat\u0131ndan i\u015f\u0259, g\u00f6r\u00fc\u015f\u0259 gecikm\u0259l\u0259rl\u0259, yollarda l\u00fczumsuz zaman itkisi il\u0259 \u00fczl\u0259\u015f\u0259c\u0259yik. T\u0131xac d\u00fcnyan\u0131n dem\u0259k olar ki, h\u0259r \u00f6lk\u0259sind\u0259 var. X\u00fcsus\u0259n d\u0259 paytaxt sakinl\u0259ri pik saatlar\u0131nda \u00e7ox \u0259ziyy\u0259t \u00e7\u0259kir. M\u00f6vzu il\u0259 ba\u011fl\u0131 dan\u0131\u015fan iqtisad\u00e7\u0131-ekspert Samir \u018fliyevin s\u00f6zl\u0259rin\u0259 g\u00f6r\u0259, Az\u0259rbaycan b\u0259lk\u0259 d\u0259 nadir \u00f6lk\u0259l\u0259rd\u0259ndir ki, burada g\u00fcn\u00fcn pik&hellip;<\/p>\n","protected":false},"author":2,"featured_media":824398,"comment_status":"closed","ping_status":"closed","sticky":false,"template":"","format":"standard","meta":{"om_disable_all_campaigns":false,"_monsterinsights_skip_tracking":false,"_monsterinsights_sitenote_active":false,"_monsterinsights_sitenote_note":"","_monsterinsights_sitenote_category":0},"categories":[1],"tags":[],"aioseo_notices":[],"gutentor_comment":0,"rttpg_featured_image_url":{"full":["https:\/\/arantv.az\/wp-content\/uploads\/2025\/09\/2b5cd936b62c928463fc00bf4f464b7e.jpg",870,500,false],"landscape":["https:\/\/arantv.az\/wp-content\/uploads\/2025\/09\/2b5cd936b62c928463fc00bf4f464b7e.jpg",870,500,false],"portraits":["https:\/\/arantv.az\/wp-content\/uploads\/2025\/09\/2b5cd936b62c928463fc00bf4f464b7e.jpg",870,500,false],"thumbnail":["https:\/\/arantv.az\/wp-content\/uploads\/2025\/09\/2b5cd936b62c928463fc00bf4f464b7e-500x280.jpg",500,280,true],"medium":["https:\/\/arantv.az\/wp-content\/uploads\/2025\/09\/2b5cd936b62c928463fc00bf4f464b7e-635x365.jpg",635,365,true],"large":["https:\/\/arantv.az\/wp-content\/uploads\/2025\/09\/2b5cd936b62c928463fc00bf4f464b7e-840x483.jpg",640,368,true],"1536x1536":["https:\/\/arantv.az\/wp-content\/uploads\/2025\/09\/2b5cd936b62c928463fc00bf4f464b7e.jpg",870,500,false],"2048x2048":["https:\/\/arantv.az\/wp-content\/uploads\/2025\/09\/2b5cd936b62c928463fc00bf4f464b7e.jpg",870,500,false],"post-thumbnail":["https:\/\/arantv.az\/wp-content\/uploads\/2025\/09\/2b5cd936b62c928463fc00bf4f464b7e-240x172.jpg",240,172,true],"advps-thumb-one":["https:\/\/arantv.az\/wp-content\/uploads\/2025\/09\/2b5cd936b62c928463fc00bf4f464b7e.jpg",870,500,false]},"rttpg_author":{"display_name":"V\u00fcsal Rafiqo\u011flu","author_link":"https:\/\/arantv.az\/?author=2"},"rttpg_comment":0,"rttpg_category":"<a href=\"https:\/\/arantv.az\/?cat=1\" rel=\"category\">C\u0259miyy\u0259t<\/a>","rttpg_excerpt":"Sentyabr ay\u0131na q\u0259d\u0259m qoyandan yollarda n\u0259qliyyat vasit\u0259l\u0259rinin art\u0131m\u0131n\u0131 m\u00fc\u015fahid\u0259 edirik. Sentyabr\u0131n 15-d\u0259n, y\u0259ni yeni d\u0259rs ili ba\u015flayanda is\u0259 t\u0131xaclar\u0131n daha da artaca\u011f\u0131 ehtimal olunur. Bel\u0259 baxanda he\u00e7 yay aylar\u0131nda da t\u0131xacs\u0131z g\u00fcn\u00fcm\u00fcz olmur. D\u0259rs ili ba\u015flayanda is\u0259 yollarda n\u0259qliyyat s\u0131xl\u0131\u011f\u0131\u00a0d\u00f6z\u00fclm\u0259z hal al\u0131r. Yen\u0259 d\u0259 t\u0131xac ucbat\u0131ndan i\u015f\u0259, g\u00f6r\u00fc\u015f\u0259 gecikm\u0259l\u0259rl\u0259, yollarda l\u00fczumsuz zaman itkisi il\u0259 \u00fczl\u0259\u015f\u0259c\u0259yik.&hellip;","_links":{"self":[{"href":"https:\/\/arantv.az\/index.php?rest_route=\/wp\/v2\/posts\/824397"}],"collection":[{"href":"https:\/\/arantv.az\/index.php?rest_route=\/wp\/v2\/posts"}],"about":[{"href":"https:\/\/arantv.az\/index.php?rest_route=\/wp\/v2\/types\/post"}],"author":[{"embeddable":true,"href":"https:\/\/arantv.az\/index.php?rest_route=\/wp\/v2\/users\/2"}],"replies":[{"embeddable":true,"href":"https:\/\/arantv.az\/index.php?rest_route=%2Fwp%2Fv2%2Fcomments&post=824397"}],"version-history":[{"count":1,"href":"https:\/\/arantv.az\/index.php?rest_route=\/wp\/v2\/posts\/824397\/revisions"}],"predecessor-version":[{"id":824399,"href":"https:\/\/arantv.az\/index.php?rest_route=\/wp\/v2\/posts\/824397\/revisions\/824399"}],"wp:featuredmedia":[{"embeddable":true,"href":"https:\/\/arantv.az\/index.php?rest_route=\/wp\/v2\/media\/824398"}],"wp:attachment":[{"href":"https:\/\/arantv.az\/index.php?rest_route=%2Fwp%2Fv2%2Fmedia&parent=824397"}],"wp:term":[{"taxonomy":"category","embeddable":true,"href":"https:\/\/arantv.az\/index.php?rest_route=%2Fwp%2Fv2%2Fcategories&post=824397"},{"taxonomy":"post_tag","embeddable":true,"href":"https:\/\/arantv.az\/index.php?rest_route=%2Fwp%2Fv2%2Ftags&post=824397"}],"curies":[{"name":"wp","href":"https:\/\/api.w.org\/{rel}","templated":true}]}}