{"id":824407,"date":"2025-09-03T22:08:05","date_gmt":"2025-09-03T18:08:05","guid":{"rendered":"https:\/\/arantv.az\/?p=824407"},"modified":"2025-09-03T22:08:05","modified_gmt":"2025-09-03T18:08:05","slug":"sad-x%c9%99b%c9%99r-bu-halda-issizlikd%c9%99n-sigorta-od%c9%99nisi-ala-bil%c9%99rsiniz","status":"publish","type":"post","link":"https:\/\/arantv.az\/?p=824407","title":{"rendered":"\u015eAD X\u018fB\u018fR: Bu halda i\u015fsizlikd\u0259n s\u0131\u011forta \u00f6d\u0259ni\u015fi ala bil\u0259rsiniz&#8230;"},"content":{"rendered":"<p><strong>\u201c\u0130\u015fsizlikd\u0259n s\u0131\u011forta \u00f6d\u0259ni\u015fi yaln\u0131z m\u00fc\u0259yy\u0259n hallarda verilir\u201d.<\/strong><\/p>\n<p>Bu fikirl\u0259ri h\u00fcquq\u015f\u00fcnas Ramil S\u00fcleymanov\u00a0a\u00e7\u0131qlamas\u0131nda s\u0259sl\u0259ndirib:<\/p>\n<p><img src=\"https:\/\/konkret.az\/cloud\/uploads\/2024\/08\/ramil.jpg\" alt=\"Al\u0131nan pulun geri qaytar\u0131lmamas\u0131 n\u0259 zaman d\u0259l\u0259duzluq say\u0131l\u0131r? - H\u00fcquq\u015f\u00fcnas  r\u0259yi | KONKRET\" \/><\/p>\n<blockquote><p>\u201cBel\u0259 ki, i\u015f yeri ba\u011fland\u0131qda v\u0259 ya i\u015f\u00e7i ixtisara d\u00fc\u015fd\u00fckd\u0259 \u0259m\u0259k m\u00fcqavil\u0259sin\u0259 xitam veril\u0259n \u015f\u0259xsl\u0259r 6 ay \u0259rzind\u0259 Az\u0259rbaycan Respublikas\u0131n\u0131n \u018fm\u0259k v\u0259 \u018fhalinin Sosial M\u00fcdafi\u0259si Nazirliyi yan\u0131nda M\u0259\u015f\u011fulluq Agentliyinin yerli \u015f\u00f6b\u0259sin\u0259 m\u00fcraci\u0259t etm\u0259kl\u0259 bu \u00f6d\u0259ni\u015fi ala bil\u0259rl\u0259r\u201d.<\/p><\/blockquote>\n<p><strong>Onun s\u00f6zl\u0259rin\u0259 g\u00f6r\u0259, ilk n\u00f6vb\u0259d\u0259 h\u0259min \u015f\u0259xs\u0259 iki ay m\u00fcdd\u0259tind\u0259 \u0259vv\u0259lki \u0259m\u0259k haqq\u0131n\u0131n 80 faizi \u00f6d\u0259nilir. Daha sonra is\u0259 4 ay \u0259rzind\u0259 orta ayl\u0131q \u0259m\u0259k haqq\u0131 t\u0259qdim olunur.<\/strong><\/p>\n<blockquote><p>\u201c\u018fg\u0259r i\u015fsiz v\u0259t\u0259nda\u015fa M\u0259\u015f\u011fulluq Agentliyi t\u0259r\u0259find\u0259n i\u015f\u0259 g\u00f6nd\u0259ri\u015f verilibs\u0259, o, yaln\u0131z bir d\u0259f\u0259 imtina etm\u0259k h\u00fcququna malikdir. \u0130kinci d\u0259f\u0259 imtina edildikd\u0259 is\u0259 bu, \u015f\u0259xsin i\u015fl\u0259m\u0259k ist\u0259m\u0259m\u0259si kimi qiym\u0259tl\u0259ndirilir v\u0259 n\u00f6vb\u0259ti aydan i\u015fsizlik m\u00fcavin\u0259ti dayand\u0131r\u0131l\u0131r\u201d, \u2013 dey\u0259 h\u00fcquq\u015f\u00fcnas \u0259lav\u0259 edib.\\\\\u00a0KONKRET.az<\/p><\/blockquote>\n","protected":false},"excerpt":{"rendered":"<p>\u201c\u0130\u015fsizlikd\u0259n s\u0131\u011forta \u00f6d\u0259ni\u015fi yaln\u0131z m\u00fc\u0259yy\u0259n hallarda verilir\u201d. Bu fikirl\u0259ri h\u00fcquq\u015f\u00fcnas Ramil S\u00fcleymanov\u00a0a\u00e7\u0131qlamas\u0131nda s\u0259sl\u0259ndirib: \u201cBel\u0259 ki, i\u015f yeri ba\u011fland\u0131qda v\u0259 ya i\u015f\u00e7i ixtisara d\u00fc\u015fd\u00fckd\u0259 \u0259m\u0259k m\u00fcqavil\u0259sin\u0259 xitam veril\u0259n \u015f\u0259xsl\u0259r 6 ay \u0259rzind\u0259 Az\u0259rbaycan Respublikas\u0131n\u0131n \u018fm\u0259k v\u0259 \u018fhalinin Sosial M\u00fcdafi\u0259si Nazirliyi yan\u0131nda M\u0259\u015f\u011fulluq Agentliyinin yerli \u015f\u00f6b\u0259sin\u0259 m\u00fcraci\u0259t etm\u0259kl\u0259 bu \u00f6d\u0259ni\u015fi ala bil\u0259rl\u0259r\u201d. Onun s\u00f6zl\u0259rin\u0259 g\u00f6r\u0259, ilk n\u00f6vb\u0259d\u0259 h\u0259min \u015f\u0259xs\u0259 iki ay m\u00fcdd\u0259tind\u0259 \u0259vv\u0259lki \u0259m\u0259k haqq\u0131n\u0131n 80 faizi \u00f6d\u0259nilir. Daha sonra is\u0259 4 ay \u0259rzind\u0259 orta ayl\u0131q \u0259m\u0259k haqq\u0131 t\u0259qdim olunur. \u201c\u018fg\u0259r i\u015fsiz v\u0259t\u0259nda\u015fa M\u0259\u015f\u011fulluq Agentliyi t\u0259r\u0259find\u0259n i\u015f\u0259 g\u00f6nd\u0259ri\u015f verilibs\u0259, o, yaln\u0131z bir&hellip;<\/p>\n","protected":false},"author":2,"featured_media":824408,"comment_status":"closed","ping_status":"closed","sticky":false,"template":"","format":"standard","meta":{"om_disable_all_campaigns":false,"_monsterinsights_skip_tracking":false,"_monsterinsights_sitenote_active":false,"_monsterinsights_sitenote_note":"","_monsterinsights_sitenote_category":0},"categories":[1],"tags":[],"aioseo_notices":[],"gutentor_comment":0,"rttpg_featured_image_url":{"full":["https:\/\/arantv.az\/wp-content\/uploads\/2025\/09\/f55852381a2462a5c000d1412c2c070f.jpg",768,403,false],"landscape":["https:\/\/arantv.az\/wp-content\/uploads\/2025\/09\/f55852381a2462a5c000d1412c2c070f.jpg",768,403,false],"portraits":["https:\/\/arantv.az\/wp-content\/uploads\/2025\/09\/f55852381a2462a5c000d1412c2c070f.jpg",768,403,false],"thumbnail":["https:\/\/arantv.az\/wp-content\/uploads\/2025\/09\/f55852381a2462a5c000d1412c2c070f-500x280.jpg",500,280,true],"medium":["https:\/\/arantv.az\/wp-content\/uploads\/2025\/09\/f55852381a2462a5c000d1412c2c070f-660x346.jpg",660,346,true],"large":["https:\/\/arantv.az\/wp-content\/uploads\/2025\/09\/f55852381a2462a5c000d1412c2c070f.jpg",640,336,false],"1536x1536":["https:\/\/arantv.az\/wp-content\/uploads\/2025\/09\/f55852381a2462a5c000d1412c2c070f.jpg",768,403,false],"2048x2048":["https:\/\/arantv.az\/wp-content\/uploads\/2025\/09\/f55852381a2462a5c000d1412c2c070f.jpg",768,403,false],"post-thumbnail":["https:\/\/arantv.az\/wp-content\/uploads\/2025\/09\/f55852381a2462a5c000d1412c2c070f-240x172.jpg",240,172,true],"advps-thumb-one":["https:\/\/arantv.az\/wp-content\/uploads\/2025\/09\/f55852381a2462a5c000d1412c2c070f.jpg",768,403,false]},"rttpg_author":{"display_name":"V\u00fcsal Rafiqo\u011flu","author_link":"https:\/\/arantv.az\/?author=2"},"rttpg_comment":0,"rttpg_category":"<a href=\"https:\/\/arantv.az\/?cat=1\" rel=\"category\">C\u0259miyy\u0259t<\/a>","rttpg_excerpt":"\u201c\u0130\u015fsizlikd\u0259n s\u0131\u011forta \u00f6d\u0259ni\u015fi yaln\u0131z m\u00fc\u0259yy\u0259n hallarda verilir\u201d. Bu fikirl\u0259ri h\u00fcquq\u015f\u00fcnas Ramil S\u00fcleymanov\u00a0a\u00e7\u0131qlamas\u0131nda s\u0259sl\u0259ndirib: \u201cBel\u0259 ki, i\u015f yeri ba\u011fland\u0131qda v\u0259 ya i\u015f\u00e7i ixtisara d\u00fc\u015fd\u00fckd\u0259 \u0259m\u0259k m\u00fcqavil\u0259sin\u0259 xitam veril\u0259n \u015f\u0259xsl\u0259r 6 ay \u0259rzind\u0259 Az\u0259rbaycan Respublikas\u0131n\u0131n \u018fm\u0259k v\u0259 \u018fhalinin Sosial M\u00fcdafi\u0259si Nazirliyi yan\u0131nda M\u0259\u015f\u011fulluq Agentliyinin yerli \u015f\u00f6b\u0259sin\u0259 m\u00fcraci\u0259t etm\u0259kl\u0259 bu \u00f6d\u0259ni\u015fi ala bil\u0259rl\u0259r\u201d. Onun s\u00f6zl\u0259rin\u0259 g\u00f6r\u0259, ilk n\u00f6vb\u0259d\u0259&hellip;","_links":{"self":[{"href":"https:\/\/arantv.az\/index.php?rest_route=\/wp\/v2\/posts\/824407"}],"collection":[{"href":"https:\/\/arantv.az\/index.php?rest_route=\/wp\/v2\/posts"}],"about":[{"href":"https:\/\/arantv.az\/index.php?rest_route=\/wp\/v2\/types\/post"}],"author":[{"embeddable":true,"href":"https:\/\/arantv.az\/index.php?rest_route=\/wp\/v2\/users\/2"}],"replies":[{"embeddable":true,"href":"https:\/\/arantv.az\/index.php?rest_route=%2Fwp%2Fv2%2Fcomments&post=824407"}],"version-history":[{"count":2,"href":"https:\/\/arantv.az\/index.php?rest_route=\/wp\/v2\/posts\/824407\/revisions"}],"predecessor-version":[{"id":824410,"href":"https:\/\/arantv.az\/index.php?rest_route=\/wp\/v2\/posts\/824407\/revisions\/824410"}],"wp:featuredmedia":[{"embeddable":true,"href":"https:\/\/arantv.az\/index.php?rest_route=\/wp\/v2\/media\/824408"}],"wp:attachment":[{"href":"https:\/\/arantv.az\/index.php?rest_route=%2Fwp%2Fv2%2Fmedia&parent=824407"}],"wp:term":[{"taxonomy":"category","embeddable":true,"href":"https:\/\/arantv.az\/index.php?rest_route=%2Fwp%2Fv2%2Fcategories&post=824407"},{"taxonomy":"post_tag","embeddable":true,"href":"https:\/\/arantv.az\/index.php?rest_route=%2Fwp%2Fv2%2Ftags&post=824407"}],"curies":[{"name":"wp","href":"https:\/\/api.w.org\/{rel}","templated":true}]}}