{"id":824419,"date":"2025-09-04T07:33:22","date_gmt":"2025-09-04T03:33:22","guid":{"rendered":"https:\/\/arantv.az\/?p=824419"},"modified":"2025-09-04T07:33:22","modified_gmt":"2025-09-04T03:33:22","slug":"ulduz-futbolcu-qarabaga-qarsi-oynaya-bilm%c9%99y%c9%99c%c9%99k","status":"publish","type":"post","link":"https:\/\/arantv.az\/?p=824419","title":{"rendered":"Ulduz futbol\u00e7u \u201cQaraba\u011f\u201da qar\u015f\u0131 oynaya bilm\u0259y\u0259c\u0259k"},"content":{"rendered":"<p>&#8220;Liverpul&#8221; klubu UEFA-ya \u00c7empionlar Liqas\u0131 \u00fc\u00e7\u00fcn i\u015ftirak \u0259riz\u0259sini g\u00f6nd\u0259rib.<\/p>\n<p>Milli.Az x\u0259b\u0259r verir ki,hey\u0259tl\u0259 ba\u011fl\u0131 \u0259n maraql\u0131 m\u0259qam is\u0259 Federiko Kyezan\u0131n olmama\u011f\u0131d\u0131r. O, bu m\u00f6vs\u00fcm Premyer Liqan\u0131n ilk turundak\u0131 &#8211; &#8220;Bornmut&#8221;la mat\u00e7da komandas\u0131n\u0131n q\u0259l\u0259b\u0259 qolunu vurmu\u015fdu.<\/p>\n<p>Qeyd ed\u0259k ki, &#8220;Liverpul&#8221; t\u0259msil\u00e7imiz &#8220;Qaraba\u011f&#8221;\u0131n \u00c7empionlar Liqas\u0131n\u0131n Liqa m\u0259rh\u0259l\u0259sind\u0259ki r\u0259qibl\u0259rind\u0259n biridir. T\u0259r\u0259fl\u0259r sonuncu &#8211; 8-ci turda \u00fcz-\u00fcz\u0259 g\u0259l\u0259c\u0259k.<\/p>\n","protected":false},"excerpt":{"rendered":"<p>&#8220;Liverpul&#8221; klubu UEFA-ya \u00c7empionlar Liqas\u0131 \u00fc\u00e7\u00fcn i\u015ftirak \u0259riz\u0259sini g\u00f6nd\u0259rib. Milli.Az x\u0259b\u0259r verir ki,hey\u0259tl\u0259 ba\u011fl\u0131 \u0259n maraql\u0131 m\u0259qam is\u0259 Federiko Kyezan\u0131n olmama\u011f\u0131d\u0131r. O, bu m\u00f6vs\u00fcm Premyer Liqan\u0131n ilk turundak\u0131 &#8211; &#8220;Bornmut&#8221;la mat\u00e7da komandas\u0131n\u0131n q\u0259l\u0259b\u0259 qolunu vurmu\u015fdu. Qeyd ed\u0259k ki, &#8220;Liverpul&#8221; t\u0259msil\u00e7imiz &#8220;Qaraba\u011f&#8221;\u0131n \u00c7empionlar Liqas\u0131n\u0131n Liqa m\u0259rh\u0259l\u0259sind\u0259ki r\u0259qibl\u0259rind\u0259n biridir. T\u0259r\u0259fl\u0259r sonuncu &#8211; 8-ci turda \u00fcz-\u00fcz\u0259 g\u0259l\u0259c\u0259k.<\/p>\n","protected":false},"author":2,"featured_media":824420,"comment_status":"closed","ping_status":"closed","sticky":false,"template":"","format":"standard","meta":{"om_disable_all_campaigns":false,"_monsterinsights_skip_tracking":false,"_monsterinsights_sitenote_active":false,"_monsterinsights_sitenote_note":"","_monsterinsights_sitenote_category":0},"categories":[6],"tags":[],"aioseo_notices":[],"gutentor_comment":0,"rttpg_featured_image_url":{"full":["https:\/\/arantv.az\/wp-content\/uploads\/2025\/09\/0d6db3befce44d3990015334b6fbc6f8.jpg",870,500,false],"landscape":["https:\/\/arantv.az\/wp-content\/uploads\/2025\/09\/0d6db3befce44d3990015334b6fbc6f8.jpg",870,500,false],"portraits":["https:\/\/arantv.az\/wp-content\/uploads\/2025\/09\/0d6db3befce44d3990015334b6fbc6f8.jpg",870,500,false],"thumbnail":["https:\/\/arantv.az\/wp-content\/uploads\/2025\/09\/0d6db3befce44d3990015334b6fbc6f8-500x280.jpg",500,280,true],"medium":["https:\/\/arantv.az\/wp-content\/uploads\/2025\/09\/0d6db3befce44d3990015334b6fbc6f8-635x365.jpg",635,365,true],"large":["https:\/\/arantv.az\/wp-content\/uploads\/2025\/09\/0d6db3befce44d3990015334b6fbc6f8-840x483.jpg",640,368,true],"1536x1536":["https:\/\/arantv.az\/wp-content\/uploads\/2025\/09\/0d6db3befce44d3990015334b6fbc6f8.jpg",870,500,false],"2048x2048":["https:\/\/arantv.az\/wp-content\/uploads\/2025\/09\/0d6db3befce44d3990015334b6fbc6f8.jpg",870,500,false],"post-thumbnail":["https:\/\/arantv.az\/wp-content\/uploads\/2025\/09\/0d6db3befce44d3990015334b6fbc6f8-240x172.jpg",240,172,true],"advps-thumb-one":["https:\/\/arantv.az\/wp-content\/uploads\/2025\/09\/0d6db3befce44d3990015334b6fbc6f8.jpg",870,500,false]},"rttpg_author":{"display_name":"V\u00fcsal Rafiqo\u011flu","author_link":"https:\/\/arantv.az\/?author=2"},"rttpg_comment":0,"rttpg_category":"<a href=\"https:\/\/arantv.az\/?cat=6\" rel=\"category\">\u0130dman<\/a>","rttpg_excerpt":"&#8220;Liverpul&#8221; klubu UEFA-ya \u00c7empionlar Liqas\u0131 \u00fc\u00e7\u00fcn i\u015ftirak \u0259riz\u0259sini g\u00f6nd\u0259rib. Milli.Az x\u0259b\u0259r verir ki,hey\u0259tl\u0259 ba\u011fl\u0131 \u0259n maraql\u0131 m\u0259qam is\u0259 Federiko Kyezan\u0131n olmama\u011f\u0131d\u0131r. O, bu m\u00f6vs\u00fcm Premyer Liqan\u0131n ilk turundak\u0131 &#8211; &#8220;Bornmut&#8221;la mat\u00e7da komandas\u0131n\u0131n q\u0259l\u0259b\u0259 qolunu vurmu\u015fdu. Qeyd ed\u0259k ki, &#8220;Liverpul&#8221; t\u0259msil\u00e7imiz &#8220;Qaraba\u011f&#8221;\u0131n \u00c7empionlar Liqas\u0131n\u0131n Liqa m\u0259rh\u0259l\u0259sind\u0259ki r\u0259qibl\u0259rind\u0259n biridir. T\u0259r\u0259fl\u0259r sonuncu &#8211; 8-ci turda \u00fcz-\u00fcz\u0259 g\u0259l\u0259c\u0259k.","_links":{"self":[{"href":"https:\/\/arantv.az\/index.php?rest_route=\/wp\/v2\/posts\/824419"}],"collection":[{"href":"https:\/\/arantv.az\/index.php?rest_route=\/wp\/v2\/posts"}],"about":[{"href":"https:\/\/arantv.az\/index.php?rest_route=\/wp\/v2\/types\/post"}],"author":[{"embeddable":true,"href":"https:\/\/arantv.az\/index.php?rest_route=\/wp\/v2\/users\/2"}],"replies":[{"embeddable":true,"href":"https:\/\/arantv.az\/index.php?rest_route=%2Fwp%2Fv2%2Fcomments&post=824419"}],"version-history":[{"count":1,"href":"https:\/\/arantv.az\/index.php?rest_route=\/wp\/v2\/posts\/824419\/revisions"}],"predecessor-version":[{"id":824421,"href":"https:\/\/arantv.az\/index.php?rest_route=\/wp\/v2\/posts\/824419\/revisions\/824421"}],"wp:featuredmedia":[{"embeddable":true,"href":"https:\/\/arantv.az\/index.php?rest_route=\/wp\/v2\/media\/824420"}],"wp:attachment":[{"href":"https:\/\/arantv.az\/index.php?rest_route=%2Fwp%2Fv2%2Fmedia&parent=824419"}],"wp:term":[{"taxonomy":"category","embeddable":true,"href":"https:\/\/arantv.az\/index.php?rest_route=%2Fwp%2Fv2%2Fcategories&post=824419"},{"taxonomy":"post_tag","embeddable":true,"href":"https:\/\/arantv.az\/index.php?rest_route=%2Fwp%2Fv2%2Ftags&post=824419"}],"curies":[{"name":"wp","href":"https:\/\/api.w.org\/{rel}","templated":true}]}}