{"id":824438,"date":"2025-09-04T07:48:42","date_gmt":"2025-09-04T03:48:42","guid":{"rendered":"https:\/\/arantv.az\/?p=824438"},"modified":"2025-09-04T07:48:42","modified_gmt":"2025-09-04T03:48:42","slug":"z%c9%99f%c9%99rin-regionlasdirilmasi-%c9%99kr%c9%99m-%c9%99ylisli-niy%c9%99-yada-dusdu","status":"publish","type":"post","link":"https:\/\/arantv.az\/?p=824438","title":{"rendered":"Z\u0259f\u0259rin regionla\u015fd\u0131r\u0131lmas\u0131 &#8211; \u018fkr\u0259m \u018fylisli niy\u0259 yada d\u00fc\u015fd\u00fc?"},"content":{"rendered":"<div class=\"text-content\" data-id=\"\" data-url=\"\">\n<h3><em><strong>Bu tarixi z\u0259f\u0259ri \u201cqaraba\u011fl\u0131lar torpaqlar\u0131na niy\u0259 qay\u0131tm\u0131r\u201d kimi m\u0259nas\u0131z replikalarla ucuzla\u015fd\u0131rmaq ist\u0259y\u0259nl\u0259r Az\u0259rbaycan\u0131n d\u00f6rd bir yan\u0131ndak\u0131 \u015e\u0259hidl\u0259r Xiyaban\u0131n\u0131 unutmamal\u0131d\u0131rlar<\/strong><\/em><\/h3>\n<p>B\u0259zil\u0259rinin ba\u015f\u0131 \u00e7ox b\u0259lalar \u00e7\u0259kmi\u015f Qaraba\u011f camaat\u0131n\u0131n ara-s\u0131ra\u00a0ac\u0131lamas\u0131na i\u015f\u011fal ill\u0259rind\u0259 \u0259h\u0259miyy\u0259t verdiyimi xat\u0131rlam\u0131ram. O h\u0259ssas ill\u0259rd\u0259 \u00fcr\u0259yimiz\u0259 d\u0259y\u0259nl\u0259rin b\u0259zil\u0259rinin d\u0259 ad\u0131n\u0131 unutmu\u015fam, yada salacaq tipl\u0259r deyill\u0259r. Biri vard\u0131,\u00a0bak\u0131l\u0131lar ad\u0131nda dan\u0131\u015f\u0131rd\u0131, \u201cg\u0259lm\u0259l\u0259r\u0259\u201d meydan oxuyurdu. Sonra m\u0259lum oldu ki, babas\u0131 \u0130ran hamballar\u0131na qo\u015fulub paytaxta g\u0259l\u0259nl\u0259rd\u0259ndir. \u00dcmumiyy\u0259tl\u0259, i\u015f\u011fal ill\u0259rind\u0259 bu m\u0259s\u0259l\u0259ni daha \u00e7ox \u201cbak\u0131l\u0131-rayonlu\u201d konteksind\u0259 g\u00fcnd\u0259m\u0259 g\u0259tir\u0259nl\u0259r olub, ax\u0131rda da \u00f6zl\u0259ri \u201ca\u011f bayraq\u201d qald\u0131r\u0131b, geri \u00e7\u0259kilibl\u0259r.<\/p>\n<p><img loading=\"lazy\" src=\"https:\/\/cdn.musavat.com\/news\/thumbnails\/9c556a7f5c6c6e73109fd4cf88723647.jpg\" alt=\"Screenshot_3.png (875 KB)\" width=\"700\" height=\"426\" \/><\/p>\n<p>Bu yax\u0131nlarda yaz\u0131\u00e7\u0131 El\u00e7inin v\u0259fat\u0131 il\u0259 ba\u011fl\u0131 a\u00e7\u0131qlamas\u0131n\u0131 oxuyanda varl\u0131\u011f\u0131n\u0131 xat\u0131rlad\u0131\u011f\u0131m \u018fkr\u0259m \u018fylisliyl\u0259 ba\u011fl\u0131 da iki bel\u0259 fakt var. S\u0259hv etmir\u0259ms\u0259, 2000-ci ild\u0259 n\u0259s\u0259 yazm\u0131\u015fd\u0131. Ciddi etirazlardan sonra \u00f6z\u00fc il\u0259 o vaxt \u201c525-ci q\u0259zet\u201din redaksiyas\u0131nda dar \u00e7\u0259r\u00e7iv\u0259d\u0259 g\u00f6r\u00fc\u015f oldu.<\/p>\n<p>Fikirl\u0259rimizi ustaca yan\u0131ltma\u011fa \u00e7al\u0131\u015fd\u0131, \u201cm\u0259n bel\u0259 dem\u0259k ist\u0259m\u0259mi\u015f\u0259m\u201d v\u0259 sair\u0259. Xeyli m\u00fcbahis\u0259 etdik. \u018fkr\u0259m \u018fylisli o ill\u0259r q\u0131vraq v\u0259 t\u0259nqid\u0259 a\u00e7\u0131q idi, n\u0259hay\u0259td\u0259 raz\u0131la\u015fd\u0131 ki, Qaraba\u011f kimi h\u0259ssas m\u00f6vzuda bel\u0259 yazmaq olmaz v\u0259 sair\u0259. Qay\u0131d\u0131b, bir yaz\u0131 da yazm\u0131\u015fd\u0131m: \u201c\u015eu\u015fan\u0131 unudub, \u018fylisi yuxumda g\u00f6rm\u00fcr\u0259m\u201d. 2007-d\u0259 \u201cDa\u015f yuxular\u201ddan sonra is\u0259 daha g\u00f6r\u00fc\u015f \u00fc\u00e7\u00fcn \u00fcz qoymam\u0131\u015fd\u0131. Onun Qaraba\u011f elat\u0131na, konkret \u201cDa\u015f yuxular\u201dda yenid\u0259n h\u0259d\u0259f ald\u0131\u011f\u0131 \u015eu\u015faya yum\u015faq des\u0259k antipatiyas\u0131, \u0259d\u0259bi dild\u0259 is\u0259 nifr\u0259ti hiss olunurdu. Bunun s\u0259b\u0259bi haqda e\u015fitdiyimi, dey\u0259s\u0259n, bir d\u0259f\u0259 yazm\u0131\u015fam da. Bil\u0259nl\u0259r bilir, olur bel\u0259 kinli yadda\u015f, g\u0259nc adam\u0131n is\u0259 yad\u0131ndan he\u00e7 \u00e7\u0131xm\u0131r. \u018fkr\u0259m \u018fylisli is\u0259 yarad\u0131c\u0131l\u0131\u011f\u0131n\u0131n ah\u0131l vaxt\u0131nda n\u0259d\u0259ns\u0259, Az\u0259rbaycan haqda ziyanl\u0131 v\u0259 qisas\u00e7\u0131 fikr\u0259 d\u00fc\u015fd\u00fc. S\u00f6z\u00fc tiki\u015f ma\u015f\u0131n\u0131 kimi toxuyan s\u00f6z ustad\u0131n\u0131n, \u0259s\u0259rl\u0259ri \u0259ld\u0259n-\u0259l\u0259 g\u0259z\u0259n, m\u00fcxt\u0259lif dill\u0259r\u0259 t\u0259rc\u00fcm\u0259 edil\u0259n \u018fylisli \u201cDa\u015f yuxular\u201d kimi c\u0131zma-qaran\u0131 \u00f6z\u00fcn\u0259 r\u0259va g\u00f6rd\u00fc. \u0130ndiy\u0259d\u0259k yazd\u0131qlar\u0131 \u0259s\u0259rl\u0259ri d\u0259 qara q\u0259piklik etdi, ziyal\u0131 ad\u0131n\u0131n \u00fcz\u0259rind\u0259n is\u0259 bird\u0259f\u0259lik qara x\u0259tt \u00e7\u0259kdi. D\u00f6vl\u0259t ona daha a\u011f\u0131r c\u0259za k\u0259sdi, b\u00fct\u00fcn t\u0259ltifl\u0259rini geri ald\u0131, d\u00fcz d\u0259 etdi. Amma indi yenid\u0259n xat\u0131rlayanda adam t\u0259\u0259ss\u00fcf edir. \u0130nanmaq ist\u0259rdim ki, \u201co hisl\u0259r\u201d ya\u015f\u0131n\u0131n m\u00fcdrik \u00e7a\u011f\u0131nda ke\u00e7mi\u015fd\u0259 qal\u0131b, el\u0259 \u00f6z\u00fc kimi unudulub&#8230;<\/p>\n<p><img loading=\"lazy\" src=\"https:\/\/cdn.musavat.com\/news\/thumbnails\/cd473d428d9146a34fec2a9582f1964d.jpg\" alt=\"Screenshot_6.png (796 KB)\" width=\"700\" height=\"404\" \/><\/p>\n<p>Erm\u0259nil\u0259rin Az\u0259rbaycan xalq\u0131na etdiyi d\u00fc\u015fm\u0259n\u00e7iliyin a\u011fr\u0131-ac\u0131s\u0131 ind\u0259n 30 il sonra da qaysaqlanmaz. O da h\u0259qiq\u0259tdir ki, regiona g\u00f6r\u0259 ad\u0131na Qaraba\u011f sava\u015f\u0131 demi\u015fik, bu b\u00fct\u00fcn Az\u0259rbaycan\u0131n m\u00fcharib\u0259si, d\u0259rdi olub. \u0130ki Qaraba\u011f sava\u015f\u0131nda Az\u0259rbaycan\u0131n d\u00f6rd bir yan\u0131nda \u015e\u0259hidl\u0259r Xiyaban\u0131 sal\u0131n\u0131b. Kims\u0259 dey\u0259rs\u0259 ki, bu qaraba\u011fl\u0131lar\u0131n torpa\u011f\u0131 \u00fc\u00e7\u00fcn sava\u015f idi, o nam\u0259rd adamd\u0131r. Birinci Qaraba\u011f sava\u015f\u0131ndak\u0131 itkil\u0259rimizin yaras\u0131 he\u00e7 qaysaqlanmay\u0131b, h\u0259l\u0259 indi b\u0259zil\u0259rinin n\u0259\u015fini i\u015f\u011faldan azad yurdlarda tap\u0131b d\u0259fn edirik.<\/p>\n<p><img loading=\"lazy\" src=\"https:\/\/cdn.musavat.com\/news\/thumbnails\/38ac3fef9811cb540ce9a2a66c553b3c.jpg\" alt=\"Screenshot_5.png (682 KB)\" width=\"700\" height=\"422\" \/><\/p>\n<p>\u0130\u015f\u011fal\u0131 sonland\u0131ran \u0130kinci Qaraba\u011f sava\u015f\u0131nda da itkil\u0259rimiz o q\u0259d\u0259r a\u011f\u0131r, a\u011fr\u0131l\u0131d\u0131r ki&#8230; Onlar\u0131n do\u011fum tarixl\u0259rin\u0259 bax\u0131rsan, ya\u015fama\u011f\u0131na utan\u0131rsan, havalan\u0131r adam. 2000, 2001, 2002-ci il&#8230; \u018fks\u0259riyy\u0259t at\u0259\u015fk\u0259s u\u015faqlar\u0131d\u0131r \u2013 1993, 1994, 1995, 1996&#8230; Do\u011fum yerl\u0259ri \u2013 Az\u0259rbaycan\u0131n d\u00f6rd bir yan\u0131, d\u00f6rd bir yan\u0131n\u0131n k\u0259ndl\u0259ri, q\u0259s\u0259b\u0259l\u0259ri&#8230; Milliyy\u0259tl\u0259ri \u2013 az\u0259rbaycanl\u0131, avar, l\u0259zgi, tat, tal\u0131\u015f, rus&#8230; Bir m\u00fcq\u0259dd\u0259s V\u0259t\u0259n sava\u015f\u0131 ancaq bu q\u0259d\u0259r milli, mill\u0259tl\u0259ri bir bayraq alt\u0131nda, bir amal u\u011frunda birl\u0259\u015fdir\u0259 bil\u0259rdi. Bu z\u0259f\u0259ri \u201cqaraba\u011fl\u0131lar torpaqlar\u0131na niy\u0259 qay\u0131tm\u0131r\u201d kimi m\u0259nas\u0131z replikalarla ucuzla\u015fd\u0131rmaq ist\u0259y\u0259nl\u0259r \u015f\u0259hidl\u0259rimizd\u0259n utanmal\u0131d\u0131rlar. O torpaqlara Az\u0259rbaycan xalq\u0131 qay\u0131d\u0131b, bunu g\u00f6rm\u0259m\u0259k \u00fc\u00e7\u00fcn ancaq kor olmaq laz\u0131md\u0131r.<\/p>\n<p>\u201cA\u011fdaml\u0131lar torpaqlar\u0131na qay\u0131tsayd\u0131lar&#8230;\u201d dey\u0259nl\u0259r o vaxt da vard\u0131, h\u0259l\u0259 d\u0259 var. A\u011fdam\u0131n vaxtil\u0259 \u201ca\u011flar\u0131n \u015f\u0259h\u0259ri\u201d oldu\u011funu bilm\u0259y\u0259nl\u0259rdir b\u0259zisi. \u0130\u015f\u011faldan sonra ilk d\u0259f\u0259 A\u011fdam\u0131 g\u00f6r\u0259nd\u0259 \u201cbu xarabal\u0131\u011fa baxmaq kifay\u0259tdir ki, DTX-n\u0131n zirz\u0259misind\u0259ki separat\u00e7\u0131lar\u0131 m\u0259hk\u0259m\u0259siz \u00f6m\u00fcrl\u00fck h\u0259bs ver\u0259s\u0259n\u201d yazm\u0131\u015fd\u0131m&#8230;<\/p>\n<p><img loading=\"lazy\" src=\"https:\/\/cdn.musavat.com\/news\/thumbnails\/a050c602cb5bc8ca08f1f401045db429.jpg\" alt=\"Screenshot_4.png (470 KB)\" width=\"700\" height=\"434\" \/><\/p>\n<p>\u201c\u015eu\u015faya qay\u0131das\u0131n\u0131z\u201d soru\u015fanlar da \u00e7oxdur. Niyy\u0259tl\u0259ri pis deyil, amma soru\u015fmaq tonu xo\u015f deyil. Deyil\u0259n\u0259 g\u00f6r\u0259, bu yax\u0131nlarda Qaraba\u011f camaat\u0131na xitab\u0259n \u201ctorpaqlar\u0131n\u0131z al\u0131nd\u0131, niy\u0259 qay\u0131tm\u0131rs\u0131z\u201d soru\u015fub birisi. Bir az da g\u00fclm\u0259li \u0259hvalatd\u0131r. \u00c7\u00fcnki deyil\u0259n\u0259 g\u00f6r\u0259, bu kinay\u0259li soru\u015fan \u00f6z\u00fc statusuna g\u00f6r\u0259 bizim kimi ke\u00e7mi\u015f m\u0259cburi k\u00f6\u00e7k\u00fcn yox, qa\u00e7q\u0131nd\u0131r&#8230;<\/p>\n<p>Vallah, s\u0259mimi narahat olanlar\u0131 ba\u015fa d\u00fc\u015fm\u0259k olar. Amma paytaxt Bak\u0131n\u0131 s\u0131x ed\u0259n, bahal\u0131 ma\u015f\u0131nlar\u0131 il\u0259 probka yaradanlar\u0131n qaraba\u011fl\u0131lar oldu\u011funu kim deyib, harada var bel\u0259 statistika? \u0130\u015f\u011faldan azad yurdlara qay\u0131d\u0131\u015f tezl\u0259\u015fm\u0259lidir, amma d\u00f6vl\u0259t baba o yurdlar\u0131 \u201csehirli \u00e7ubu\u011fu\u201d il\u0259 bird\u0259n-bir\u0259 tik\u0259 d\u0259 bilm\u0259z. Yeni \u015f\u0259h\u0259rl\u0259r sal\u0131n\u0131r, h\u0259r \u015f\u0259h\u0259rimiz yenid\u0259n, h\u0259m d\u0259 s\u00f6k\u00fcl\u00fcb yenid\u0259n tikilir. \u00dcst\u0259lik, bu \u00f6lk\u0259d\u0259 t\u0259kc\u0259 i\u015f\u011faldan azad zonalara deyil, he\u00e7 vaxt i\u015f\u011fal olunmayan rayonlara qay\u0131tmaq d\u0259rdi d\u0259 var ax\u0131. Bunu ham\u0131m\u0131z bilirik. Ata-babalar\u0131n\u0131n evinin qap\u0131s\u0131na q\u0131f\u0131l vurub m\u00fcharib\u0259nin \u201ciyi\u201dnin bel\u0259 d\u0259ym\u0259diyi yurdlar\u0131 t\u0259rk ed\u0259nl\u0259ri q\u0131namaq olarm\u0131?<\/p>\n<p><img loading=\"lazy\" src=\"https:\/\/cdn.musavat.com\/news\/thumbnails\/0022c648068e9b85b0a5cb254d1f398b.jpg\" alt=\"Screenshot_2.png (588 KB)\" width=\"700\" height=\"461\" \/><\/p>\n<p>\u00d6lk\u0259miz tarixi z\u0259f\u0259r qazan\u0131b. S\u00f6z\u0259 s\u0131\u011fmayan z\u0259f\u0259r. Ona g\u00f6r\u0259 Q\u0259l\u0259b\u0259ni regionla\u015fd\u0131rmayaq. Qaraba\u011f elat\u0131n\u0131n \u00f6z torpaqlar\u0131n\u0131 tezlikl\u0259 \u0259kib-bec\u0259r\u0259c\u0259kl\u0259rini, qurub-yaradacaqlar\u0131n\u0131 g\u00f6r\u0259c\u0259yik. Ham\u0131m\u0131z da bax\u0131b sevin\u0259c\u0259yik.<\/p>\n<p>&nbsp;<\/p>\n<div class=\"news-author text-left\"><a href=\"https:\/\/musavat.com\/author\/nazim-sabiroglu_14\"><img class=\"img-responsive img-author\" src=\"https:\/\/cdn.musavat.com\/authors\/thumbnails\/089ec4061b559d01e44911f558460e75.jpg\" \/>Nazim SAB\u0130RO\u011eLU<\/a><\/div>\n<\/div>\n<div><\/div>\n<div><\/div>\n<div class=\"inner-social-box\">\n<div class=\"subs-in-social subs-whatsapp\"><\/div>\n<\/div>\n","protected":false},"excerpt":{"rendered":"<p>Bu tarixi z\u0259f\u0259ri \u201cqaraba\u011fl\u0131lar torpaqlar\u0131na niy\u0259 qay\u0131tm\u0131r\u201d kimi m\u0259nas\u0131z replikalarla ucuzla\u015fd\u0131rmaq ist\u0259y\u0259nl\u0259r Az\u0259rbaycan\u0131n d\u00f6rd bir yan\u0131ndak\u0131 \u015e\u0259hidl\u0259r Xiyaban\u0131n\u0131 unutmamal\u0131d\u0131rlar B\u0259zil\u0259rinin ba\u015f\u0131 \u00e7ox b\u0259lalar \u00e7\u0259kmi\u015f Qaraba\u011f camaat\u0131n\u0131n ara-s\u0131ra\u00a0ac\u0131lamas\u0131na i\u015f\u011fal ill\u0259rind\u0259 \u0259h\u0259miyy\u0259t verdiyimi xat\u0131rlam\u0131ram. O h\u0259ssas ill\u0259rd\u0259 \u00fcr\u0259yimiz\u0259 d\u0259y\u0259nl\u0259rin b\u0259zil\u0259rinin d\u0259 ad\u0131n\u0131 unutmu\u015fam, yada salacaq tipl\u0259r deyill\u0259r. Biri vard\u0131,\u00a0bak\u0131l\u0131lar ad\u0131nda dan\u0131\u015f\u0131rd\u0131, \u201cg\u0259lm\u0259l\u0259r\u0259\u201d meydan oxuyurdu. Sonra m\u0259lum oldu ki, babas\u0131 \u0130ran hamballar\u0131na qo\u015fulub paytaxta g\u0259l\u0259nl\u0259rd\u0259ndir. \u00dcmumiyy\u0259tl\u0259, i\u015f\u011fal ill\u0259rind\u0259 bu m\u0259s\u0259l\u0259ni daha \u00e7ox \u201cbak\u0131l\u0131-rayonlu\u201d konteksind\u0259 g\u00fcnd\u0259m\u0259 g\u0259tir\u0259nl\u0259r olub, ax\u0131rda da \u00f6zl\u0259ri \u201ca\u011f bayraq\u201d qald\u0131r\u0131b, geri \u00e7\u0259kilibl\u0259r. Bu yax\u0131nlarda yaz\u0131\u00e7\u0131 El\u00e7inin v\u0259fat\u0131 il\u0259 ba\u011fl\u0131 a\u00e7\u0131qlamas\u0131n\u0131&hellip;<\/p>\n","protected":false},"author":2,"featured_media":824439,"comment_status":"closed","ping_status":"closed","sticky":false,"template":"","format":"standard","meta":{"om_disable_all_campaigns":false,"_monsterinsights_skip_tracking":false,"_monsterinsights_sitenote_active":false,"_monsterinsights_sitenote_note":"","_monsterinsights_sitenote_category":0},"categories":[19],"tags":[],"aioseo_notices":[],"gutentor_comment":0,"rttpg_featured_image_url":{"full":["https:\/\/arantv.az\/wp-content\/uploads\/2025\/09\/353f93919d9669640b50dcdcf462f9e2.png",703,433,false],"landscape":["https:\/\/arantv.az\/wp-content\/uploads\/2025\/09\/353f93919d9669640b50dcdcf462f9e2.png",703,433,false],"portraits":["https:\/\/arantv.az\/wp-content\/uploads\/2025\/09\/353f93919d9669640b50dcdcf462f9e2.png",703,433,false],"thumbnail":["https:\/\/arantv.az\/wp-content\/uploads\/2025\/09\/353f93919d9669640b50dcdcf462f9e2-500x280.png",500,280,true],"medium":["https:\/\/arantv.az\/wp-content\/uploads\/2025\/09\/353f93919d9669640b50dcdcf462f9e2-593x365.png",593,365,true],"large":["https:\/\/arantv.az\/wp-content\/uploads\/2025\/09\/353f93919d9669640b50dcdcf462f9e2.png",640,394,false],"1536x1536":["https:\/\/arantv.az\/wp-content\/uploads\/2025\/09\/353f93919d9669640b50dcdcf462f9e2.png",703,433,false],"2048x2048":["https:\/\/arantv.az\/wp-content\/uploads\/2025\/09\/353f93919d9669640b50dcdcf462f9e2.png",703,433,false],"post-thumbnail":["https:\/\/arantv.az\/wp-content\/uploads\/2025\/09\/353f93919d9669640b50dcdcf462f9e2-240x172.png",240,172,true],"advps-thumb-one":["https:\/\/arantv.az\/wp-content\/uploads\/2025\/09\/353f93919d9669640b50dcdcf462f9e2.png",703,433,false]},"rttpg_author":{"display_name":"V\u00fcsal Rafiqo\u011flu","author_link":"https:\/\/arantv.az\/?author=2"},"rttpg_comment":0,"rttpg_category":"<a href=\"https:\/\/arantv.az\/?cat=19\" rel=\"category\">G\u00fcnd\u0259m<\/a>","rttpg_excerpt":"Bu tarixi z\u0259f\u0259ri \u201cqaraba\u011fl\u0131lar torpaqlar\u0131na niy\u0259 qay\u0131tm\u0131r\u201d kimi m\u0259nas\u0131z replikalarla ucuzla\u015fd\u0131rmaq ist\u0259y\u0259nl\u0259r Az\u0259rbaycan\u0131n d\u00f6rd bir yan\u0131ndak\u0131 \u015e\u0259hidl\u0259r Xiyaban\u0131n\u0131 unutmamal\u0131d\u0131rlar B\u0259zil\u0259rinin ba\u015f\u0131 \u00e7ox b\u0259lalar \u00e7\u0259kmi\u015f Qaraba\u011f camaat\u0131n\u0131n ara-s\u0131ra\u00a0ac\u0131lamas\u0131na i\u015f\u011fal ill\u0259rind\u0259 \u0259h\u0259miyy\u0259t verdiyimi xat\u0131rlam\u0131ram. O h\u0259ssas ill\u0259rd\u0259 \u00fcr\u0259yimiz\u0259 d\u0259y\u0259nl\u0259rin b\u0259zil\u0259rinin d\u0259 ad\u0131n\u0131 unutmu\u015fam, yada salacaq tipl\u0259r deyill\u0259r. Biri vard\u0131,\u00a0bak\u0131l\u0131lar ad\u0131nda dan\u0131\u015f\u0131rd\u0131, \u201cg\u0259lm\u0259l\u0259r\u0259\u201d meydan oxuyurdu. Sonra m\u0259lum oldu&hellip;","_links":{"self":[{"href":"https:\/\/arantv.az\/index.php?rest_route=\/wp\/v2\/posts\/824438"}],"collection":[{"href":"https:\/\/arantv.az\/index.php?rest_route=\/wp\/v2\/posts"}],"about":[{"href":"https:\/\/arantv.az\/index.php?rest_route=\/wp\/v2\/types\/post"}],"author":[{"embeddable":true,"href":"https:\/\/arantv.az\/index.php?rest_route=\/wp\/v2\/users\/2"}],"replies":[{"embeddable":true,"href":"https:\/\/arantv.az\/index.php?rest_route=%2Fwp%2Fv2%2Fcomments&post=824438"}],"version-history":[{"count":1,"href":"https:\/\/arantv.az\/index.php?rest_route=\/wp\/v2\/posts\/824438\/revisions"}],"predecessor-version":[{"id":824440,"href":"https:\/\/arantv.az\/index.php?rest_route=\/wp\/v2\/posts\/824438\/revisions\/824440"}],"wp:featuredmedia":[{"embeddable":true,"href":"https:\/\/arantv.az\/index.php?rest_route=\/wp\/v2\/media\/824439"}],"wp:attachment":[{"href":"https:\/\/arantv.az\/index.php?rest_route=%2Fwp%2Fv2%2Fmedia&parent=824438"}],"wp:term":[{"taxonomy":"category","embeddable":true,"href":"https:\/\/arantv.az\/index.php?rest_route=%2Fwp%2Fv2%2Fcategories&post=824438"},{"taxonomy":"post_tag","embeddable":true,"href":"https:\/\/arantv.az\/index.php?rest_route=%2Fwp%2Fv2%2Ftags&post=824438"}],"curies":[{"name":"wp","href":"https:\/\/api.w.org\/{rel}","templated":true}]}}