{"id":824441,"date":"2025-09-04T07:50:28","date_gmt":"2025-09-04T03:50:28","guid":{"rendered":"https:\/\/arantv.az\/?p=824441"},"modified":"2025-09-04T07:50:28","modified_gmt":"2025-09-04T03:50:28","slug":"rusiya-munasib%c9%99tl%c9%99ri-niy%c9%99-k%c9%99skinl%c9%99sdirir","status":"publish","type":"post","link":"https:\/\/arantv.az\/?p=824441","title":{"rendered":"Rusiya m\u00fcnasib\u0259tl\u0259ri niy\u0259 k\u0259skinl\u0259\u015fdirir?"},"content":{"rendered":"<p>Rusiya Az\u0259rbaycanla m\u00fcnasib\u0259tl\u0259ri daha da k\u0259skinl\u0259\u015fdirm\u0259k m\u0259qs\u0259dil\u0259 d\u0259rid\u0259n-qab\u0131qdan \u00e7\u0131x\u0131r. Bel\u0259 ki,\u00a0AZAL-\u0131n Bak\u0131\u2013Qrozn\u0131 reysini yerin\u0259 yetir\u0259n \u201cEmbraer 190-100IGW\u201d tipli s\u0259rni\u015fin t\u0259yyar\u0259sinin vurulmas\u0131ndan\u00a08 ay ke\u00e7m\u0259sin\u0259 baxmayaraq, h\u0259l\u0259 d\u0259 beyn\u0259lxalq h\u00fcquq normalar\u0131na uy\u011fun\u00a0 r\u0259smi cavab verm\u0259y\u0259n, Yekaterinburqda v\u0259 dig\u0259r ya\u015fay\u0131\u015f m\u0259nt\u0259q\u0259l\u0259rind\u0259 h\u0259mv\u0259t\u0259nl\u0259rimiz\u0259 qar\u015f\u0131 vandal davran\u0131\u015flar h\u0259yata ke\u00e7ir\u0259n, Az\u0259rbaycan neftinin ixrac edildiyi Ukraynan\u0131n Odessa istiqam\u0259tind\u0259 qaz k\u0259m\u0259ri sistemini, SOCAR-\u0131n yanacaqdoldurma m\u0259nt\u0259q\u0259l\u0259rini, h\u0259m\u00e7inin s\u0259firliyimizi\u00a0 h\u0259d\u0259f\u0259 alan r\u0259smi Moskva Prezident \u0130lham \u018fliyevin S\u0259udiyy\u0259 \u018fr\u0259bistan\u0131n\u0131n \u201c\u018fl-\u018fr\u0259biyy\u0259\u201d telekanal\u0131na m\u00fcsahib\u0259si yay\u0131landan d\u0259rhal sonra \u00f6lk\u0259miz\u0259 qar\u015f\u0131 k\u00fctl\u0259vi informasiya kampaniyas\u0131na start verib. H\u0259tta apar\u0131c\u0131n\u0131n Z\u0259ng\u0259zur d\u0259hlizi (TRIPP) il\u0259 ba\u011fl\u0131 sual\u0131na Az\u0259rbaycan Prezidentinin tarixi faktlara \u0259saslanan cavab\u0131 kontekstd\u0259n \u00e7\u0131xar\u0131laraq saxtala\u015fd\u0131r\u0131lm\u0131\u015f v\u0259 ya t\u0259hrif olunmu\u015f formada Rusiya ictimaiyy\u0259tin\u0259 t\u0259qdim edilir.<\/p>\n<p>Yeri g\u0259lmi\u015fk\u0259n, d\u00f6vl\u0259t ba\u015f\u00e7\u0131m\u0131z \u201c\u018fl-\u018fr\u0259biyy\u0259\u201d telekanal\u0131na verdiyi m\u00fcsahib\u0259sind\u0259 b\u0259zi tarixi hadis\u0259l\u0259ri d\u0259 \u015f\u0259rh edib. M\u0259s\u0259l\u0259n, bildirib ki, Az\u0259rbaycan s\u00fcni \u015f\u0259kild\u0259 iki hiss\u0259y\u0259 b\u00f6l\u00fcn\u00fcb v\u0259 Nax\u00e7\u0131vanla \u0259laq\u0259 k\u0259silib: \u201c1920-ci ilin aprelind\u0259 rus ordusu Az\u0259rbaycana daxil olub onu i\u015f\u011fal etdi. C\u0259mi bir ne\u00e7\u0259 ay sonra &#8211; h\u0259min ilin noyabr\u0131nda sovet Rusiyas\u0131 h\u00f6kum\u0259ti q\u0259rar q\u0259bul etdi ki, Z\u0259ng\u0259zuru \u2013 bizim \u201cQ\u0259rbi Z\u0259ng\u0259zur\u201d adland\u0131rd\u0131\u011f\u0131m\u0131z \u0259razini Az\u0259rbaycandan al\u0131b Erm\u0259nistana versin. Bununla da Az\u0259rbaycan iki yer\u0259 b\u00f6l\u00fcnd\u00fc: \u0259sas hiss\u0259 v\u0259 Nax\u00e7\u0131van. Q\u0259rbi Z\u0259ng\u0259zur is\u0259 onlar\u0131n aras\u0131nda qald\u0131\u201d.<\/p>\n<p>Rusiya c\u0259miyy\u0259tind\u0259 anti-Az\u0259rbaycan t\u0259bli\u011fat\u0131n\u0131 alovland\u0131rmaq m\u0259qs\u0259dil\u0259 t\u0259\u015fkil edil\u0259n bu kampaniya televiziya kanallar\u0131, x\u0259b\u0259r saytlar\u0131, sosial media platformalar\u0131 v\u0259 m\u00fc\u0259yy\u0259n t\u0259siretm\u0259 roluna malik radikal m\u00f6vqeli \u015f\u0259xsl\u0259r vasit\u0259sil\u0259 apar\u0131l\u0131r. Yeri g\u0259lmi\u015fk\u0259n, qeyd ed\u0259k ki, kampaniyada \u00f6lk\u0259mizin suverenliyi v\u0259 \u0259razi b\u00fct\u00f6vl\u00fcy\u00fcn\u0259 qar\u015f\u0131 t\u0259hdidedici fikirl\u0259r d\u0259 yer almaqdad\u0131r. Kampaniyada Rusiya \u0259razisind\u0259 f\u0259aliyy\u0259ti qada\u011fan edilmi\u015f v\u0259 m\u0259hdudla\u015fd\u0131r\u0131lm\u0131\u015f &#8220;Facebook&#8221;, &#8220;Instagram&#8221; v\u0259 &#8220;X&#8221; kimi platformalardan, habel\u0259 dig\u0259r \u00f6lk\u0259 v\u0259t\u0259nda\u015flar\u0131n\u0131n ad\u0131ndan yarad\u0131lan sosial media profill\u0259rind\u0259n v\u0259 botlardan da geni\u015f istifad\u0259 olundu\u011fu m\u00fc\u015fahid\u0259 edilib.<\/p>\n<p>Xat\u0131rladaq ki, Prezident \u0130lham \u018fliyev \u201c\u018fl-\u018fr\u0259biyy\u0259\u201d telekanal\u0131na m\u00fcsahib\u0259sind\u0259 Az\u0259rbaycan\u0131n Rusiya il\u0259 m\u00fcnasib\u0259tl\u0259rin pisl\u0259\u015fm\u0259sin\u0259 g\u00f6r\u0259 m\u0259suliyy\u0259t da\u015f\u0131mad\u0131\u011f\u0131n\u0131 bildirib: \u201cBiz yaln\u0131z konstruktiv v\u0259 h\u00fcquqi \u015f\u0259kild\u0259 cavab veririk, lakin he\u00e7 vaxt biz\u0259 qar\u015f\u0131 t\u0259cav\u00fcz \u0259lam\u0259tl\u0259rin\u0259 v\u0259 t\u0259zah\u00fcrl\u0259rin\u0259, yaxud h\u00f6rm\u0259tsizliy\u0259 d\u00f6zm\u0259y\u0259c\u0259yik\u201d.<\/p>\n<p>Milli M\u0259clisin Xarici m\u00fcdaxil\u0259l\u0259r\u0259 v\u0259 hibrid t\u0259hdidl\u0259r\u0259 qar\u015f\u0131 komissiyas\u0131n\u0131n bu m\u0259s\u0259l\u0259 il\u0259 ba\u011fl\u0131 b\u0259yanat\u0131nda deyildiyi kimi, bu c\u00fcr ikrah do\u011furan kampaniyalar\u0131n Az\u0259rbaycanda ictimai r\u0259y\u0259 he\u00e7 bir t\u0259siri yoxdur: \u201cBu c\u00fcr f\u0259aliyy\u0259tl\u0259r yaln\u0131z Rusiya c\u0259miyy\u0259tini yalan faktlara s\u00f6yk\u0259n\u0259r\u0259k q\u0131z\u0131\u015fd\u0131rma\u011fa, qon\u015fu d\u00f6vl\u0259tl\u0259rl\u0259 \u0259sass\u0131z d\u00fc\u015fm\u0259n\u00e7iliy\u0259 s\u00fcr\u00fckl\u0259yir. Rusiyan\u0131 narahat ed\u0259n &#8220;rusofobiya&#8221; sindromunun k\u00f6kl\u0259rini &#8220;Z&#8221; blogerl\u0259rin f\u0259aliyy\u0259tind\u0259 axtarmaq laz\u0131md\u0131r. Xarici m\u00fcdaxil\u0259l\u0259r\u0259 v\u0259 hibrid t\u0259hdidl\u0259r\u0259 qar\u015f\u0131 komissiya aidiyy\u0259ti d\u00f6vl\u0259t qurumlar\u0131 il\u0259 birg\u0259 d\u00f6vl\u0259timiz\u0259 qar\u015f\u0131 apar\u0131lan bu qeyri-dost h\u0259r\u0259k\u0259tl\u0259ri yax\u0131ndan izl\u0259yir v\u0259 m\u00fcvafiq qabaqlay\u0131c\u0131 t\u0259dbirl\u0259ri davam etdirir&#8221;.<\/p>\n<p>\u015e\u00fcbh\u0259siz, Rusiyan\u0131n getdkic\u0259 aqressivl\u0259\u015fm\u0259si m\u00fcst\u0259qil siyas\u0259t y\u00fcr\u00fcd\u0259n, C\u0259nubi Qafqazda yeni reall\u0131qlar yaradan Az\u0259rbaycan\u0131n son ill\u0259r \u0259ld\u0259 etdiyi u\u011furlar\u0131ndan qaynaqlan\u0131r. X\u00fcsus\u0259n d\u0259 Va\u015finqtondak\u0131 s\u00fclh raz\u0131la\u015fmalar\u0131ndan sonra Kremlin q\u0259z\u0259bi soyumur. B\u00f6lg\u0259d\u0259 yeni geosiyasi hadis\u0259l\u0259rin ba\u015f verdiyi indiki h\u0259ssas m\u0259qamda Rusiya var g\u00fcc\u00fc il\u0259 region \u00f6lk\u0259l\u0259rinin daxili v\u0259 xarici siyas\u0259tl\u0259rin\u0259 m\u00fcxt\u0259lif vasit\u0259l\u0259rl\u0259 m\u00fcdaxil\u0259 etm\u0259y\u0259 \u00e7al\u0131\u015f\u0131r. Rusiya AT\u018fT-in Minsk qrupunun burax\u0131lmas\u0131n\u0131, Z\u0259ng\u0259zur d\u0259hlizin\u0259 n\u0259hay\u0259t, ya\u015f\u0131l i\u015f\u0131q yand\u0131r\u0131lmas\u0131n\u0131 d\u0259 h\u0259zm ed\u0259 bilmir. G\u00f6r\u00fcn\u00fcr, o bunlar\u0131 da \u00f6z\u00fcn\u0259 d\u0259rd edib.<\/p>\n<p>B\u00fct\u00fcn bunlar\u0131 d\u0259rind\u0259n analiz ed\u0259nd\u0259 bel\u0259 q\u0259na\u0259t\u0259 g\u0259lm\u0259k olar ki, bu g\u00fcn d\u00fcnya siyas\u0259tind\u0259 t\u0259kl\u0259n\u0259n Rusiyada art\u0131q \u015fovinizm, islamofobiya, irq\u00e7ilik bu d\u00f6vl\u0259tin siyas\u0259tin\u0259, onun apar\u0131c\u0131 siyasi-ideoloji x\u0259ttin\u0259 \u00e7evrilib. Bunlar is\u0259 s\u00f6z\u00fcged\u0259n \u00f6lk\u0259ni f\u0259lak\u0259t\u0259 s\u00fcr\u00fckl\u0259yir. Bu m\u0259nada Rusiyan\u0131n Az\u0259rbaycan il\u0259 m\u00fcnasib\u0259tl\u0259ri pozma\u011fa maraql\u0131 oldu\u011funu s\u00f6yl\u0259m\u0259k olar.\u00a0B\u0259li, haz\u0131rda Az\u0259rbaycan\u2013Rusiya m\u00fcnasib\u0259tl\u0259ri kifay\u0259t q\u0259d\u0259r g\u0259rgindir. O da ayd\u0131nd\u0131r ki, bunun s\u0259b\u0259bkar\u0131 Az\u0259rbaycan deyil. S\u0259b\u0259bkar\u0131 da, g\u00fcnahkar\u0131 da Rusiyad\u0131r.<\/p>\n<p>Yeri g\u0259lmi\u015fk\u0259n qeyd ed\u0259k ki, bu g\u00fcnl\u0259rd\u0259 Az\u0259rbaycan Ba\u015f nazirinin m\u00fcavini \u015eahin Mustafayevin r\u0259hb\u0259rlik etdiyi n\u00fcmay\u0259nd\u0259 hey\u0259ti Rusiya Federasiyas\u0131n\u0131n H\u0259\u015ft\u0259rxan vilay\u0259tind\u0259 s\u0259f\u0259rd\u0259 olark\u0259n Rusiya Ba\u015f nazirinin m\u00fcavini Aleksey Over\u00e7ukla \u00f6lk\u0259 aras\u0131nda iqtisadi \u0259m\u0259kda\u015f\u0131q \u00fczr\u0259 H\u00f6kum\u0259tl\u0259raras\u0131 Komissiyan\u0131n 23-c\u00fc iclas\u0131n\u0131n Protokolunu da imzalay\u0131blar. H\u0259tta siyas\u0259t\u00e7il\u0259r bunu Rusiya\u2013Az\u0259rbaycan m\u00fcnasib\u0259tl\u0259rind\u0259 yeni m\u0259rh\u0259l\u0259nin ba\u015flan\u011f\u0131c\u0131n\u0131 qoydu\u011funu v\u0259 g\u0259l\u0259c\u0259kd\u0259 qar\u015f\u0131l\u0131ql\u0131 faydal\u0131 \u0259m\u0259kda\u015fl\u0131\u011f\u0131n geni\u015fl\u0259n\u0259c\u0259yini dem\u0259y\u0259 \u0259sas verdiyini bildirmi\u015fdil\u0259r. Amma g\u00f6r\u00fcn\u0259n odur ki, Rusiya siyasi dair\u0259l\u0259rind\u0259 iki \u00f6lk\u0259 aras\u0131nda m\u00fcnasib\u0259tl\u0259rin korlanmas\u0131 \u00fc\u00e7\u00fcn sistemli f\u0259aliyy\u0259t g\u00f6st\u0259r\u0259n qruplar m\u00f6vcuddur.<\/p>\n<p><strong>Qvami M\u0259h\u0259bb\u0259to\u011flu, \u201c\u0130ki sahil\u201d<\/strong><\/p>\n","protected":false},"excerpt":{"rendered":"<p>Rusiya Az\u0259rbaycanla m\u00fcnasib\u0259tl\u0259ri daha da k\u0259skinl\u0259\u015fdirm\u0259k m\u0259qs\u0259dil\u0259 d\u0259rid\u0259n-qab\u0131qdan \u00e7\u0131x\u0131r. Bel\u0259 ki,\u00a0AZAL-\u0131n Bak\u0131\u2013Qrozn\u0131 reysini yerin\u0259 yetir\u0259n \u201cEmbraer 190-100IGW\u201d tipli s\u0259rni\u015fin t\u0259yyar\u0259sinin vurulmas\u0131ndan\u00a08 ay ke\u00e7m\u0259sin\u0259 baxmayaraq, h\u0259l\u0259 d\u0259 beyn\u0259lxalq h\u00fcquq normalar\u0131na uy\u011fun\u00a0 r\u0259smi cavab verm\u0259y\u0259n, Yekaterinburqda v\u0259 dig\u0259r ya\u015fay\u0131\u015f m\u0259nt\u0259q\u0259l\u0259rind\u0259 h\u0259mv\u0259t\u0259nl\u0259rimiz\u0259 qar\u015f\u0131 vandal davran\u0131\u015flar h\u0259yata ke\u00e7ir\u0259n, Az\u0259rbaycan neftinin ixrac edildiyi Ukraynan\u0131n Odessa istiqam\u0259tind\u0259 qaz k\u0259m\u0259ri sistemini, SOCAR-\u0131n yanacaqdoldurma m\u0259nt\u0259q\u0259l\u0259rini, h\u0259m\u00e7inin s\u0259firliyimizi\u00a0 h\u0259d\u0259f\u0259 alan r\u0259smi Moskva Prezident \u0130lham \u018fliyevin S\u0259udiyy\u0259 \u018fr\u0259bistan\u0131n\u0131n \u201c\u018fl-\u018fr\u0259biyy\u0259\u201d telekanal\u0131na m\u00fcsahib\u0259si yay\u0131landan d\u0259rhal sonra \u00f6lk\u0259miz\u0259 qar\u015f\u0131 k\u00fctl\u0259vi informasiya kampaniyas\u0131na start verib. H\u0259tta apar\u0131c\u0131n\u0131n Z\u0259ng\u0259zur d\u0259hlizi (TRIPP) il\u0259 ba\u011fl\u0131 sual\u0131na Az\u0259rbaycan&hellip;<\/p>\n","protected":false},"author":2,"featured_media":824442,"comment_status":"closed","ping_status":"closed","sticky":false,"template":"","format":"standard","meta":{"om_disable_all_campaigns":false,"_monsterinsights_skip_tracking":false,"_monsterinsights_sitenote_active":false,"_monsterinsights_sitenote_note":"","_monsterinsights_sitenote_category":0},"categories":[19],"tags":[],"aioseo_notices":[],"gutentor_comment":0,"rttpg_featured_image_url":{"full":["https:\/\/arantv.az\/wp-content\/uploads\/2025\/09\/d5d7f5bb171788006565019816911018469.jpg",975,540,false],"landscape":["https:\/\/arantv.az\/wp-content\/uploads\/2025\/09\/d5d7f5bb171788006565019816911018469.jpg",975,540,false],"portraits":["https:\/\/arantv.az\/wp-content\/uploads\/2025\/09\/d5d7f5bb171788006565019816911018469.jpg",975,540,false],"thumbnail":["https:\/\/arantv.az\/wp-content\/uploads\/2025\/09\/d5d7f5bb171788006565019816911018469-500x280.jpg",500,280,true],"medium":["https:\/\/arantv.az\/wp-content\/uploads\/2025\/09\/d5d7f5bb171788006565019816911018469-660x365.jpg",660,365,true],"large":["https:\/\/arantv.az\/wp-content\/uploads\/2025\/09\/d5d7f5bb171788006565019816911018469-840x465.jpg",640,354,true],"1536x1536":["https:\/\/arantv.az\/wp-content\/uploads\/2025\/09\/d5d7f5bb171788006565019816911018469.jpg",975,540,false],"2048x2048":["https:\/\/arantv.az\/wp-content\/uploads\/2025\/09\/d5d7f5bb171788006565019816911018469.jpg",975,540,false],"post-thumbnail":["https:\/\/arantv.az\/wp-content\/uploads\/2025\/09\/d5d7f5bb171788006565019816911018469-240x172.jpg",240,172,true],"advps-thumb-one":["https:\/\/arantv.az\/wp-content\/uploads\/2025\/09\/d5d7f5bb171788006565019816911018469.jpg",975,540,false]},"rttpg_author":{"display_name":"V\u00fcsal Rafiqo\u011flu","author_link":"https:\/\/arantv.az\/?author=2"},"rttpg_comment":0,"rttpg_category":"<a href=\"https:\/\/arantv.az\/?cat=19\" rel=\"category\">G\u00fcnd\u0259m<\/a>","rttpg_excerpt":"Rusiya Az\u0259rbaycanla m\u00fcnasib\u0259tl\u0259ri daha da k\u0259skinl\u0259\u015fdirm\u0259k m\u0259qs\u0259dil\u0259 d\u0259rid\u0259n-qab\u0131qdan \u00e7\u0131x\u0131r. Bel\u0259 ki,\u00a0AZAL-\u0131n Bak\u0131\u2013Qrozn\u0131 reysini yerin\u0259 yetir\u0259n \u201cEmbraer 190-100IGW\u201d tipli s\u0259rni\u015fin t\u0259yyar\u0259sinin vurulmas\u0131ndan\u00a08 ay ke\u00e7m\u0259sin\u0259 baxmayaraq, h\u0259l\u0259 d\u0259 beyn\u0259lxalq h\u00fcquq normalar\u0131na uy\u011fun\u00a0 r\u0259smi cavab verm\u0259y\u0259n, Yekaterinburqda v\u0259 dig\u0259r ya\u015fay\u0131\u015f m\u0259nt\u0259q\u0259l\u0259rind\u0259 h\u0259mv\u0259t\u0259nl\u0259rimiz\u0259 qar\u015f\u0131 vandal davran\u0131\u015flar h\u0259yata ke\u00e7ir\u0259n, Az\u0259rbaycan neftinin ixrac edildiyi Ukraynan\u0131n Odessa istiqam\u0259tind\u0259 qaz k\u0259m\u0259ri sistemini, SOCAR-\u0131n&hellip;","_links":{"self":[{"href":"https:\/\/arantv.az\/index.php?rest_route=\/wp\/v2\/posts\/824441"}],"collection":[{"href":"https:\/\/arantv.az\/index.php?rest_route=\/wp\/v2\/posts"}],"about":[{"href":"https:\/\/arantv.az\/index.php?rest_route=\/wp\/v2\/types\/post"}],"author":[{"embeddable":true,"href":"https:\/\/arantv.az\/index.php?rest_route=\/wp\/v2\/users\/2"}],"replies":[{"embeddable":true,"href":"https:\/\/arantv.az\/index.php?rest_route=%2Fwp%2Fv2%2Fcomments&post=824441"}],"version-history":[{"count":1,"href":"https:\/\/arantv.az\/index.php?rest_route=\/wp\/v2\/posts\/824441\/revisions"}],"predecessor-version":[{"id":824443,"href":"https:\/\/arantv.az\/index.php?rest_route=\/wp\/v2\/posts\/824441\/revisions\/824443"}],"wp:featuredmedia":[{"embeddable":true,"href":"https:\/\/arantv.az\/index.php?rest_route=\/wp\/v2\/media\/824442"}],"wp:attachment":[{"href":"https:\/\/arantv.az\/index.php?rest_route=%2Fwp%2Fv2%2Fmedia&parent=824441"}],"wp:term":[{"taxonomy":"category","embeddable":true,"href":"https:\/\/arantv.az\/index.php?rest_route=%2Fwp%2Fv2%2Fcategories&post=824441"},{"taxonomy":"post_tag","embeddable":true,"href":"https:\/\/arantv.az\/index.php?rest_route=%2Fwp%2Fv2%2Ftags&post=824441"}],"curies":[{"name":"wp","href":"https:\/\/api.w.org\/{rel}","templated":true}]}}