{"id":824444,"date":"2025-09-04T07:52:34","date_gmt":"2025-09-04T03:52:34","guid":{"rendered":"https:\/\/arantv.az\/?p=824444"},"modified":"2025-09-04T07:52:34","modified_gmt":"2025-09-04T03:52:34","slug":"prezidentin-abs-v%c9%99-cin-s%c9%99f%c9%99rl%c9%99ri-bir-daha-gost%c9%99rdi-ki-bu-gun-az%c9%99rbaycan-dovl%c9%99tinin-geosiyasi-qudr%c9%99ti-s%c9%99rh%c9%99d-tanimir","status":"publish","type":"post","link":"https:\/\/arantv.az\/?p=824444","title":{"rendered":"Prezidentin AB\u015e v\u0259 \u00c7in s\u0259f\u0259rl\u0259ri bir daha g\u00f6st\u0259rdi ki, bu g\u00fcn Az\u0259rbaycan d\u00f6vl\u0259tinin geosiyasi q\u00fcdr\u0259ti s\u0259rh\u0259d tan\u0131m\u0131r"},"content":{"rendered":"<p><em><strong>\u015e\u018fT-l\u0259 \u0259m\u0259kda\u015fl\u0131q \u00f6lk\u0259miz\u0259 yeni siyasi v\u0259 iqtisadi dividendl\u0259r, geni\u015f manevr imkanlar\u0131 qazand\u0131r\u0131r<\/strong><\/em><\/p>\n<p>Bu g\u00fcn Az\u0259rbaycan d\u00f6vl\u0259tinin geosiyasi q\u00fcdr\u0259ti s\u0259rh\u0259d tan\u0131m\u0131r. X\u00fcsusil\u0259 son bir ne\u00e7\u0259 ayda Prezident \u0130lham \u018fliyevin m\u00fcdrik v\u0259 q\u0259tiyy\u0259tli \u00a0xarici siyas\u0259ti n\u0259tic\u0259sind\u0259 \u00f6lk\u0259miz d\u00fcnyan\u0131n f\u00f6vq\u0259lg\u00fcc d\u00f6vl\u0259tl\u0259ri il\u0259\u00a0 iqtisadi v\u0259 siyasi \u0259m\u0259kda\u015fl\u0131qlar\u0131n\u0131 daha da geni\u015fl\u0259ndirir. Bel\u0259 ki, \u00f6t\u0259n ay Prezident \u0130lham \u018fliyevin AB\u015e Prezidenti Donald Tramp\u0131n d\u0259v\u0259ti il\u0259 Va\u015finqtona s\u0259f\u0259ri v\u0259 orada \u00f6lk\u0259mizin ba\u015f\u00e7\u0131s\u0131n\u0131n y\u00fcks\u0259k s\u0259viyy\u0259d\u0259 qar\u015f\u0131lanmas\u0131 b\u00fct\u00fcn d\u00fcnyada heyranl\u0131qla qar\u015f\u0131land\u0131. Burada AB\u015e Prezidentinin t\u0259\u015fkilat\u00e7\u0131l\u0131\u011f\u0131 il\u0259 Az\u0259rbaycan v\u0259 Erm\u0259nistan aras\u0131nda imzalanacaq s\u00fclh m\u00fcqavil\u0259sinin paraflanmas\u0131 t\u0259dbiri beyn\u0259lxalq al\u0259min \u0259sas g\u00fcnd\u0259mi oldu. Eyni zamanda, Az\u0259rbaycan xalq\u0131 var olduqca 2025-ci il 8 avqust tarixi d\u0259 he\u00e7 zaman unudulmayacaq v\u0259 milli t\u0259qvimimizin \u0259n parlaq s\u0259hif\u0259l\u0259rind\u0259n biri kimi yadda\u015flarda \u0259b\u0259di olaraq ya\u015fayacaq. Ona g\u00f6r\u0259 ki, h\u0259min g\u00fcn d\u00fcnyan\u0131n \u0259n q\u00fcdr\u0259tli d\u00f6vl\u0259tinin, y\u0259ni AB\u015e Prezidenti Donald Tramp\u0131n Prezident \u0130lham \u018fliyev\u0259 xitab\u0259n dediyi: \u00abSiz b\u00f6y\u00fck lidersiniz\u00bb v\u0259 \u00abXalq\u0131n\u0131z b\u00f6y\u00fck xalqd\u0131r\u00bb s\u00f6zl\u0259ri he\u00e7 zaman unudulmayacaq. Bundan ba\u015fqa, c\u0259nab Tramp\u0131n\u00a0 A\u011f evin a\u00e7arlar\u0131n\u0131 Prezident \u0130lham \u018fliyev\u0259 t\u0259qdim etm\u0259si dostlar\u0131m\u0131z\u0131 q\u00fcrurland\u0131rd\u0131\u011f\u0131 q\u0259d\u0259r\u00a0 d\u00fc\u015fm\u0259nl\u0259rimizi sars\u0131td\u0131.<\/p>\n<p>Az\u0259rbaycan d\u00f6vl\u0259tinin h\u0259yat\u0131nda ikinci m\u00f6ht\u0259\u015f\u0259m hadis\u0259 is\u0259 Prezident \u0130lham \u018fliyevin \u00f6t\u0259n g\u00fcnl\u0259rd\u0259 \u00c7in Xalq Respublikas\u0131na (\u00c7XR) s\u0259f\u0259ri oldu. Burada \u00f6lk\u0259mizin ba\u015f\u00e7\u0131s\u0131n\u0131n \u00e7ox y\u00fcks\u0259k s\u0259viyy\u0259d\u0259 qar\u015f\u0131lanmas\u0131 bir daha g\u00f6st\u0259rdi ki, d\u00fcnyan\u0131n daha bir f\u00f6vq\u0259lg\u00fcc \u00f6lk\u0259si il\u0259 dostluq v\u0259 \u0259m\u0259kda\u015fl\u0131q \u0259laq\u0259l\u0259rimiz davaml\u0131 olaraq geni\u015fl\u0259nir. Eyni zamanda, Az\u0259rbaycan\u0131n \u015eanxay \u018fm\u0259kda\u015fl\u0131q T\u0259\u015fkilat\u0131 (\u015e\u018fT) il\u0259 \u0259m\u0259kda\u015fl\u0131\u011f\u0131 istiqam\u0259tind\u0259 yeni f\u00fcrs\u0259tl\u0259rin yaranmas\u0131 diqq\u0259t\u00e7\u0259kici hadis\u0259dir.<\/p>\n<p>Xat\u0131rladaq ki, \u015e\u018fT h\u0259m co\u011frafiyas\u0131na, h\u0259m d\u0259 \u0259halisinin say\u0131na g\u00f6r\u0259 d\u00fcnyan\u0131n \u0259n b\u00f6y\u00fck d\u00f6vl\u0259tl\u0259rini birl\u0259\u015fdir\u0259n beyn\u0259lxalq qurumdur. Haz\u0131rda \u015e\u018fT XXI \u0259srin n\u00fcfuzlu regional bloklar\u0131ndan biridir. Qeyd ed\u0259k ki, 2001-ci ild\u0259 \u00c7in, Rusiya, Qazax\u0131stan, Q\u0131r\u011f\u0131z\u0131stan, \u00d6zb\u0259kistan v\u0259 Tacikistan\u0131n i\u015ftirak\u0131 il\u0259 \u015eanxayda t\u0259sis edil\u0259n t\u0259\u015fkilata sonradan Pakistan, Hindistan, \u0130ran v\u0259 Belarus da qo\u015fulub. Bundan ba\u015fqa, haz\u0131rda qurumun 2 m\u00fc\u015fahid\u0259\u00e7i \u00fczv\u00fc, habel\u0259 Az\u0259rbaycan v\u0259 T\u00fcrkiy\u0259 d\u0259 daxil olmaqla 14 dialoq t\u0259r\u0259fda\u015f\u0131 var. Daha bir ne\u00e7\u0259 \u00f6lk\u0259 dialoq t\u0259r\u0259fda\u015f\u0131 statusu almaq \u00fc\u00e7\u00fcn m\u00fcraci\u0259t edib. \u015e\u018fT-\u0259 \u00fczv \u00f6lk\u0259l\u0259r Avrasiya \u0259razisinin t\u0259xmin\u0259n 60 faizini, d\u00fcnya \u0259halisinin 40 faizini, qlobal \u00fcmumi daxili m\u0259hsulun 25 faizini t\u0259\u015fkil edir. Haz\u0131rda qurumla 50-d\u0259n \u00e7ox sah\u0259d\u0259 \u0259m\u0259kda\u015fl\u0131q ed\u0259n \u00f6lk\u0259l\u0259rin \u00fcmumi iqtisadi potensial\u0131 30 trilyon dollara yax\u0131nd\u0131r.<\/p>\n<p>\u015e\u018fT-in m\u0259qs\u0259dl\u0259ri geni\u015f v\u0259 \u00e7oxt\u0259r\u0259flidir. \u00dczv \u00f6lk\u0259l\u0259r aras\u0131nda qar\u015f\u0131l\u0131ql\u0131 etimad\u0131n m\u00f6hk\u0259ml\u0259ndirilm\u0259si, qon\u015fuluq v\u0259 \u0259m\u0259kda\u015fl\u0131q m\u00fcnasib\u0259tl\u0259rinin inki\u015faf\u0131, siyas\u0259t,\u00a0 iqtisadiyyat, elm v\u0259 t\u0259hsil, enerji, m\u0259d\u0259niyy\u0259t kimi sah\u0259l\u0259rd\u0259 birg\u0259 f\u0259aliyy\u0259tin t\u0259\u015fviqi t\u0259\u015fkilat\u0131n \u0259sas h\u0259d\u0259fl\u0259ridir. Bu g\u00fcn a\u015fkar g\u00f6r\u00fcn\u00fcr ki, \u015e\u018fT ciddi h\u0259d\u0259fl\u0259r\u0259 do\u011fru add\u0131mlay\u0131r. Avrasiyan\u0131n siyasi v\u0259 iqtisadi x\u0259rit\u0259sini yenid\u0259n \u00e7\u0259k\u0259n bu qurum Q\u0259rb m\u0259rk\u0259zli qurumlara alternativ bir g\u00fcc modelin\u0259 \u00e7evrilir. He\u00e7 t\u0259sad\u00fcfi deyil ki, beyn\u0259lxalq ekspertl\u0259r \u015e\u018fT-in g\u00fcc\u00fcn\u00fc \u00a0b\u0259z\u0259n \u00abB\u00f6y\u00fck Yeddi\u00bbl\u0259rl\u0259 eynil\u0259\u015fdirirl\u0259r.<\/p>\n<p>Son onillikd\u0259 d\u00fcnyada ba\u015f ver\u0259n m\u00fcharib\u0259l\u0259r v\u0259 d\u0259rinl\u0259\u015f\u0259n m\u00fcnaqi\u015f\u0259l\u0259r bir daha t\u0259sdiq edir ki, haz\u0131rda d\u00fcnyada g\u00fcc b\u00f6lg\u00fcs\u00fc yenid\u0259n formala\u015f\u0131r. M\u0259hz bel\u0259 bir m\u00fcr\u0259kk\u0259b d\u00fcnya d\u00fcz\u0259nind\u0259 \u00f6lk\u0259mizin d\u0259 Avrasiyan\u0131n n\u0259h\u0259ng siyasi, iqtisadi v\u0259 t\u0259hl\u00fck\u0259sizlik platformas\u0131 olan \u015e\u018fT-l\u0259 \u0259m\u0259kda\u015fl\u0131\u011f\u0131 z\u0259rur\u0259t\u0259 \u00e7evrilir. Bu g\u00fcn Az\u0259rbaycana \u015e\u018fT kimi qlobal \u0259h\u0259miyy\u0259tli bir qurum n\u0259 q\u0259d\u0259r laz\u0131md\u0131rsa, h\u0259min qurumun da \u00f6lk\u0259miz\u0259 o q\u0259d\u0259r ehtiyac\u0131 var. \u00c7\u00fcnki Az\u0259rbaycan Orta D\u0259hlizin m\u0259rk\u0259zind\u0259dir v\u0259 buradan ke\u00e7\u0259n neft-qaz v\u0259 d\u0259miryol x\u0259tl\u0259ri\u00a0 Asiya \u00f6lk\u0259l\u0259rinin iqtisadi-ticari yollar\u0131na \u00e7evril\u0259 bil\u0259r. Y\u0259ni, Avropa il\u0259 Asiya aras\u0131nda birl\u0259\u015fdirici k\u00f6rp\u00fc rolunu oynayan \u00f6lk\u0259miz \u015e\u018fT-in diqq\u0259t dair\u0259sind\u0259 olmas\u0131 \u00fc\u00e7\u00fcn yet\u0259rinc\u0259 imkanlara malikdir.<\/p>\n<p>X\u00fcsusi vur\u011fulamaq laz\u0131md\u0131r ki, bu n\u0259h\u0259ng t\u0259\u015fkilatla art\u0131q Az\u0259rbaycan da s\u0131x \u0259m\u0259kda\u015fl\u0131q edir. \u00c7inin Tiencin \u015f\u0259h\u0259rind\u0259\u00a0 Prezident \u0130lham \u018fliyevin \u00c7XR s\u0259dri Si Cinpin il\u0259 g\u00f6r\u00fc\u015f\u00fcnd\u0259 bu m\u00fcst\u0259vid\u0259 \u0259m\u0259kda\u015fl\u0131q da diqq\u0259t m\u0259rk\u0259zind\u0259 yer al\u0131b. S\u0259dr bildirib ki, \u00f6lk\u0259si Az\u0259rbaycan\u0131n \u015eanxay \u018fm\u0259kda\u015fl\u0131q T\u0259\u015fkilat\u0131 il\u0259 \u0259laq\u0259l\u0259rinin geni\u015fl\u0259nm\u0259sini d\u0259st\u0259kl\u0259yir. Onu da qeyd ed\u0259k ki, daha \u00e7ox ticari \u0259laq\u0259l\u0259rini \u00a0\u00f6z\u00fcnd\u0259 c\u0259ml\u0259\u015fdr\u0259n \u015e\u018fT h\u0259m\u00e7inin regional t\u0259hl\u00fck\u0259sizlik, terrorizm, separatizm, ekstremizml\u0259 birg\u0259 m\u00fcbariz\u0259 t\u0259dbirl\u0259ri \u00e7\u0259r\u00e7iv\u0259sind\u0259 d\u0259 d\u0259rin \u0259m\u0259kda\u015fl\u0131\u011fa \u00e7al\u0131\u015f\u0131r.<\/p>\n<p>Bu g\u00fcn \u00f6lk\u0259miz \u015e\u018fT-in iclas v\u0259 forumlar\u0131nda f\u0259al i\u015ftirak ed\u0259r\u0259k t\u0259\u015fkilat\u0131n f\u0259aliyy\u0259tin\u0259 v\u0259 q\u0259rarlar\u0131n m\u00fczakir\u0259sin\u0259 t\u00f6hf\u0259 verir. \u00d6lk\u0259miz siyasi, iqtisadi v\u0259 humanitar \u0259m\u0259kda\u015fl\u0131q \u00e7\u0259r\u00e7iv\u0259sind\u0259 birg\u0259 layih\u0259l\u0259r h\u0259yata ke\u00e7irir, h\u0259m\u00e7inin terrorizm v\u0259 narkotik ticar\u0259ti il\u0259 m\u00fcbariz\u0259 kimi t\u0259hl\u00fck\u0259sizlik t\u0259\u015f\u0259bb\u00fcsl\u0259rind\u0259 i\u015ftirak edir. Dialoq format\u0131 \u0259sas\u0259n m\u00f6vcud \u0259m\u0259kda\u015fl\u0131\u011f\u0131n g\u00fccl\u0259ndirilm\u0259sin\u0259 xidm\u0259t ets\u0259 d\u0259 onun h\u0259d\u0259fi siyasi, iqtisadi v\u0259 humanitar t\u0259r\u0259fda\u015fl\u0131\u011f\u0131n daha da inki\u015faf\u0131 \u00fc\u00e7\u00fcn m\u00f6hk\u0259m z\u0259min yaratmaqd\u0131r. Az\u0259rbaycan \u00fc\u00e7\u00fcn \u015e\u018fT platformas\u0131 Asiyan\u0131n b\u00f6y\u00fck d\u00f6vl\u0259tl\u0259ri il\u0259 yeni iqtisadi v\u0259 ticari \u0259laq\u0259l\u0259ri geni\u015fl\u0259ndirm\u0259kdir.<\/p>\n<p>Xat\u0131rladaq ki,\u00a0 Prezident \u0130lham \u018fliyev ilk d\u0259f\u0259 2022-ci ild\u0259 \u015e\u018fT-in S\u0259m\u0259rq\u0259nd Sammitind\u0259 f\u0259xri qonaq qismind\u0259 i\u015ftirak edib v\u0259 sonrak\u0131 ill\u0259rd\u0259 Az\u0259rbaycan\u2013\u015e\u018fT \u0259m\u0259kda\u015fl\u0131\u011f\u0131 y\u00fcks\u0259l\u0259n x\u0259tl\u0259 inki\u015faf edib. T\u0259\u015fkilat h\u0259m d\u0259 Az\u0259rbaycan\u0131n \u00f6z s\u0259sini v\u0259 m\u00f6vqeyini d\u00fcnyaya \u00e7atd\u0131rmas\u0131 \u00fc\u00e7\u00fcn vacib platformad\u0131r. Mar\u015frutlar\u0131 Az\u0259rbaycan \u0259razisind\u0259n ke\u00e7\u0259n \u015eimal\u2013C\u0259nub v\u0259 \u015e\u0259rq\u2013Q\u0259rb n\u0259qliyyat layih\u0259l\u0259rinin realla\u015fmas\u0131na g\u00f6zl\u0259ntil\u0259rin artmas\u0131 \u00f6lk\u0259mizin \u015e\u018fT d\u00f6vl\u0259tl\u0259ri \u00fc\u00e7\u00fcn \u0259h\u0259miyy\u0259tini daha da art\u0131r\u0131b.<\/p>\n<p>B\u0259li, birm\u0259nal\u0131 olaraq \u00f6lk\u0259miz \u00a0\u015e\u018fT-l\u0259 \u0259m\u0259kda\u015fl\u0131\u011fa b\u00f6y\u00fck \u00f6n\u0259m verir. \u015e\u018fT-d\u0259 dialoq t\u0259r\u0259fda\u015f\u0131 statusuna sahib olan Az\u0259rbaycan t\u0259\u015fkilatla \u0259m\u0259kda\u015fl\u0131\u011f\u0131n\u0131 daha da d\u0259rinl\u0259\u015fdirm\u0259k, m\u00fc\u015fahid\u0259\u00e7i, daha sonra is\u0259 tamh\u00fcquqlu \u00fczv olmaqda maraql\u0131d\u0131r. H\u0259l\u0259 2016-c\u0131 ild\u0259 Az\u0259rbaycan il\u0259 \u015e\u018fT aras\u0131nda \u0259m\u0259kda\u015fl\u0131q sah\u0259l\u0259rini \u0259ks etdir\u0259n memorandum imzalan\u0131b. \u00d6lk\u0259mizl\u0259 \u0259m\u0259kda\u015fl\u0131q \u015e\u018fT-in \u00f6z\u00fc \u00fc\u00e7\u00fcn d\u0259 olduqca c\u0259lbedicidir. X\u00fcsus\u0259n Az\u0259rbaycan\u0131n Avrasiya m\u0259kan\u0131nda \u0259sas tranzit qov\u015fa\u011fa \u00e7evrilm\u0259si burada \u00f6z s\u00f6z\u00fcn\u00fc deyir. Z\u0259ng\u0259zur d\u0259hlizinin a\u00e7\u0131lmas\u0131 \u015e\u018fT \u00fc\u00e7\u00fcn d\u0259 n\u0259qliyyat-logistika sferas\u0131nda \u0259lav\u0259 \u00fcst\u00fcnl\u00fckl\u0259r yaradacaq.<\/p>\n<p>T\u0259\u015fkilatda \u00a0\u00c7XR-in apar\u0131c\u0131 rolu var. Son ill\u0259r Az\u0259rbaycan-\u00c7in m\u00fcnasib\u0259tl\u0259rinin s\u00fcr\u0259tl\u0259 inki\u015faf\u0131 \u00f6lk\u0259mizin \u015e\u018fT-l\u0259 \u0259m\u0259kda\u015fl\u0131\u011f\u0131na da m\u00fcsb\u0259t t\u0259sir g\u00f6st\u0259rib. Tarixi q\u0259dim \u0130p\u0259k yolu d\u00f6vr\u00fcn\u0259 gedib \u00e7\u0131xan Az\u0259rbaycan-\u00c7in m\u00fcnasib\u0259tl\u0259ri \u00f6lk\u0259miz m\u00fcst\u0259qilliyini b\u0259rpa etdikd\u0259n sonra yeni m\u0259rh\u0259l\u0259y\u0259 q\u0259d\u0259m qoyub. \u0130qtisadi, h\u0259rbi potensial\u0131n\u0131 s\u00fcr\u0259tl\u0259 g\u00fccl\u0259ndir\u0259n \u00c7inin m\u00fcasir d\u00fcnyada siyasi prosesl\u0259r\u0259, beyn\u0259lxalq m\u00fcnasib\u0259tl\u0259rin formala\u015fmas\u0131na t\u0259sir imkanlar\u0131n\u0131n artmas\u0131 da m\u00fc\u015fahid\u0259 edilir.<\/p>\n<p>Bu, dan\u0131lmaz faktd\u0131r ki, bu g\u00fcn \u00c7XR c\u0259nab Si Cinpinin r\u0259hb\u0259rliyi il\u0259 d\u00fcnya iqtisadiyyat\u0131n\u0131n \u0259n q\u00fcdr\u0259tli m\u0259rk\u0259zl\u0259rind\u0259n birin\u0259 \u00e7evrilm\u0259kl\u0259 yana\u015f\u0131, art\u0131q qlobal siyas\u0259td\u0259 d\u0259 f\u00f6vq\u0259lg\u00fcc \u00a0statusunu qazan\u0131b. Yeni d\u00fcnya d\u00fcz\u0259nind\u0259 \u00c7inin h\u0259m g\u00fccl\u00fc iqtisadiyyat\u0131, h\u0259m d\u0259 siyasi irad\u0259si il\u0259 daha b\u00f6y\u00fck rol oynayaca\u011f\u0131 he\u00e7 k\u0259sd\u0259 \u015f\u00fcbh\u0259 do\u011furmur.<\/p>\n<p>Bu bax\u0131mdan Az\u0259rbaycan-\u00c7in m\u00fcnasib\u0259tl\u0259rinin y\u00fcks\u0259k s\u0259viyy\u0259d\u0259 olmas\u0131 milli maraqlar\u0131m\u0131z bax\u0131m\u0131ndan x\u00fcsusi \u0259h\u0259miyy\u0259t\u0259 malikdir. \u00c7\u00fcnki \u015e\u018fT-l\u0259 \u0259m\u0259kda\u015fl\u0131\u011f\u0131n geni\u015fl\u0259ndirilm\u0259si Az\u0259rbaycan\u0131n milli d\u00f6vl\u0259t \u00a0maraqlar\u0131na h\u0259rt\u0259r\u0259fli cavab verir. S\u00f6z\u00fcged\u0259n prosesl\u0259r \u00f6lk\u0259mizin beyn\u0259lxalq \u0259laq\u0259l\u0259rind\u0259 yeni s\u0259hif\u0259 a\u00e7maqla yana\u015f\u0131, onun siyasi, iqtisadi v\u0259 dig\u0259r m\u00fch\u00fcm parametrl\u0259r bax\u0131m\u0131ndan daha da g\u00fccl\u0259nm\u0259si dem\u0259kdir. Y\u0259ni bu d\u0259y\u0259rli geosiyasi hadis\u0259l\u0259r \u00f6lk\u0259miz\u0259 yeni siyasi v\u0259 iqtisadi dividendl\u0259r,\u00a0 h\u0259m\u00e7inin\u00a0 \u0259lav\u0259 manevr imkanlar\u0131 qazand\u0131r\u0131r.<\/p>\n<p><strong>El\u00e7in Zaman, \u00ab\u0130ki sahil\u00bb<\/strong><\/p>\n","protected":false},"excerpt":{"rendered":"<p>\u015e\u018fT-l\u0259 \u0259m\u0259kda\u015fl\u0131q \u00f6lk\u0259miz\u0259 yeni siyasi v\u0259 iqtisadi dividendl\u0259r, geni\u015f manevr imkanlar\u0131 qazand\u0131r\u0131r Bu g\u00fcn Az\u0259rbaycan d\u00f6vl\u0259tinin geosiyasi q\u00fcdr\u0259ti s\u0259rh\u0259d tan\u0131m\u0131r. X\u00fcsusil\u0259 son bir ne\u00e7\u0259 ayda Prezident \u0130lham \u018fliyevin m\u00fcdrik v\u0259 q\u0259tiyy\u0259tli \u00a0xarici siyas\u0259ti n\u0259tic\u0259sind\u0259 \u00f6lk\u0259miz d\u00fcnyan\u0131n f\u00f6vq\u0259lg\u00fcc d\u00f6vl\u0259tl\u0259ri il\u0259\u00a0 iqtisadi v\u0259 siyasi \u0259m\u0259kda\u015fl\u0131qlar\u0131n\u0131 daha da geni\u015fl\u0259ndirir. Bel\u0259 ki, \u00f6t\u0259n ay Prezident \u0130lham \u018fliyevin AB\u015e Prezidenti Donald Tramp\u0131n d\u0259v\u0259ti il\u0259 Va\u015finqtona s\u0259f\u0259ri v\u0259 orada \u00f6lk\u0259mizin ba\u015f\u00e7\u0131s\u0131n\u0131n y\u00fcks\u0259k s\u0259viyy\u0259d\u0259 qar\u015f\u0131lanmas\u0131 b\u00fct\u00fcn d\u00fcnyada heyranl\u0131qla qar\u015f\u0131land\u0131. Burada AB\u015e Prezidentinin t\u0259\u015fkilat\u00e7\u0131l\u0131\u011f\u0131 il\u0259 Az\u0259rbaycan v\u0259 Erm\u0259nistan aras\u0131nda imzalanacaq s\u00fclh m\u00fcqavil\u0259sinin paraflanmas\u0131 t\u0259dbiri beyn\u0259lxalq al\u0259min \u0259sas g\u00fcnd\u0259mi&hellip;<\/p>\n","protected":false},"author":2,"featured_media":824445,"comment_status":"closed","ping_status":"closed","sticky":false,"template":"","format":"standard","meta":{"om_disable_all_campaigns":false,"_monsterinsights_skip_tracking":false,"_monsterinsights_sitenote_active":false,"_monsterinsights_sitenote_note":"","_monsterinsights_sitenote_category":0},"categories":[4],"tags":[],"aioseo_notices":[],"gutentor_comment":0,"rttpg_featured_image_url":{"full":["https:\/\/arantv.az\/wp-content\/uploads\/2025\/09\/67974233174824260466495791210532062.jpg",975,540,false],"landscape":["https:\/\/arantv.az\/wp-content\/uploads\/2025\/09\/67974233174824260466495791210532062.jpg",975,540,false],"portraits":["https:\/\/arantv.az\/wp-content\/uploads\/2025\/09\/67974233174824260466495791210532062.jpg",975,540,false],"thumbnail":["https:\/\/arantv.az\/wp-content\/uploads\/2025\/09\/67974233174824260466495791210532062-500x280.jpg",500,280,true],"medium":["https:\/\/arantv.az\/wp-content\/uploads\/2025\/09\/67974233174824260466495791210532062-660x365.jpg",660,365,true],"large":["https:\/\/arantv.az\/wp-content\/uploads\/2025\/09\/67974233174824260466495791210532062-840x465.jpg",640,354,true],"1536x1536":["https:\/\/arantv.az\/wp-content\/uploads\/2025\/09\/67974233174824260466495791210532062.jpg",975,540,false],"2048x2048":["https:\/\/arantv.az\/wp-content\/uploads\/2025\/09\/67974233174824260466495791210532062.jpg",975,540,false],"post-thumbnail":["https:\/\/arantv.az\/wp-content\/uploads\/2025\/09\/67974233174824260466495791210532062-240x172.jpg",240,172,true],"advps-thumb-one":["https:\/\/arantv.az\/wp-content\/uploads\/2025\/09\/67974233174824260466495791210532062.jpg",975,540,false]},"rttpg_author":{"display_name":"V\u00fcsal Rafiqo\u011flu","author_link":"https:\/\/arantv.az\/?author=2"},"rttpg_comment":0,"rttpg_category":"<a href=\"https:\/\/arantv.az\/?cat=4\" rel=\"category\">Siyas\u0259t<\/a>","rttpg_excerpt":"\u015e\u018fT-l\u0259 \u0259m\u0259kda\u015fl\u0131q \u00f6lk\u0259miz\u0259 yeni siyasi v\u0259 iqtisadi dividendl\u0259r, geni\u015f manevr imkanlar\u0131 qazand\u0131r\u0131r Bu g\u00fcn Az\u0259rbaycan d\u00f6vl\u0259tinin geosiyasi q\u00fcdr\u0259ti s\u0259rh\u0259d tan\u0131m\u0131r. X\u00fcsusil\u0259 son bir ne\u00e7\u0259 ayda Prezident \u0130lham \u018fliyevin m\u00fcdrik v\u0259 q\u0259tiyy\u0259tli \u00a0xarici siyas\u0259ti n\u0259tic\u0259sind\u0259 \u00f6lk\u0259miz d\u00fcnyan\u0131n f\u00f6vq\u0259lg\u00fcc d\u00f6vl\u0259tl\u0259ri il\u0259\u00a0 iqtisadi v\u0259 siyasi \u0259m\u0259kda\u015fl\u0131qlar\u0131n\u0131 daha da geni\u015fl\u0259ndirir. Bel\u0259 ki, \u00f6t\u0259n ay Prezident \u0130lham \u018fliyevin AB\u015e Prezidenti&hellip;","_links":{"self":[{"href":"https:\/\/arantv.az\/index.php?rest_route=\/wp\/v2\/posts\/824444"}],"collection":[{"href":"https:\/\/arantv.az\/index.php?rest_route=\/wp\/v2\/posts"}],"about":[{"href":"https:\/\/arantv.az\/index.php?rest_route=\/wp\/v2\/types\/post"}],"author":[{"embeddable":true,"href":"https:\/\/arantv.az\/index.php?rest_route=\/wp\/v2\/users\/2"}],"replies":[{"embeddable":true,"href":"https:\/\/arantv.az\/index.php?rest_route=%2Fwp%2Fv2%2Fcomments&post=824444"}],"version-history":[{"count":1,"href":"https:\/\/arantv.az\/index.php?rest_route=\/wp\/v2\/posts\/824444\/revisions"}],"predecessor-version":[{"id":824446,"href":"https:\/\/arantv.az\/index.php?rest_route=\/wp\/v2\/posts\/824444\/revisions\/824446"}],"wp:featuredmedia":[{"embeddable":true,"href":"https:\/\/arantv.az\/index.php?rest_route=\/wp\/v2\/media\/824445"}],"wp:attachment":[{"href":"https:\/\/arantv.az\/index.php?rest_route=%2Fwp%2Fv2%2Fmedia&parent=824444"}],"wp:term":[{"taxonomy":"category","embeddable":true,"href":"https:\/\/arantv.az\/index.php?rest_route=%2Fwp%2Fv2%2Fcategories&post=824444"},{"taxonomy":"post_tag","embeddable":true,"href":"https:\/\/arantv.az\/index.php?rest_route=%2Fwp%2Fv2%2Ftags&post=824444"}],"curies":[{"name":"wp","href":"https:\/\/api.w.org\/{rel}","templated":true}]}}