{"id":824447,"date":"2025-09-04T07:53:31","date_gmt":"2025-09-04T03:53:31","guid":{"rendered":"https:\/\/arantv.az\/?p=824447"},"modified":"2025-09-04T07:53:31","modified_gmt":"2025-09-04T03:53:31","slug":"rusiya-%c9%99l-ayagini-c%c9%99nubi-qafqazdan-yigisdirmalidir","status":"publish","type":"post","link":"https:\/\/arantv.az\/?p=824447","title":{"rendered":"Rusiya \u0259l-aya\u011f\u0131n\u0131 C\u0259nubi Qafqazdan y\u0131\u011f\u0131\u015fd\u0131rmal\u0131d\u0131r"},"content":{"rendered":"<p><em><strong>\u201cAz\u0259rbaycan v\u0259 Erm\u0259nistan aras\u0131nda apar\u0131lan dan\u0131\u015f\u0131qlar C\u0259nubi Qafqazda davaml\u0131 s\u00fclh\u0259 g\u0259tirib \u00e7\u0131xaracaq\u201d.<\/strong><\/em><\/p>\n<p>X\u0259b\u0259r agentlikl\u0259ri bildiribl\u0259r ki, bunu T\u00fcrkiy\u0259 C\u00fcmhuriyy\u0259tinin Prezidenti R\u0259c\u0259b Tayyib \u018frdo\u011fan \u00c7ind\u0259 Rusiya Prezidenti Vladimir Putinl\u0259 g\u00f6r\u00fc\u015f\u00fcnd\u0259 deyib. Prezident Az\u0259rbaycan v\u0259 Erm\u0259nistan aras\u0131nda apar\u0131lan dan\u0131\u015f\u0131qlar\u0131n davaml\u0131 s\u00fclh\u0259 g\u0259tirib \u00e7\u0131xaraca\u011f\u0131na, C\u0259nubi Qafqazda davaml\u0131 sabitliyin T\u00fcrkiy\u0259 il\u0259 Rusiyan\u0131n qar\u015f\u0131l\u0131ql\u0131 maraqlar\u0131na uy\u011fun olaca\u011f\u0131na \u00fcmid etdiyini bildirib.<\/p>\n<p>Sitatdan ayd\u0131n g\u00f6r\u00fcn\u00fcr ki, Vladimir Putin a\u011f\u0131ll\u0131 v\u0259 sanbal\u0131n\u0131 g\u00f6zl\u0259y\u0259n d\u00f6vl\u0259t ba\u015f\u00e7\u0131s\u0131 olsayd\u0131, bu s\u00f6zl\u0259r ona deyilm\u0259zdi. Kims\u0259 Putin\u0259 sual ver\u0259 bil\u0259r ki, Az\u0259rbaycanla Erm\u0259nistana n\u0259 verib ala bilmirs\u0259n? H\u0259r ikisi m\u00fcst\u0259qil d\u00f6vl\u0259tdir, \u00f6z \u0259razisind\u0259n nec\u0259 ist\u0259s\u0259 istifad\u0259 ed\u0259 bil\u0259r. Z\u0259ng\u0259zur d\u0259hlizinin s\u0259n\u0259 n\u0259 d\u0259xli, \u0259razi Erm\u0259nistan\u0131n, yol Az\u0259rbaycan\u0131n. Nec\u0259 raz\u0131la\u015fd\u0131qlar\u0131n\u0131n s\u0259n\u0259 hans\u0131 aidiyy\u0259ti var? Ba\u015fqa \u00f6lk\u0259l\u0259r\u0259 a\u011fal\u0131q etm\u0259k ixtiyar\u0131n\u0131 kim s\u0259n\u0259 verib? \u00d6lk\u0259l\u0259rin \u0259halisini y\u00fcz ill\u0259rl\u0259 q\u0131r\u0131b-\u00e7atd\u0131\u011f\u0131n\u0131z, \u0259razil\u0259rin\u0259 yiy\u0259l\u0259ndiyiniz, yeralt\u0131, yer\u00fcst\u00fc s\u0259rv\u0259tl\u0259rini \u00e7al\u0131b-\u00e7apd\u0131\u011f\u0131n\u0131z, tarixini v\u0259 m\u0259d\u0259niyy\u0259tini m\u0259hv etdiyiniz b\u0259s etmirmi?<\/p>\n<p>Art\u0131q b\u00fct\u00fcn \u00f6lk\u0259l\u0259r h\u0259r yerd\u0259 Rusiyan\u0131n barbar \u00a0i\u015f\u011fal\u0131na \u201cyox\u201d deyir, h\u0259tta xalqlar \u0259ll\u0259rin\u0259 silah al\u0131b ona qar\u015f\u0131 \u00e7\u0131x\u0131rlar. Q\u0259rib\u0259dir, Qaraba\u011f\u0131n i\u015f\u011faldan azad edilm\u0259si bunlara d\u0259rs olmad\u0131. Xo\u015fm\u0259raml\u0131 ad\u0131 il\u0259, ancaq b\u0259d niyy\u0259tl\u0259 g\u0259ldikl\u0259ri \u00fc\u00e7\u00fcn Az\u0259rbaycandan xalq\u0131n nifr\u0259ti il\u0259 \u00a0qovuldular, amma si\u00e7ovul kimi yen\u0259 soxulma\u011fa \u201cde\u015fik\u201d axtar\u0131rlar.<\/p>\n<p>Yuxar\u0131dak\u0131 suallara cavab verm\u0259li olan Rusiya r\u0259hb\u0259rliyi irtica\u00e7\u0131 \u0259m\u0259ll\u0259rind\u0259n yen\u0259 d\u0259 \u0259l \u00e7\u0259km\u0259k ist\u0259mir. Bunlar g\u00f6st\u0259rir ki, \u201c\u00e7\u0131x\u201d dem\u0259kl\u0259 donuz dar\u0131dan \u00e7\u0131xan deyil. Donuza \u201c\u00e7\u0131x\u201d dey\u0259n d\u0259 var, ancaq \u00e7\u0131xm\u0131r ki, \u00e7\u0131xm\u0131r. \u0130r\u0259vanda Putini n\u0259 q\u0259d\u0259r t\u0259hqir etdil\u0259rs\u0259, portretl\u0259rini ayaqlay\u0131b yand\u0131rd\u0131larsa, Rusiyaya n\u0259 q\u0259d\u0259r \u201cr\u0259dd ol\u201d dedil\u0259rs\u0259, etiraz aksiyalar\u0131 ke\u00e7irdil\u0259rs\u0259 pado\u015f sif\u0259tl\u0259rin\u0259 kar etm\u0259di.<\/p>\n<p>\u018flb\u0259tt\u0259, Prezident \u018frdo\u011fan\u0131n s\u00f6zl\u0259rind\u0259ki d\u0259rin m\u0259nan\u0131 anlasayd\u0131, onda Rusiya prezidenti \u0259l-aya\u011f\u0131n\u0131 y\u0131\u011f\u0131\u015fd\u0131r\u0131b \u00f6z yuvas\u0131na \u00e7\u0259kil\u0259r, aral\u0131qlara fitn\u0259-f\u0259sad yaymazd\u0131. Ancaq t\u0259hqirl\u0259r\u0259 bel\u0259 \u0259h\u0259miyy\u0259t verm\u0259yib ba\u015fqas\u0131n\u0131n torpa\u011f\u0131n\u0131 z\u0259bt etm\u0259k i\u015ftah\u0131 canlar\u0131ndan \u00e7\u0131xmaq bilmir.<\/p>\n<p>\u201cC\u0259nubi Qafqazda davaml\u0131 sabitliyin T\u00fcrkiy\u0259 il\u0259 Rusiyan\u0131n qar\u015f\u0131l\u0131ql\u0131 maraqlar\u0131na uy\u011fun olaca\u011f\u0131\u201d ifad\u0259sind\u0259 Prezident \u018frdo\u011fan Rusiyaya \u00f6z yerini g\u00f6st\u0259rir. Diplomatik dill\u0259 x\u0259b\u0259rdarl\u0131q edir ki, indi Rusiya b\u00f6lg\u0259d\u0259 he\u00e7 kimdir, Az\u0259rbaycanla Erm\u0259nistan\u0131n i\u015fin\u0259 qar\u0131\u015fmas\u0131n, \u00f6zl\u0259ri \u00f6z probleml\u0259rini h\u0259ll etm\u0259yin \u00f6hd\u0259sind\u0259n laz\u0131m\u0131nca g\u0259lirl\u0259r. G\u00f6r\u0259k prezident Putin n\u0259 reaksiya ver\u0259c\u0259k?<\/p>\n<p>Ancaq hegemonluq iyi h\u0259l\u0259 burnunda qald\u0131\u011f\u0131 \u00fc\u00e7\u00fcn \u00e7\u0259tin ki, y\u0131x\u0131lmaqda olan \u00e7\u00fcr\u00fck imperiyan\u0131n r\u0259hb\u0259ri d\u00fcz yola g\u0259l\u0259. Haz\u0131rda Rusiyan\u0131n \u00e7abalamas\u0131ndan, Az\u0259rbaycan \u0259leyhin\u0259 informasiya kampaniyas\u0131 t\u0259\u015fkil etm\u0259sind\u0259n a\u00e7\u0131q hiss olunur ki, ona deyil\u0259nl\u0259rd\u0259n d\u00fczg\u00fcn n\u0259tic\u0259 \u00e7\u0131xarmay\u0131b. \u015eay\u0259t, h\u0259rbi yola \u0259l atarsa h\u0259m Az\u0259rbaycan, h\u0259m d\u0259 Erm\u0259nistan T\u00fcrkiy\u0259nin yan\u0131nda s\u0259f tutacaqlar. Buna art\u0131q he\u00e7 bir \u015f\u00fcbh\u0259 yeri yoxdur. H\u0259l\u0259 dig\u0259rl\u0259ri d\u0259 var. Onda o \u00a0meydanda Rusiyan\u0131n biab\u0131r\u00e7\u0131 m\u0259\u011flubiyy\u0259ti qa\u00e7\u0131lmaz olacaq. Ancaq Rusiya T\u00fcrkiy\u0259nin qar\u015f\u0131s\u0131nda at oynatma\u011fa c\u00fcr\u0259t etm\u0259z. O, t\u00fcrk\u00fcn g\u00fcc\u00fcn\u00fc \u00e7ox g\u00f6r\u00fcb. Yaxas\u0131n\u0131 Ukraynan\u0131n \u0259ll\u0259rind\u0259n qopara bilm\u0259y\u0259n i\u015f\u011fal\u00e7\u0131 Kreml ba\u015fqalar\u0131na yaln\u0131z hart-hurt ed\u0259 bil\u0259r, ondan o yana ke\u00e7m\u0259y\u0259 \u00fcr\u0259k el\u0259m\u0259z. \u00c7\u00fcnki onun b\u00fcdr\u0259m\u0259sini daxild\u0259 qapaz alt\u0131nda saxlad\u0131\u011f\u0131 ba\u015fq\u0131rdlar, tatarlar, \u00e7e\u00e7enl\u0259r, udmurtlar, \u00e7uva\u015flar, inqu\u015flar, maril\u0259r, tuv\u0131nlar v\u0259 s. x\u0131rda xalqlar da g\u00f6zl\u0259yirl\u0259r. T\u0259bii ki, y\u00fcz ill\u0259rdir ki, onlar da azad ya\u015famaq, \u00f6z talel\u0259rini \u00f6zl\u0259ri m\u00fc\u0259yy\u0259n etm\u0259k ist\u0259yirl\u0259r. \u0130ndi onlar da \u0259lveri\u015fli m\u0259qam\u0131n yax\u0131nla\u015fd\u0131\u011f\u0131n\u0131 hiss edir v\u0259 m\u00fcbariz\u0259y\u0259 ba\u015flama\u011fa haz\u0131rla\u015f\u0131rlar. \u00c7in v\u0259 Yaponiya il\u0259 \u201cyatm\u0131\u015f\u201d \u0259razi m\u00fcbahis\u0259l\u0259ri d\u0259 Rusiyan\u0131n ba\u015f\u0131 \u00fcst\u00fcnd\u0259dir. Bir s\u00f6zl\u0259, d\u00fcnyan\u0131n yar\u0131dan \u00e7oxunun bu i\u015f\u011fal\u00e7\u0131 \u00f6lk\u0259 il\u0259 \u201c\u00e7\u0259kilm\u0259mi\u015f yarma\u201ds\u0131 var. Avropa \u00f6lk\u0259l\u0259ri d\u0259 \u00f6z yerind\u0259. Rusiya b\u00fct\u00fcn bunlar\u0131 g\u00f6z \u00f6n\u00fcn\u0259 g\u0259tirm\u0259lidir. Xat\u0131rladaq ki, Pekinl\u0259 dan\u0131\u015f\u0131qlardan sonra m\u0259lum olub ki, Putin oradan kor-pe\u015fman qay\u0131d\u0131b. Y\u0259ni g\u00f6zl\u0259ntil\u0259ri g\u00f6zl\u0259rind\u0259 qal\u0131b.\u00a0 Yegan\u0259 \u201cn\u0259tic\u0259\u201d vizas\u0131z rejim olub. Bu is\u0259 maliyy\u0259 b\u00f6hran\u0131ndan \u00e7\u0131x\u0131\u015f yolu deyil, o q\u0259d\u0259r d\u0259 \u0259h\u0259miyy\u0259ti olmayan sad\u0259c\u0259 formal bir add\u0131md\u0131r.<\/p>\n<p>Bu v\u0259ziyy\u0259t bir daha g\u00f6st\u0259rdi ki, prezident Vladimir Putinin v\u0259 komandas\u0131n\u0131n dayaz siyas\u0259ti Rusiyan\u0131 daha \u00e7\u0131x\u0131lmaz bataql\u0131\u011fa s\u00fcr\u00fcy\u00fcr. \u0130qtisadi sanksiyalar onu heyd\u0259n sal\u0131r. Bank sektorunda iflic v\u0259ziyy\u0259t, beyn\u0259lxalq al\u0259md\u0259 t\u0259crid v\u0259 \u201cstrateji t\u0259r\u0259fda\u015f\u201d say\u0131lan \u00c7ind\u0259n bel\u0259 maliyy\u0259 d\u0259st\u0259yi ala bilm\u0259m\u0259k Kreml \u00fc\u00e7\u00fcn biab\u0131r\u00e7\u0131 u\u011fursuzluqdur. Bel\u0259 g\u00f6r\u00fcn\u00fcr ki, Moskvan\u0131n art\u0131q n\u0259 Q\u0259rbd\u0259, n\u0259 C\u0259nubda, n\u0259 d\u0259 \u015e\u0259rqd\u0259 real daya\u011f\u0131 qal\u0131b. Yaln\u0131z \u00f6z ba\u015f\u0131n\u0131n hay\u0131nda olan \u0130ran mollalar\u0131 qal\u0131b. He\u00e7 k\u0259s Rusiyaya k\u00f6m\u0259k etm\u0259k ist\u0259mir. \u015eanxay \u018fm\u0259kda\u015fl\u0131q T\u0259\u015fkilat\u0131n\u0131n sammitind\u0259 bu h\u0259qiq\u0259t \u00f6z\u00fcn\u00fc \u00e7\u0131lpaql\u0131\u011f\u0131 il\u0259 g\u00f6st\u0259rib.<\/p>\n<p>Prezident \u018frdo\u011fan\u0131n s\u00f6yl\u0259diyi bir ne\u00e7\u0259 c\u00fcml\u0259d\u0259 bu fikirl\u0259rin ham\u0131s\u0131 \u00f6z yerini tutur. Bunlar \u0259slind\u0259 i\u015f\u011fal h\u0259v\u0259skar\u0131 olan Rusiyaya ac\u0131 x\u0259b\u0259rdarl\u0131qd\u0131r. Kremlin axmaq ideoloqlar\u0131 he\u00e7 olmasa bunu ba\u015fa d\u00fc\u015fs\u0259l\u0259r a\u011falar\u0131na v\u0259ziyy\u0259td\u0259n \u00e7\u0131x\u0131\u015f yolu arayard\u0131lar. Yoxsa bir aya\u011f\u0131 burada, o biri gorda olan\u0131n ba\u015fqalar\u0131na t\u0259l\u0259 qurmas\u0131 \u0259sl m\u00fcx\u0259nn\u0259tlikdir. Y\u00fcz ill\u0259rdir ki, ki\u00e7ik v\u0259 m\u0259zlum xalqlara v\u0259 mill\u0259tl\u0259r\u0259 c\u0259lladl\u0131q ed\u0259n Rusiya n\u0259hay\u0259t, z\u00fclm yolunun sonuna \u00e7at\u0131b. \u0130r\u0259lid\u0259 is\u0259 i\u015f\u0131ql\u0131 yol g\u00f6r\u00fcnm\u00fcr. \u00d6m\u00fcrboyu ba\u015f k\u0259sm\u0259kl\u0259 m\u0259\u015f\u011ful olan c\u0259llad\u0131n \u00e7\u0131x\u0131\u015f yolu is\u0259 yaln\u0131z bir olur: B\u0259d\u0259lini \u00f6d\u0259m\u0259k!<\/p>\n<p><strong>V\u0259li \u0130lyasov, \u201c\u0130ki sahil\u201d<\/strong><\/p>\n","protected":false},"excerpt":{"rendered":"<p>\u201cAz\u0259rbaycan v\u0259 Erm\u0259nistan aras\u0131nda apar\u0131lan dan\u0131\u015f\u0131qlar C\u0259nubi Qafqazda davaml\u0131 s\u00fclh\u0259 g\u0259tirib \u00e7\u0131xaracaq\u201d. X\u0259b\u0259r agentlikl\u0259ri bildiribl\u0259r ki, bunu T\u00fcrkiy\u0259 C\u00fcmhuriyy\u0259tinin Prezidenti R\u0259c\u0259b Tayyib \u018frdo\u011fan \u00c7ind\u0259 Rusiya Prezidenti Vladimir Putinl\u0259 g\u00f6r\u00fc\u015f\u00fcnd\u0259 deyib. Prezident Az\u0259rbaycan v\u0259 Erm\u0259nistan aras\u0131nda apar\u0131lan dan\u0131\u015f\u0131qlar\u0131n davaml\u0131 s\u00fclh\u0259 g\u0259tirib \u00e7\u0131xaraca\u011f\u0131na, C\u0259nubi Qafqazda davaml\u0131 sabitliyin T\u00fcrkiy\u0259 il\u0259 Rusiyan\u0131n qar\u015f\u0131l\u0131ql\u0131 maraqlar\u0131na uy\u011fun olaca\u011f\u0131na \u00fcmid etdiyini bildirib. Sitatdan ayd\u0131n g\u00f6r\u00fcn\u00fcr ki, Vladimir Putin a\u011f\u0131ll\u0131 v\u0259 sanbal\u0131n\u0131 g\u00f6zl\u0259y\u0259n d\u00f6vl\u0259t ba\u015f\u00e7\u0131s\u0131 olsayd\u0131, bu s\u00f6zl\u0259r ona deyilm\u0259zdi. Kims\u0259 Putin\u0259 sual ver\u0259 bil\u0259r ki, Az\u0259rbaycanla Erm\u0259nistana n\u0259 verib ala bilmirs\u0259n? H\u0259r ikisi m\u00fcst\u0259qil d\u00f6vl\u0259tdir, \u00f6z \u0259razisind\u0259n&hellip;<\/p>\n","protected":false},"author":2,"featured_media":824448,"comment_status":"closed","ping_status":"closed","sticky":false,"template":"","format":"standard","meta":{"om_disable_all_campaigns":false,"_monsterinsights_skip_tracking":false,"_monsterinsights_sitenote_active":false,"_monsterinsights_sitenote_note":"","_monsterinsights_sitenote_category":0},"categories":[19],"tags":[],"aioseo_notices":[],"gutentor_comment":0,"rttpg_featured_image_url":{"full":["https:\/\/arantv.az\/wp-content\/uploads\/2025\/09\/1cbcaa5a164527548167505677510357796.jpg",975,540,false],"landscape":["https:\/\/arantv.az\/wp-content\/uploads\/2025\/09\/1cbcaa5a164527548167505677510357796.jpg",975,540,false],"portraits":["https:\/\/arantv.az\/wp-content\/uploads\/2025\/09\/1cbcaa5a164527548167505677510357796.jpg",975,540,false],"thumbnail":["https:\/\/arantv.az\/wp-content\/uploads\/2025\/09\/1cbcaa5a164527548167505677510357796-500x280.jpg",500,280,true],"medium":["https:\/\/arantv.az\/wp-content\/uploads\/2025\/09\/1cbcaa5a164527548167505677510357796-660x365.jpg",660,365,true],"large":["https:\/\/arantv.az\/wp-content\/uploads\/2025\/09\/1cbcaa5a164527548167505677510357796-840x465.jpg",640,354,true],"1536x1536":["https:\/\/arantv.az\/wp-content\/uploads\/2025\/09\/1cbcaa5a164527548167505677510357796.jpg",975,540,false],"2048x2048":["https:\/\/arantv.az\/wp-content\/uploads\/2025\/09\/1cbcaa5a164527548167505677510357796.jpg",975,540,false],"post-thumbnail":["https:\/\/arantv.az\/wp-content\/uploads\/2025\/09\/1cbcaa5a164527548167505677510357796-240x172.jpg",240,172,true],"advps-thumb-one":["https:\/\/arantv.az\/wp-content\/uploads\/2025\/09\/1cbcaa5a164527548167505677510357796.jpg",975,540,false]},"rttpg_author":{"display_name":"V\u00fcsal Rafiqo\u011flu","author_link":"https:\/\/arantv.az\/?author=2"},"rttpg_comment":0,"rttpg_category":"<a href=\"https:\/\/arantv.az\/?cat=19\" rel=\"category\">G\u00fcnd\u0259m<\/a>","rttpg_excerpt":"\u201cAz\u0259rbaycan v\u0259 Erm\u0259nistan aras\u0131nda apar\u0131lan dan\u0131\u015f\u0131qlar C\u0259nubi Qafqazda davaml\u0131 s\u00fclh\u0259 g\u0259tirib \u00e7\u0131xaracaq\u201d. X\u0259b\u0259r agentlikl\u0259ri bildiribl\u0259r ki, bunu T\u00fcrkiy\u0259 C\u00fcmhuriyy\u0259tinin Prezidenti R\u0259c\u0259b Tayyib \u018frdo\u011fan \u00c7ind\u0259 Rusiya Prezidenti Vladimir Putinl\u0259 g\u00f6r\u00fc\u015f\u00fcnd\u0259 deyib. Prezident Az\u0259rbaycan v\u0259 Erm\u0259nistan aras\u0131nda apar\u0131lan dan\u0131\u015f\u0131qlar\u0131n davaml\u0131 s\u00fclh\u0259 g\u0259tirib \u00e7\u0131xaraca\u011f\u0131na, C\u0259nubi Qafqazda davaml\u0131 sabitliyin T\u00fcrkiy\u0259 il\u0259 Rusiyan\u0131n qar\u015f\u0131l\u0131ql\u0131 maraqlar\u0131na uy\u011fun olaca\u011f\u0131na \u00fcmid etdiyini bildirib.&hellip;","_links":{"self":[{"href":"https:\/\/arantv.az\/index.php?rest_route=\/wp\/v2\/posts\/824447"}],"collection":[{"href":"https:\/\/arantv.az\/index.php?rest_route=\/wp\/v2\/posts"}],"about":[{"href":"https:\/\/arantv.az\/index.php?rest_route=\/wp\/v2\/types\/post"}],"author":[{"embeddable":true,"href":"https:\/\/arantv.az\/index.php?rest_route=\/wp\/v2\/users\/2"}],"replies":[{"embeddable":true,"href":"https:\/\/arantv.az\/index.php?rest_route=%2Fwp%2Fv2%2Fcomments&post=824447"}],"version-history":[{"count":1,"href":"https:\/\/arantv.az\/index.php?rest_route=\/wp\/v2\/posts\/824447\/revisions"}],"predecessor-version":[{"id":824449,"href":"https:\/\/arantv.az\/index.php?rest_route=\/wp\/v2\/posts\/824447\/revisions\/824449"}],"wp:featuredmedia":[{"embeddable":true,"href":"https:\/\/arantv.az\/index.php?rest_route=\/wp\/v2\/media\/824448"}],"wp:attachment":[{"href":"https:\/\/arantv.az\/index.php?rest_route=%2Fwp%2Fv2%2Fmedia&parent=824447"}],"wp:term":[{"taxonomy":"category","embeddable":true,"href":"https:\/\/arantv.az\/index.php?rest_route=%2Fwp%2Fv2%2Fcategories&post=824447"},{"taxonomy":"post_tag","embeddable":true,"href":"https:\/\/arantv.az\/index.php?rest_route=%2Fwp%2Fv2%2Ftags&post=824447"}],"curies":[{"name":"wp","href":"https:\/\/api.w.org\/{rel}","templated":true}]}}