{"id":824454,"date":"2025-09-04T07:57:07","date_gmt":"2025-09-04T03:57:07","guid":{"rendered":"https:\/\/arantv.az\/?p=824454"},"modified":"2025-09-04T07:57:07","modified_gmt":"2025-09-04T03:57:07","slug":"dunyada-payiz-f%c9%99slind%c9%99-keciril%c9%99n-%c9%99n-maraqli-festivallar","status":"publish","type":"post","link":"https:\/\/arantv.az\/?p=824454","title":{"rendered":"D\u00fcnyada pay\u0131z f\u0259slind\u0259 ke\u00e7iril\u0259n \u0259n maraql\u0131 FEST\u0130VALLAR"},"content":{"rendered":"<p><b>Pay\u0131z f\u0259slind\u0259 d\u00fcnya miqyas\u0131nda m\u00fcxt\u0259lif m\u0259d\u0259niyy\u0259t, musiqi, kulinariya v\u0259 \u0259n\u0259n\u0259l\u0259r\u0259 h\u0259sr olunmu\u015f bir s\u0131ra festival v\u0259 t\u0259dbirl\u0259r ba\u015f tutur. Bu festivallar h\u0259m yerli \u0259hali, h\u0259m d\u0259 turistl\u0259r \u00fc\u00e7\u00fcn unudulmaz t\u0259cr\u00fcb\u0259l\u0259r t\u0259qdim edir.<br \/>\n<\/b><br \/>\nBAKU.WS-in ara\u015fd\u0131rmas\u0131na g\u00f6r\u0259, h\u0259r il sentyabr\u0131n ortalar\u0131ndan oktyabr\u0131n \u0259vv\u0259lin\u0259 q\u0259d\u0259r M\u00fcnhend\u0259 ke\u00e7iril\u0259n Oktoberfest, d\u00fcnyan\u0131n \u0259n b\u00f6y\u00fck piv\u0259 bayram\u0131d\u0131r. T\u0259dbird\u0259 Bavariya m\u0259tb\u0259xinin dadlar\u0131, \u0259n\u0259n\u0259vi geyiml\u0259r v\u0259 canl\u0131 musiqi il\u0259 z\u0259ngin bir atmosfer yaran\u0131r. T\u0259xmin\u0259n 6 milyon insan bu bayrama qat\u0131l\u0131r.<\/p>\n<p><b>Mid-Autumn Festival (Ay i\u015f\u0131\u011f\u0131 festivali) \u2013 \u00c7in v\u0259 C\u0259nub-\u015e\u0259rqi Asiya<br \/>\n<\/b>Sentyabr\u0131n sonu v\u0259 oktyabr\u0131n \u0259vv\u0259ll\u0259rind\u0259 qeyd olunan festival zaman\u0131 ail\u0259l\u0259r bir araya g\u0259l\u0259r\u0259k ay\u0131 seyr edir v\u0259 &#8220;yue bing&#8221; adlanan ay i\u015f\u0131\u011f\u0131 tortlar\u0131n\u0131 yeyirl\u0259r. Eyni zamanda, i\u015f\u0131ql\u0131 f\u0259n\u0259rl\u0259rin burax\u0131lmas\u0131 \u0259n\u0259n\u0259si d\u0259 m\u00f6vcuddur.<\/p>\n<p><b>Dia de los Muertos (\u00d6l\u00fcler G\u00fcn\u00fc) \u2013 Meksika<br \/>\n<\/b>Oktyabr\u0131n 31-d\u0259n noyabr\u0131n 2-n\u0259 q\u0259d\u0259r ke\u00e7iril\u0259n bu festival \u00f6l\u00fc ruhlar\u0131 yad etm\u0259k \u00fc\u00e7\u00fcn t\u0259\u015fkil olunur. Ail\u0259l\u0259r q\u0259biristanl\u0131qlara gedir v\u0259 &#8220;ofrenda&#8221; adlanan altarlarda \u015f\u0259kill\u0259r, \u00e7i\u00e7\u0259kl\u0259r v\u0259 yem\u0259kl\u0259rl\u0259 b\u0259z\u0259kl\u0259r qururlar.<\/p>\n<p><b>Loy Krathong &amp; Yi Peng \u2013 Tayland<br \/>\n<\/b>Noyabr ay\u0131nda ke\u00e7iril\u0259n bu iki festival zaman\u0131 insanlar \u00e7i\u00e7\u0259kl\u0259rl\u0259 b\u0259z\u0259dilmi\u015f qay\u0131qlar\u0131 (krathong) suya burax\u0131r v\u0259 g\u00f6y\u0259 i\u015f\u0131ql\u0131 f\u0259n\u0259rl\u0259r g\u00f6nd\u0259rirl\u0259r. Bu, pislikl\u0259rd\u0259n t\u0259mizl\u0259nm\u0259 v\u0259 yeni ba\u015flan\u011f\u0131clar\u0131n simvoludur.<\/p>\n<p><b>Paris Pay\u0131z Festival\u0131 \u2013 Fransa<br \/>\n<\/b>Sentyabr\u0131n 8-d\u0259n dekabr\u0131n 17-n\u0259 q\u0259d\u0259r davam ed\u0259n festival \u00e7\u0259r\u00e7iv\u0259sind\u0259 Parisin m\u00fcxt\u0259lif m\u0259d\u0259niyy\u0259t m\u0259rk\u0259zl\u0259rind\u0259 teatr, musiqi, r\u0259qs v\u0259 film n\u00fcmayi\u015fl\u0259ri t\u0259\u015fkil olunur. H\u0259r il f\u0259rqli s\u0259n\u0259t\u00e7il\u0259r v\u0259 kollektivl\u0259r t\u0259dbir\u0259 qat\u0131l\u0131r.<\/p>\n<p><b>Niaqara \u00dcz\u00fcm v\u0259 \u015e\u0259rab Festival\u0131 \u2013 Kanada<br \/>\n<\/b>Sentyabr\u0131n 20-d\u0259n 29-na q\u0259d\u0259r Ontarionun St. Catharines \u015f\u0259h\u0259rind\u0259 ke\u00e7iril\u0259n festival, Kanadadak\u0131 \u0259n b\u00f6y\u00fck \u00fcz\u00fcm v\u0259 \u015f\u0259rab bayram\u0131d\u0131r. T\u0259dbird\u0259 \u00fcz\u00fcm y\u0131\u011f\u0131m\u0131, \u015f\u0259rab dad\u0131m\u0131, musiqi v\u0259 m\u0259d\u0259niyy\u0259t n\u00fcmayi\u015fl\u0259ri t\u0259qdim olunur.<\/p>\n<p><b>Kavasaki Hallovin Paradi \u2013 Yaponiya<br \/>\n<\/b>Oktyabr\u0131n sonunda Kavasaki \u015f\u0259h\u0259rind\u0259 ke\u00e7iril\u0259n parad, Yaponiyan\u0131n \u0259n b\u00f6y\u00fck Hallovin t\u0259dbiridir. \u0130\u015ftirak\u00e7\u0131lar m\u00fcxt\u0259lif kostyumlarla y\u00fcr\u00fc\u015f ed\u0259r\u0259k \u015f\u0259h\u0259rin k\u00fc\u00e7\u0259l\u0259rini b\u0259z\u0259yirl\u0259r. Lakin paradda i\u015ftirak \u00fc\u00e7\u00fcn \u0259vv\u0259lc\u0259d\u0259n qeydiyyatdan ke\u00e7m\u0259k t\u0259l\u0259b olunur.<\/p>\n<p><b>Epkot Beyn\u0259lxalq Qida v\u0259 \u015e\u0259rab Festival\u0131 \u2013 AB\u015e<br \/>\n<\/b>Avqustun 29-dan noyabr\u0131n 23-n\u0259 q\u0259d\u0259r Floridan\u0131n Orlandos \u015f\u0259h\u0259rind\u0259ki Disney Epcot park\u0131nda ke\u00e7iril\u0259n festival, d\u00fcnya m\u0259tb\u0259xl\u0259rind\u0259n n\u00fcmun\u0259l\u0259r t\u0259qdim edir. Ziyar\u0259t\u00e7il\u0259r m\u00fcxt\u0259lif \u00f6lk\u0259l\u0259rin yem\u0259kl\u0259rini dad\u0131r, canl\u0131 musiqi v\u0259 \u0259yl\u0259nc\u0259l\u0259rd\u0259n z\u00f6vq al\u0131rlar.<\/p>\n<p><b>\u015eamax\u0131 \u00dcz\u00fcm Festival\u0131 \u2013 Az\u0259rbaycan<br \/>\n<\/b>Pay\u0131z m\u00f6vs\u00fcm\u00fcnd\u0259 \u015eamax\u0131da ke\u00e7iril\u0259n \u00fcz\u00fcm festival\u0131, Az\u0259rbaycan\u0131n \u0259n\u0259n\u0259vi \u00fcz\u00fcm ba\u011flar\u0131n\u0131n v\u0259 \u015f\u0259rab istehsal\u0131n\u0131n qeyd olundu\u011fu t\u0259dbirdir. Festival \u00e7\u0259r\u00e7iv\u0259sind\u0259 \u00fcz\u00fcm y\u0131\u011f\u0131m\u0131 m\u0259rasiml\u0259ri, yerli \u015f\u0259rab dad\u0131m\u0131 v\u0259 m\u0259d\u0259niyy\u0259t proqramlar\u0131 t\u0259qdim olunur.<\/p>\n<p>Bu festivallar pay\u0131z f\u0259slinin m\u00fcxt\u0259lif \u00f6lk\u0259l\u0259rd\u0259 nec\u0259 qeyd olundu\u011funu g\u00f6st\u0259rir v\u0259 i\u015ftirak\u00e7\u0131lara unudulmaz t\u0259cr\u00fcb\u0259l\u0259r ya\u015fad\u0131r.<\/p>\n","protected":false},"excerpt":{"rendered":"<p>Pay\u0131z f\u0259slind\u0259 d\u00fcnya miqyas\u0131nda m\u00fcxt\u0259lif m\u0259d\u0259niyy\u0259t, musiqi, kulinariya v\u0259 \u0259n\u0259n\u0259l\u0259r\u0259 h\u0259sr olunmu\u015f bir s\u0131ra festival v\u0259 t\u0259dbirl\u0259r ba\u015f tutur. Bu festivallar h\u0259m yerli \u0259hali, h\u0259m d\u0259 turistl\u0259r \u00fc\u00e7\u00fcn unudulmaz t\u0259cr\u00fcb\u0259l\u0259r t\u0259qdim edir. BAKU.WS-in ara\u015fd\u0131rmas\u0131na g\u00f6r\u0259, h\u0259r il sentyabr\u0131n ortalar\u0131ndan oktyabr\u0131n \u0259vv\u0259lin\u0259 q\u0259d\u0259r M\u00fcnhend\u0259 ke\u00e7iril\u0259n Oktoberfest, d\u00fcnyan\u0131n \u0259n b\u00f6y\u00fck piv\u0259 bayram\u0131d\u0131r. T\u0259dbird\u0259 Bavariya m\u0259tb\u0259xinin dadlar\u0131, \u0259n\u0259n\u0259vi geyiml\u0259r v\u0259 canl\u0131 musiqi il\u0259 z\u0259ngin bir atmosfer yaran\u0131r. T\u0259xmin\u0259n 6 milyon insan bu bayrama qat\u0131l\u0131r. Mid-Autumn Festival (Ay i\u015f\u0131\u011f\u0131 festivali) \u2013 \u00c7in v\u0259 C\u0259nub-\u015e\u0259rqi Asiya Sentyabr\u0131n sonu v\u0259 oktyabr\u0131n \u0259vv\u0259ll\u0259rind\u0259 qeyd olunan festival zaman\u0131&hellip;<\/p>\n","protected":false},"author":2,"featured_media":824455,"comment_status":"closed","ping_status":"closed","sticky":false,"template":"","format":"standard","meta":{"om_disable_all_campaigns":false,"_monsterinsights_skip_tracking":false,"_monsterinsights_sitenote_active":false,"_monsterinsights_sitenote_note":"","_monsterinsights_sitenote_category":0},"categories":[1],"tags":[],"aioseo_notices":[],"gutentor_comment":0,"rttpg_featured_image_url":{"full":["https:\/\/arantv.az\/wp-content\/uploads\/2025\/09\/payiz_41756899816.png",650,436,false],"landscape":["https:\/\/arantv.az\/wp-content\/uploads\/2025\/09\/payiz_41756899816.png",650,436,false],"portraits":["https:\/\/arantv.az\/wp-content\/uploads\/2025\/09\/payiz_41756899816.png",650,436,false],"thumbnail":["https:\/\/arantv.az\/wp-content\/uploads\/2025\/09\/payiz_41756899816-500x280.png",500,280,true],"medium":["https:\/\/arantv.az\/wp-content\/uploads\/2025\/09\/payiz_41756899816-544x365.png",544,365,true],"large":["https:\/\/arantv.az\/wp-content\/uploads\/2025\/09\/payiz_41756899816.png",640,429,false],"1536x1536":["https:\/\/arantv.az\/wp-content\/uploads\/2025\/09\/payiz_41756899816.png",650,436,false],"2048x2048":["https:\/\/arantv.az\/wp-content\/uploads\/2025\/09\/payiz_41756899816.png",650,436,false],"post-thumbnail":["https:\/\/arantv.az\/wp-content\/uploads\/2025\/09\/payiz_41756899816-240x172.png",240,172,true],"advps-thumb-one":["https:\/\/arantv.az\/wp-content\/uploads\/2025\/09\/payiz_41756899816.png",650,436,false]},"rttpg_author":{"display_name":"V\u00fcsal Rafiqo\u011flu","author_link":"https:\/\/arantv.az\/?author=2"},"rttpg_comment":0,"rttpg_category":"<a href=\"https:\/\/arantv.az\/?cat=1\" rel=\"category\">C\u0259miyy\u0259t<\/a>","rttpg_excerpt":"Pay\u0131z f\u0259slind\u0259 d\u00fcnya miqyas\u0131nda m\u00fcxt\u0259lif m\u0259d\u0259niyy\u0259t, musiqi, kulinariya v\u0259 \u0259n\u0259n\u0259l\u0259r\u0259 h\u0259sr olunmu\u015f bir s\u0131ra festival v\u0259 t\u0259dbirl\u0259r ba\u015f tutur. Bu festivallar h\u0259m yerli \u0259hali, h\u0259m d\u0259 turistl\u0259r \u00fc\u00e7\u00fcn unudulmaz t\u0259cr\u00fcb\u0259l\u0259r t\u0259qdim edir. BAKU.WS-in ara\u015fd\u0131rmas\u0131na g\u00f6r\u0259, h\u0259r il sentyabr\u0131n ortalar\u0131ndan oktyabr\u0131n \u0259vv\u0259lin\u0259 q\u0259d\u0259r M\u00fcnhend\u0259 ke\u00e7iril\u0259n Oktoberfest, d\u00fcnyan\u0131n \u0259n b\u00f6y\u00fck piv\u0259 bayram\u0131d\u0131r. T\u0259dbird\u0259 Bavariya m\u0259tb\u0259xinin dadlar\u0131, \u0259n\u0259n\u0259vi&hellip;","_links":{"self":[{"href":"https:\/\/arantv.az\/index.php?rest_route=\/wp\/v2\/posts\/824454"}],"collection":[{"href":"https:\/\/arantv.az\/index.php?rest_route=\/wp\/v2\/posts"}],"about":[{"href":"https:\/\/arantv.az\/index.php?rest_route=\/wp\/v2\/types\/post"}],"author":[{"embeddable":true,"href":"https:\/\/arantv.az\/index.php?rest_route=\/wp\/v2\/users\/2"}],"replies":[{"embeddable":true,"href":"https:\/\/arantv.az\/index.php?rest_route=%2Fwp%2Fv2%2Fcomments&post=824454"}],"version-history":[{"count":2,"href":"https:\/\/arantv.az\/index.php?rest_route=\/wp\/v2\/posts\/824454\/revisions"}],"predecessor-version":[{"id":824457,"href":"https:\/\/arantv.az\/index.php?rest_route=\/wp\/v2\/posts\/824454\/revisions\/824457"}],"wp:featuredmedia":[{"embeddable":true,"href":"https:\/\/arantv.az\/index.php?rest_route=\/wp\/v2\/media\/824455"}],"wp:attachment":[{"href":"https:\/\/arantv.az\/index.php?rest_route=%2Fwp%2Fv2%2Fmedia&parent=824454"}],"wp:term":[{"taxonomy":"category","embeddable":true,"href":"https:\/\/arantv.az\/index.php?rest_route=%2Fwp%2Fv2%2Fcategories&post=824454"},{"taxonomy":"post_tag","embeddable":true,"href":"https:\/\/arantv.az\/index.php?rest_route=%2Fwp%2Fv2%2Ftags&post=824454"}],"curies":[{"name":"wp","href":"https:\/\/api.w.org\/{rel}","templated":true}]}}