{"id":824466,"date":"2025-09-04T08:50:46","date_gmt":"2025-09-04T04:50:46","guid":{"rendered":"https:\/\/arantv.az\/?p=824466"},"modified":"2025-09-04T08:50:46","modified_gmt":"2025-09-04T04:50:46","slug":"kreml-baki-ir%c9%99van-barisigina-qarsi","status":"publish","type":"post","link":"https:\/\/arantv.az\/?p=824466","title":{"rendered":"Kreml Bak\u0131-\u0130r\u0259van bar\u0131\u015f\u0131\u011f\u0131na qar\u015f\u0131"},"content":{"rendered":"<h3><strong>Az\u0259rbaycanla Erm\u0259nistan aras\u0131nda \u201csaat \u0259qr\u0259bl\u0259ri\u201d bu d\u0259f\u0259 \u00c7ind\u0259 tutu\u015fduruldu v\u0259 Rusiyaya \u201csar\u0131 kart\u201d g\u00f6st\u0259rildi<\/strong><\/h3>\n<p><strong>Prezident \u0130lham \u018fliyev v\u0259 ba\u015f nazir Nikol Pa\u015finyan A\u011f Evd\u0259 imzalanm\u0131\u015f tarixi s\u0259n\u0259dl\u0259rin \u00fcst\u00fcnd\u0259n bir ay, Abu-Dabu g\u00f6r\u00fc\u015f\u00fcnd\u0259n is\u0259 iki ay ke\u00e7m\u0259mi\u015f bu d\u0259f\u0259 \u00c7ind\u0259 bir araya g\u0259ldil\u0259r. \u201cSaat \u0259qr\u0259bl\u0259ri\u201d indi d\u0259 bu d\u00f6vl\u0259td\u0259 tutu\u015fduruldu.\u00a0<\/strong><\/p>\n<p>Rusiya is\u0259 n\u00f6vb\u0259ti d\u0259f\u0259 \u201cofsaytda\u201d saxlan\u0131ld\u0131. Halbuki 44 g\u00fcnl\u00fck V\u0259t\u0259n sava\u015f\u0131ndan sonra \u018fliyev, Pa\u015finyan v\u0259 Putin il \u0259rzind\u0259 d\u0259f\u0259l\u0259rl\u0259 \u00fc\u00e7l\u00fc formatda g\u00f6r\u00fc\u015fm\u00fc\u015f, birg\u0259 b\u0259yanatlar (Moskva, So\u00e7i) q\u0259bul etmi\u015fdil\u0259r.<\/p>\n<p><strong>\u015e\u00fcbh\u0259 yox ki, \u018fliyevl\u0259 Pa\u015finyan\u0131n, \u018frdo\u011fanla Pa\u015finyan\u0131n \u00c7in dan\u0131\u015f\u0131qlar\u0131 s\u00fclh prosesin\u0259 \u0259lav\u0259 stimul ver\u0259c\u0259k. Bu kimi t\u0259maslar, el\u0259c\u0259 d\u0259 Az\u0259rbaycan v\u0259 Erm\u0259nistan\u0131n 1-ci xan\u0131mlar\u0131n\u0131n ilk d\u0259f\u0259 g\u00f6r\u00fc\u015f\u0259r\u0259k birg\u0259 \u015f\u0259kil \u00e7\u0259kdirm\u0259si iki xalq aras\u0131nda n\u0259 q\u0259d\u0259r \u00e7\u0259tin d\u0259 olsa, etimad m\u00fchitinin yaranmas\u0131na v\u0259 d\u00fc\u015fm\u0259n\u00e7ilik s\u0259hif\u0259sinin daha tez qapanmas\u0131na, bar\u0131\u015f\u0131\u011f\u0131n \u0259ld\u0259 olunmas\u0131na yard\u0131m\u00e7\u0131 ola bil\u0259r.\u00a0<\/strong><\/p>\n<p>Art\u0131q b\u00f6y\u00fck s\u00fclh\u0259 do\u011fru yolda iki \u0259n ciddi \u0259ng\u0259ld\u0259n biri aradan qalx\u0131b. AT\u018fT-in Minsk Qrupu r\u0259sm\u0259n l\u0259\u011fv olunub. Qal\u0131r Erm\u0259nistan Konstitusiyas\u0131na m\u00fcvafiq d\u00fcz\u0259li\u015fi edib paraflanm\u0131\u015f s\u00fclh m\u00fcqavil\u0259sini imzalamaq, t\u0259r\u0259fl\u0259r aras\u0131nda, o c\u00fcml\u0259d\u0259n Ankara v\u0259 \u0130r\u0259van aras\u0131nda diplomatik m\u00fcnasib\u0259tl\u0259r qurmaq.<\/p>\n<p>T\u0259bii ki, bundan sonra b\u00fct\u00fcn anti-T\u00fcrk \u00e7evr\u0259l\u0259r v\u0259 m\u00fcharib\u0259 t\u0259r\u0259fdarlar\u0131, \u00f6z\u0259llikl\u0259 erm\u0259ni lobbisi v\u0259 erm\u0259ni kils\u0259si, habel\u0259 Erm\u0259nistanda Rusiyaya ba\u011fl\u0131 q\u00fcvv\u0259l\u0259r v\u0259 r\u0259smi Kreml b\u00fct\u00fcn g\u00fccl\u0259rini m\u0259hz konstitusiya d\u0259yi\u015fikliyin\u0259 qar\u015f\u0131 s\u0259f\u0259rb\u0259r ed\u0259c\u0259kl\u0259r. \u00c7\u00fcnki bu, onlar\u0131n aran\u0131 qar\u0131\u015fd\u0131rmaq \u00fc\u00e7\u00fcn sonuncu r\u0131\u00e7a\u011f\u0131d\u0131r.<\/p>\n<p><strong>B\u0259s Moskvan\u0131n \u00f6z g\u00fcnah\u0131 \u00fcz\u00fcnd\u0259n prosesd\u0259n k\u0259narda qalmas\u0131, obrazl\u0131 des\u0259k, \u00c7ind\u0259 Bak\u0131dan \u201csar\u0131 kart\u201d almas\u0131 b\u00f6y\u00fck s\u00fclh\u0259 hans\u0131 \u0259ng\u0259li yarada bil\u0259r? Rusiyan\u0131n Erm\u0259nistan \u0259halisini Pa\u015finyana qar\u015f\u0131 qald\u0131rmaq potensial\u0131 n\u0259 d\u0259r\u0259c\u0259d\u0259 ciddidir?<\/strong><\/p>\n<p>Siyasi ekspert Z\u00fcriy\u0259 Qarayevan\u0131n s\u00f6zl\u0259rin\u0259 g\u00f6r\u0259, Rusiyan\u0131n m\u00fcdaxil\u0259 imkanlar\u0131 t\u00fck\u0259nir. Onun fikrinc\u0259, sonuncu istinad n\u00f6qt\u0259si \u00fc\u00e7t\u0259r\u0259fli sazi\u015fdir, Bak\u0131 v\u0259 \u0130r\u0259van onun q\u00fcvv\u0259d\u0259n d\u00fc\u015fd\u00fcy\u00fcn\u00fc birg\u0259 b\u0259yanatla elan ed\u0259 bil\u0259r. Z.Qarayeva hesab edir ki, \u00c7ind\u0259 \u00fc\u00e7t\u0259r\u0259fli g\u00f6r\u00fc\u015f\u00fcn olmayaca\u011f\u0131 da g\u00f6zl\u0259nil\u0259n idi: \u201c\u0130lk n\u00f6vb\u0259d\u0259 Az\u0259rbaycan-Rusiya m\u00fcnasib\u0259tl\u0259ri pisl\u0259\u015fib. \u0130kincisi, bel\u0259 bir formatda g\u00f6r\u00fc\u015f\u0259 ehtiyac yox idi, \u00e7\u00fcnki t\u0259r\u0259fl\u0259r s\u00fclh m\u0259tnini paraflay\u0131blar. Y\u0259ni Rusiyan\u0131n i\u015ftirak\u0131 il\u0259 m\u00fczakir\u0259 edil\u0259c\u0259k m\u00f6vzular yaln\u0131z \u0259m\u0259kda\u015fl\u0131q sah\u0259l\u0259ri ola bil\u0259rdi. \u018fg\u0259r Moskva Bak\u0131 il\u0259 \u0130r\u0259van aras\u0131nda h\u0259r hans\u0131 m\u00f6vzuda vasit\u0259\u00e7ilik etm\u0259y\u0259 h\u0259v\u0259sl\u0259nibs\u0259, buna z\u0259rur\u0259t qalmay\u0131b. Bu m\u0259nada Rusiyan\u0131n sonuncu b\u0259han\u0259sini d\u0259 \u0259lind\u0259n almaq laz\u0131md\u0131r. S\u00f6hb\u0259t 10 noyabr s\u0259n\u0259dind\u0259n gedir. Bu g\u00fcnl\u0259rd\u0259 Pa\u015finyan\u0131n s\u00f6zl\u0259rin\u0259 Zaxarova cavab verdi ki, \u00fc\u00e7t\u0259r\u0259fli sazi\u015f q\u00fcvv\u0259d\u0259 qal\u0131r. \u0130ndi buna cavab olaraq h\u0259r iki t\u0259r\u0259f b\u0259yannam\u0259d\u0259n \u00e7\u0131xd\u0131\u011f\u0131n\u0131 bildirm\u0259lidirl\u0259r. M\u0259nim g\u00f6zl\u0259ntim budur ki, bel\u0259 bir q\u0259rar olacaq. Ondan sonra Rusiyan\u0131n regiondak\u0131 m\u0259s\u0259l\u0259l\u0259r\u0259 qar\u0131\u015fma\u011fa imkan\u0131 olmayacaq\u201d.<\/p>\n<p><img src=\"https:\/\/www.aznews.az\/storage\/2024\/07\/05\/zuriye.png\" alt=\"Z\u00fcriy\u0259 Qarayeva AMEA-n\u0131n \u201c\u0130lin g\u0259nc alimi\u201d nominasiyas\u0131 \u00fczr\u0259 qalib olub\" \/><\/p>\n<p><strong>Z\u00fcriy\u0259 Qarayeva<\/strong><\/p>\n<p>Z.Qarayeva hesab edir ki, C\u0259nubi Qafqaz yeni d\u00f6vr\u0259 daxil olur v\u0259 b\u00f6y\u00fck d\u0259yi\u015fiklikl\u0259r olacaq: \u201cArt\u0131q n\u0259qliyyat kommunikasiyalar\u0131n\u0131n a\u00e7\u0131lmas\u0131 qa\u00e7\u0131lmazd\u0131r. \u00c7inin d\u0259 bu layih\u0259l\u0259r\u0259 b\u00f6y\u00fck mara\u011f\u0131 var. Bel\u0259 olan halda, Rusiya k\u00f6hn\u0259 narrativl\u0259rl\u0259 siyas\u0259t y\u00fcr\u00fcd\u0259 bilm\u0259z. B\u00f6lg\u0259d\u0259 onun qalmas\u0131 \u00fc\u00e7\u00fcn yegan\u0259 yolu Az\u0259rbaycan v\u0259 Erm\u0259nistanla \u0259m\u0259kda\u015fl\u0131qd\u0131r. \u018fg\u0259r imperiya zehniyy\u0259ti il\u0259 ya\u015fama\u011fa davam ets\u0259, bu \u00f6lk\u0259l\u0259ri \u00f6z\u00fcnd\u0259n ki\u00e7ik g\u00f6rs\u0259, Rusiya t\u0259zyiq yollar\u0131 il\u0259 he\u00e7 n\u0259 ed\u0259 bilm\u0259y\u0259c\u0259k\u201d.<\/p>\n<p><img src=\"https:\/\/ictimai.az\/core\/uploads\/2023\/10\/ictimai_f603c4e29d1ed250670c1743d5cec28b_ftshwmexc8uoanrj34q5-620x460.jpg\" alt=\"M\u00fchacirl\u0259r\u0259 \u201ct\u0259rs \u015fill\u0259\u201d - Ehtiram Mehdiyev | \u0130CT\u0130MA\u0130.AZ\" \/><\/p>\n<p><strong>\u00a0Ehtiram Mehdiyev\u00a0<\/strong><\/p>\n<p><strong>Milli C\u0259bh\u0259 Partiyas\u0131n\u0131n s\u0259dr m\u00fcavini Ehtiram Mehdiyev Rusiyan\u0131n Erm\u0259nistanda inqilab potensial\u0131 olmad\u0131\u011f\u0131n\u0131 d\u00fc\u015f\u00fcn\u00fcr. Onun fikrinc\u0259, yaln\u0131z h\u0259rbi \u00e7evrili\u015f\u0259 \u0259l ata bil\u0259r ki, bu da real g\u00f6r\u00fcnm\u00fcr: \u201cOna g\u00f6r\u0259 \u0259halini Pa\u015finyan\u0131n \u00fcst\u00fcn\u0259 qald\u0131rmaq \u00e7\u0259tindir. Rusiyan\u0131n m\u00fcxt\u0259lif ssenaril\u0259ri ola bil\u0259r, sad\u0259c\u0259, Erm\u0259nistan hakimiyy\u0259ti il\u0259 m\u00fcnasib\u0259tl\u0259r indi \u0259vv\u0259lki q\u0259d\u0259r g\u0259rgin deyil. H\u0259tta Pa\u015finyan Rusiyan\u0131 &#8220;qarda\u015f \u00f6lk\u0259&#8221; adland\u0131rd\u0131. Burada Az\u0259rbaycan-Rusiya \u0259laq\u0259l\u0259rinin korlanmas\u0131ndan sui-istifad\u0259 elementi d\u0259 var. Ancaq b\u00fct\u00fcn hallarda, Bak\u0131 v\u0259 \u0130r\u0259van \u0259sas m\u0259s\u0259l\u0259l\u0259ri h\u0259ll edibl\u0259r. Yekun s\u00fclh m\u00fcqavil\u0259si \u00fc\u00e7\u00fcn konstitusiya d\u0259yi\u015fikliyi olmal\u0131d\u0131r. M\u0259nc\u0259, Erm\u0259nistan buna da ged\u0259c\u0259k. Y\u0259ni i\u015fi yar\u0131m\u00e7\u0131q qoymaq olmaz. Bundan sonra Rusiyan\u0131n regionda araqar\u0131\u015fd\u0131ranl\u0131q etm\u0259si \u00fc\u00e7\u00fcn b\u00fct\u00fcn al\u0259tl\u0259r \u0259lind\u0259n \u00e7\u0131xacaq. Haz\u0131rda Moskva prosesl\u0259r\u0259 m\u00fcdaxil\u0259 ed\u0259 bilmir. \u00c7\u00fcnki Ukrayna m\u00fcharib\u0259si onu strateji c\u0259h\u0259td\u0259n xeyli d\u0259r\u0259c\u0259d\u0259 z\u0259ifl\u0259dib. Bu da ciddi \u015f\u0259kild\u0259 t\u0259sirl\u0259rini g\u00f6st\u0259rm\u0259kd\u0259dir. Art\u0131q C\u0259nubi Qafqazda Rusiya m\u00f6vqeyini itirib. Duqin d\u0259 etiraf etdi ki, b\u00f6lg\u0259d\u0259n \u00e7\u0131xar\u0131l\u0131blar. Ona g\u00f6r\u0259 d\u0259 \u00c7ind\u0259 Az\u0259rbaycan v\u0259 Erm\u0259nistan liderl\u0259ri \u00f6z t\u0259\u015f\u0259bb\u00fcs\u00fc il\u0259 g\u00f6r\u00fc\u015fd\u00fcl\u0259r, vasit\u0259\u00e7iy\u0259 ehtiyac qalmad\u0131. Putinin i\u015ftirak\u0131 il\u0259 \u00fc\u00e7t\u0259r\u0259fli g\u00f6r\u00fc\u015f\u0259 ehtiyac da yox idi&#8221;.\u00a0\u00a0<\/strong><\/p>\n<p>Xat\u0131rladaq ki, Rusiya Xarici \u0130\u015fl\u0259r Nazirliyinin r\u0259smi n\u00fcmay\u0259nd\u0259si Mariya Zaxarova Erm\u0259nistan\u0131n ba\u015f naziri Nikol Pa\u015finyan\u0131n 10 noyabr \u00fc\u00e7t\u0259r\u0259fli b\u0259yanat bar\u0259d\u0259 dedikl\u0259rin\u0259 m\u00fcnasib\u0259t bildirib. Zaxarova ke\u00e7irdiyi brifinqd\u0259 Pa\u015finyan\u0131n b\u0259yanat\u0131n\u0131 \u201cnitq fiquru\u201d adland\u0131r\u0131b. Zaxarova qeyd edib ki, 2020-2022-ci ill\u0259rin \u00fc\u00e7t\u0259r\u0259fli raz\u0131la\u015fmalar\u0131 aktual olaraq qal\u0131r, t\u0259r\u0259fl\u0259rd\u0259n he\u00e7 biri onlardan \u00e7\u0131xmay\u0131b, bu bar\u0259d\u0259 s\u0259n\u0259dl\u0259r d\u0259 m\u00f6vcud deyil. Erm\u0259nistan\u0131n ba\u015f naziri Nikol Pa\u015finyan Erm\u0259nistan, Rusiya v\u0259 Az\u0259rbaycan liderl\u0259rinin 9 noyabr 2020-ci il \u00fc\u00e7t\u0259r\u0259fli b\u0259yanat\u0131n\u0131n q\u00fcvv\u0259d\u0259n d\u00fc\u015fd\u00fcy\u00fcn\u00fc bildirib. Erm\u0259nistan lideri deyib ki, \u201cnoyabr\u0131n 9-na qay\u0131tma\u011fa ehtiyac yoxdur\u201d. \u201c9 noyabr 9 noyabrda qald\u0131\u201d, &#8211; Pa\u015finyan \u0259lav\u0259 edib.<\/p>\n<p><strong>Emil SALAMO\u011eLU,<br \/>\n\u201cYeni M\u00fcsavat\u201d\u00a0<\/strong><\/p>\n","protected":false},"excerpt":{"rendered":"<p>Az\u0259rbaycanla Erm\u0259nistan aras\u0131nda \u201csaat \u0259qr\u0259bl\u0259ri\u201d bu d\u0259f\u0259 \u00c7ind\u0259 tutu\u015fduruldu v\u0259 Rusiyaya \u201csar\u0131 kart\u201d g\u00f6st\u0259rildi Prezident \u0130lham \u018fliyev v\u0259 ba\u015f nazir Nikol Pa\u015finyan A\u011f Evd\u0259 imzalanm\u0131\u015f tarixi s\u0259n\u0259dl\u0259rin \u00fcst\u00fcnd\u0259n bir ay, Abu-Dabu g\u00f6r\u00fc\u015f\u00fcnd\u0259n is\u0259 iki ay ke\u00e7m\u0259mi\u015f bu d\u0259f\u0259 \u00c7ind\u0259 bir araya g\u0259ldil\u0259r. \u201cSaat \u0259qr\u0259bl\u0259ri\u201d indi d\u0259 bu d\u00f6vl\u0259td\u0259 tutu\u015fduruldu.\u00a0 Rusiya is\u0259 n\u00f6vb\u0259ti d\u0259f\u0259 \u201cofsaytda\u201d saxlan\u0131ld\u0131. Halbuki 44 g\u00fcnl\u00fck V\u0259t\u0259n sava\u015f\u0131ndan sonra \u018fliyev, Pa\u015finyan v\u0259 Putin il \u0259rzind\u0259 d\u0259f\u0259l\u0259rl\u0259 \u00fc\u00e7l\u00fc formatda g\u00f6r\u00fc\u015fm\u00fc\u015f, birg\u0259 b\u0259yanatlar (Moskva, So\u00e7i) q\u0259bul etmi\u015fdil\u0259r. \u015e\u00fcbh\u0259 yox ki, \u018fliyevl\u0259 Pa\u015finyan\u0131n, \u018frdo\u011fanla Pa\u015finyan\u0131n \u00c7in dan\u0131\u015f\u0131qlar\u0131 s\u00fclh prosesin\u0259 \u0259lav\u0259 stimul&hellip;<\/p>\n","protected":false},"author":2,"featured_media":824467,"comment_status":"closed","ping_status":"closed","sticky":false,"template":"","format":"standard","meta":{"om_disable_all_campaigns":false,"_monsterinsights_skip_tracking":false,"_monsterinsights_sitenote_active":false,"_monsterinsights_sitenote_note":"","_monsterinsights_sitenote_category":0},"categories":[4],"tags":[],"aioseo_notices":[],"gutentor_comment":0,"rttpg_featured_image_url":{"full":["https:\/\/arantv.az\/wp-content\/uploads\/2025\/09\/1ba879e32c1c4989449d2518784782f0.png",870,500,false],"landscape":["https:\/\/arantv.az\/wp-content\/uploads\/2025\/09\/1ba879e32c1c4989449d2518784782f0.png",870,500,false],"portraits":["https:\/\/arantv.az\/wp-content\/uploads\/2025\/09\/1ba879e32c1c4989449d2518784782f0.png",870,500,false],"thumbnail":["https:\/\/arantv.az\/wp-content\/uploads\/2025\/09\/1ba879e32c1c4989449d2518784782f0-500x280.png",500,280,true],"medium":["https:\/\/arantv.az\/wp-content\/uploads\/2025\/09\/1ba879e32c1c4989449d2518784782f0-635x365.png",635,365,true],"large":["https:\/\/arantv.az\/wp-content\/uploads\/2025\/09\/1ba879e32c1c4989449d2518784782f0-840x483.png",640,368,true],"1536x1536":["https:\/\/arantv.az\/wp-content\/uploads\/2025\/09\/1ba879e32c1c4989449d2518784782f0.png",870,500,false],"2048x2048":["https:\/\/arantv.az\/wp-content\/uploads\/2025\/09\/1ba879e32c1c4989449d2518784782f0.png",870,500,false],"post-thumbnail":["https:\/\/arantv.az\/wp-content\/uploads\/2025\/09\/1ba879e32c1c4989449d2518784782f0-240x172.png",240,172,true],"advps-thumb-one":["https:\/\/arantv.az\/wp-content\/uploads\/2025\/09\/1ba879e32c1c4989449d2518784782f0.png",870,500,false]},"rttpg_author":{"display_name":"V\u00fcsal Rafiqo\u011flu","author_link":"https:\/\/arantv.az\/?author=2"},"rttpg_comment":0,"rttpg_category":"<a href=\"https:\/\/arantv.az\/?cat=4\" rel=\"category\">Siyas\u0259t<\/a>","rttpg_excerpt":"Az\u0259rbaycanla Erm\u0259nistan aras\u0131nda \u201csaat \u0259qr\u0259bl\u0259ri\u201d bu d\u0259f\u0259 \u00c7ind\u0259 tutu\u015fduruldu v\u0259 Rusiyaya \u201csar\u0131 kart\u201d g\u00f6st\u0259rildi Prezident \u0130lham \u018fliyev v\u0259 ba\u015f nazir Nikol Pa\u015finyan A\u011f Evd\u0259 imzalanm\u0131\u015f tarixi s\u0259n\u0259dl\u0259rin \u00fcst\u00fcnd\u0259n bir ay, Abu-Dabu g\u00f6r\u00fc\u015f\u00fcnd\u0259n is\u0259 iki ay ke\u00e7m\u0259mi\u015f bu d\u0259f\u0259 \u00c7ind\u0259 bir araya g\u0259ldil\u0259r. \u201cSaat \u0259qr\u0259bl\u0259ri\u201d indi d\u0259 bu d\u00f6vl\u0259td\u0259 tutu\u015fduruldu.\u00a0 Rusiya is\u0259 n\u00f6vb\u0259ti d\u0259f\u0259 \u201cofsaytda\u201d saxlan\u0131ld\u0131.&hellip;","_links":{"self":[{"href":"https:\/\/arantv.az\/index.php?rest_route=\/wp\/v2\/posts\/824466"}],"collection":[{"href":"https:\/\/arantv.az\/index.php?rest_route=\/wp\/v2\/posts"}],"about":[{"href":"https:\/\/arantv.az\/index.php?rest_route=\/wp\/v2\/types\/post"}],"author":[{"embeddable":true,"href":"https:\/\/arantv.az\/index.php?rest_route=\/wp\/v2\/users\/2"}],"replies":[{"embeddable":true,"href":"https:\/\/arantv.az\/index.php?rest_route=%2Fwp%2Fv2%2Fcomments&post=824466"}],"version-history":[{"count":1,"href":"https:\/\/arantv.az\/index.php?rest_route=\/wp\/v2\/posts\/824466\/revisions"}],"predecessor-version":[{"id":824468,"href":"https:\/\/arantv.az\/index.php?rest_route=\/wp\/v2\/posts\/824466\/revisions\/824468"}],"wp:featuredmedia":[{"embeddable":true,"href":"https:\/\/arantv.az\/index.php?rest_route=\/wp\/v2\/media\/824467"}],"wp:attachment":[{"href":"https:\/\/arantv.az\/index.php?rest_route=%2Fwp%2Fv2%2Fmedia&parent=824466"}],"wp:term":[{"taxonomy":"category","embeddable":true,"href":"https:\/\/arantv.az\/index.php?rest_route=%2Fwp%2Fv2%2Fcategories&post=824466"},{"taxonomy":"post_tag","embeddable":true,"href":"https:\/\/arantv.az\/index.php?rest_route=%2Fwp%2Fv2%2Ftags&post=824466"}],"curies":[{"name":"wp","href":"https:\/\/api.w.org\/{rel}","templated":true}]}}