{"id":824469,"date":"2025-09-04T08:51:45","date_gmt":"2025-09-04T04:51:45","guid":{"rendered":"https:\/\/arantv.az\/?p=824469"},"modified":"2025-09-04T08:51:45","modified_gmt":"2025-09-04T04:51:45","slug":"az%c9%99rbaycan-s%c9%99t-%c9%99laq%c9%99l%c9%99ri-qlobal-%c9%99m%c9%99kdasliqda-etibarli-t%c9%99r%c9%99fdas","status":"publish","type":"post","link":"https:\/\/arantv.az\/?p=824469","title":{"rendered":"Az\u0259rbaycan-\u015e\u018fT \u0259laq\u0259l\u0259ri: Qlobal \u0259m\u0259kda\u015fl\u0131qda etibarl\u0131 t\u0259r\u0259fda\u015f"},"content":{"rendered":"<p><em><strong>Prezident \u0130lham \u018fliyevin \u00c7in\u0259 s\u0259f\u0259ri yaln\u0131z ikit\u0259r\u0259fli \u0259m\u0259kda\u015fl\u0131\u011f\u0131n inki\u015faf\u0131na deyil, h\u0259m d\u0259 Az\u0259rbaycan\u0131n beyn\u0259lxalq platformalarda aktiv i\u015ftirak\u0131n\u0131 g\u00fccl\u0259ndirm\u0259y\u0259 xidm\u0259t edir<\/strong><\/em><\/p>\n<p>Az\u0259rbaycan d\u00f6vl\u0259t m\u00fcst\u0259qilliyini b\u0259rpa etdiyi d\u00f6vrd\u0259n bir q\u0259d\u0259r sonra regional v\u0259 qlobal s\u0259viyy\u0259d\u0259 f\u0259aliyy\u0259tini, o c\u00fcml\u0259d\u0259n beyn\u0259lxalq arenada \u0259m\u0259kda\u015fl\u0131\u011f\u0131 getdikc\u0259 geni\u015fl\u0259ndirib. Bu g\u00fcn respublikam\u0131z\u0131n m\u00fcst\u0259qil d\u00f6vl\u0259t kimi n\u00fcfuzlu beyn\u0259lxalq t\u0259\u015fkilatlara, o c\u00fcml\u0259d\u0259n BMT, AT\u018fT, Avropa \u015euras\u0131, \u0130slam Konfrans\u0131 T\u0259\u015fkilat\u0131, M\u00fcst\u0259qil D\u00f6vl\u0259tl\u0259r Birliyi, Qo\u015fulmama H\u0259r\u0259kat\u0131, T\u00fcrkdilli D\u00f6vl\u0259tl\u0259rin \u018fm\u0259kda\u015fl\u0131q \u015euras\u0131 v\u0259 \u00e7oxlu sayda dig\u0259r t\u0259\u015fkilatlara \u00fczvl\u00fcy\u00fc bundan x\u0259b\u0259r verir. Az\u0259rbaycan\u0131n n\u00fcfuzlu beyn\u0259lxalq t\u0259\u015fkilatlardak\u0131 f\u0259al rolu, s\u0259drlik etdiyi qurumlar\u0131n i\u015fini g\u00fcn\u00fcn t\u0259l\u0259bl\u0259ri s\u0259viyy\u0259sind\u0259 qurmas\u0131 \u00f6lk\u0259miz\u0259 dost olan d\u00f6vl\u0259tl\u0259rin say\u0131n\u0131 getdikc\u0259 art\u0131r\u0131r. Regional \u0259m\u0259kda\u015fl\u0131q t\u0259\u015fkilatlar\u0131 aras\u0131nda \u015eanxay \u018fm\u0259kda\u015fl\u0131q T\u0259\u015fkilat\u0131 (\u015e\u018fT) x\u00fcsusi yer tutur. T\u0259\u015fkilat 15 iyun 2001-ci ild\u0259 alt\u0131 \u00fczv \u00f6lk\u0259 &#8211; \u00c7in, Rusiya, Q\u0131r\u011f\u0131z\u0131stan, Tacikistan, \u00d6zb\u0259kistan v\u0259 Qazax\u0131stan t\u0259r\u0259find\u0259n t\u0259sis edilib. \u018fg\u0259r \u015e\u018fT \u00e7\u0259r\u00e7iv\u0259sind\u0259 ilkin olaraq terrorizm, narkotik vasit\u0259l\u0259rin qanunsuz d\u00f6vriyy\u0259si v\u0259 sair bu q\u0259bild\u0259n olan m\u0259s\u0259l\u0259l\u0259rl\u0259 m\u00fcbariz\u0259y\u0259 \u00fcst\u00fcnl\u00fck verilirdis\u0259, indi quruma \u00fczv \u00f6lk\u0259l\u0259rin iqtisadi \u0259m\u0259kda\u015fl\u0131\u011f\u0131n inki\u015faf\u0131na istiqam\u0259tl\u0259nm\u0259l\u0259ri intensivl\u0259\u015fm\u0259y\u0259 ba\u015flay\u0131b. \u0130ndi \u015e\u018fT beyn\u0259lxalq xarakterli regional t\u0259\u015fkilatd\u0131r. Qeyd ed\u0259k ki, 2015-ci ild\u0259 \u015e\u018fT-\u0259 \u00fczv d\u00f6vl\u0259tl\u0259rin ba\u015f\u00e7\u0131lar\u0131 \u015euras\u0131n\u0131n iclas\u0131nda Az\u0259rbaycana t\u0259r\u0259fda\u015f statusunun verilm\u0259si il\u0259 ba\u011fl\u0131 q\u0259rar q\u0259bul edilib. 17 may 2016-c\u0131 il tarixind\u0259 Prezident \u0130lham \u018fliyev &#8220;Az\u0259rbaycan Respublikas\u0131na \u015eanxay \u018fm\u0259kda\u015fl\u0131q T\u0259\u015fkilat\u0131n\u0131n dialoq \u00fczr\u0259 t\u0259r\u0259fda\u015f\u0131 statusunun verilm\u0259si haqq\u0131nda&#8221; 2016-c\u0131 il mart\u0131n 14-d\u0259 Pekin \u015f\u0259h\u0259rind\u0259 imzalanm\u0131\u015f Memorandumu t\u0259sdiql\u0259yib. Respublikam\u0131z h\u0259min tarixd\u0259n etibar\u0259n \u015e\u018fT-in t\u0259dbirl\u0259rind\u0259 f\u0259al i\u015ftirak edir v\u0259 qurumla \u0259m\u0259kda\u015fl\u0131\u011f\u0131 geni\u015fl\u0259ndirir. X\u00fcsusi qeyd etm\u0259k laz\u0131md\u0131r ki, Az\u0259rbaycan Prezidenti iki d\u0259f\u0259 &#8211; 2022-ci ild\u0259 S\u0259m\u0259rq\u0259ndd\u0259 v\u0259 2024-c\u00fc ild\u0259 Astanada \u015e\u018fT-in Zirv\u0259 toplant\u0131lar\u0131nda i\u015ftirak edib.<\/p>\n<p>Prezident \u0130lham \u018fliyev \u00c7in Xalq Respublikas\u0131n\u0131n s\u0259dri Si-Cinpinin d\u0259v\u0259ti il\u0259 \u015eanxay \u018fm\u0259kda\u015fl\u0131q T\u0259\u015fkilat\u0131n\u0131n &#8220;\u015e\u018fT plyus&#8221; format\u0131nda ke\u00e7iril\u0259n Zirv\u0259 toplant\u0131s\u0131nda, h\u0259m\u00e7inin \u00c7inin xarici h\u0259rbi m\u00fcdaxil\u0259 v\u0259 fa\u015fizm \u00fcz\u0259rind\u0259 q\u0259l\u0259b\u0259sinin 80 illiyi m\u00fcnasib\u0259til\u0259 ke\u00e7iril\u0259c\u0259k t\u0259nt\u0259n\u0259li t\u0259dbirl\u0259rd\u0259 v\u0259 h\u0259rbi paradda i\u015ftirak etm\u0259si \u00fc\u00e7\u00fcn \u00a0i\u015f\u011f\u00fczar s\u0259f\u0259r edib. Sentyabr\u0131n 1-d\u0259 \u015e\u018fT-in \u00c7inin Tiencin \u015f\u0259h\u0259rind\u0259 ke\u00e7iril\u0259n Zirv\u0259 sammitind\u0259 20-d\u0259n \u00e7ox \u00f6lk\u0259nin liderl\u0259ri v\u0259 10 beyn\u0259lxalq t\u0259\u015fkilat\u0131n r\u0259hb\u0259ri i\u015ftirak edib. Tiencin \u015f\u0259h\u0259rind\u0259 ke\u00e7iril\u0259n sammitin yekun b\u0259yannam\u0259sin\u0259 \u0259sas\u0259n \u015eanxay \u018fm\u0259kda\u015fl\u0131q T\u0259\u015fkilat\u0131 (\u015e\u018fT) m\u00fc\u015fahid\u0259\u00e7i v\u0259 dialoq t\u0259r\u0259fda\u015f\u0131 statuslar\u0131n\u0131 birl\u0259\u015fdirib. Bu d\u0259yi\u015fiklik n\u0259tic\u0259sind\u0259 Az\u0259rbaycan t\u0259\u015fkilat\u0131n r\u0259smi t\u0259r\u0259fda\u015f\u0131 statusunu \u0259ld\u0259 edib. Qeyd ed\u0259k ki, haz\u0131rda \u015e\u018fT-in \u00fczv d\u00f6vl\u0259tl\u0259ri s\u0131ras\u0131nda Belarus, Hindistan, \u0130ran, Qazax\u0131stan, Q\u0131r\u011f\u0131z\u0131stan, \u00c7in, Pakistan, Rusiya, Tacikistan v\u0259 \u00d6zb\u0259kistan yer al\u0131r. T\u0259\u015fkilatla \u0259m\u0259kda\u015fl\u0131q ed\u0259n \u00f6lk\u0259l\u0259r aras\u0131nda is\u0259 iki m\u00fc\u015fahid\u0259\u00e7i d\u00f6vl\u0259t \u2013 \u018ffqan\u0131stan v\u0259 Monqolustan, el\u0259c\u0259 d\u0259 dialoq t\u0259r\u0259fda\u015f\u0131 statusuna malik 14 \u00f6lk\u0259 var. Onlar\u0131n s\u0131ras\u0131nda Az\u0259rbaycanla yana\u015f\u0131 Erm\u0259nistan, B\u0259hreyn, Misir, Kamboca, Q\u0259t\u0259r, K\u00fcveyt, Maldiv adalar\u0131, Myanma, Nepal, B\u018f\u018f, S\u0259udiyy\u0259 \u018fr\u0259bistan\u0131, T\u00fcrkiy\u0259 v\u0259 \u015eri-Lanka da g\u00f6st\u0259rilir. Bundan \u0259lav\u0259, sammitd\u0259 q\u0259bul edil\u0259n q\u0259rarla Laos da t\u0259\u015fkilat\u0131n t\u0259r\u0259fda\u015f\u0131 statusu qazan\u0131b.<\/p>\n<p>&#8220;\u015e\u018fT plyus&#8221; format\u0131nda ke\u00e7iril\u0259n g\u00f6r\u00fc\u015fd\u0259 \u00e7\u0131x\u0131\u015f ed\u0259n Prezident \u0130lham \u018fliyev Az\u0259rbaycan-\u00c7in \u0259laq\u0259l\u0259rinin y\u00fcks\u0259k s\u0259viyy\u0259d\u0259 oldu\u011funu b\u0259yan edib. D\u00f6vl\u0259timizin ba\u015f\u00e7\u0131s\u0131 Az\u0259rbaycan\u0131n \u00c7in Xalq Respublikas\u0131n\u0131n S\u0259dri t\u0259r\u0259find\u0259n ir\u0259li s\u00fcr\u00fclm\u00fc\u015f \u201cBir k\u0259m\u0259r, bir yol\u201d t\u0259\u015f\u0259bb\u00fcs\u00fcn\u00fc ilk d\u0259st\u0259kl\u0259y\u0259n \u00f6lk\u0259l\u0259rd\u0259n biri oldu\u011funu xat\u0131rlad\u0131b. Bu istiqam\u0259td\u0259 art\u0131q ciddi praktiki layih\u0259l\u0259r realla\u015fd\u0131r\u0131l\u0131r. N\u0259z\u0259r\u0259 alaq ki, Az\u0259rbaycan Avrasiyan\u0131n n\u0259qliyyat-logistika m\u0259rk\u0259zl\u0259rind\u0259n birin\u0259 \u00e7evrilib. \u015e\u0259rq-Q\u0259rb v\u0259 \u015eimal-C\u0259nub d\u0259hlizl\u0259ri yeni iqtisadi v\u0259 n\u0259qliyyat perspektivl\u0259ri yarad\u0131b. Az\u0259rbaycan \u018fl\u0259t Beyn\u0259lxalq D\u0259niz Liman\u0131n\u0131n burax\u0131l\u0131\u015f qabiliyy\u0259tini ild\u0259 15 milyon tondan 25 milyon tona \u00e7atd\u0131rmaq niyy\u0259tind\u0259dir. Prezident \u0130lham \u018fliyevin vur\u011fulad\u0131\u011f\u0131 kimi, Orta D\u0259hliz Az\u0259rbaycan vasit\u0259sil\u0259 \u00c7in v\u0259 M\u0259rk\u0259zi Asiyan\u0131 Avropa il\u0259 birl\u0259\u015fdir\u0259n etibarl\u0131 v\u0259 t\u0259hl\u00fck\u0259siz mar\u015frutdur. T\u0259sad\u00fcfi deyil ki, 2022-ci ild\u0259n b\u0259ri Orta D\u0259hliz \u00fczr\u0259 Az\u0259rbaycan vasit\u0259sil\u0259 y\u00fckda\u015f\u0131malar\u0131n h\u0259cmi t\u0259xmin\u0259n 90 faiz art\u0131b. Bu, h\u0259m d\u0259 Avropa il\u0259 Asiyan\u0131n ticar\u0259t \u0259laq\u0259l\u0259rind\u0259 \u0259n q\u0131sa yoldur. Yax\u0131n g\u0259l\u0259c\u0259kd\u0259 is\u0259 Z\u0259ng\u0259zur d\u0259hlizinin a\u00e7\u0131lmas\u0131 Orta D\u0259hlizin potensial\u0131n\u0131 daha da g\u00fccl\u0259ndir\u0259c\u0259k. D\u00f6vl\u0259timizin ba\u015f\u00e7\u0131s\u0131n\u0131n dediyi kimi, Z\u0259ng\u0259zur d\u0259hlizi h\u0259m Orta D\u0259hlizin, h\u0259m d\u0259 \u015eimal-C\u0259nub d\u0259hlizinin n\u00f6vb\u0259ti m\u00fch\u00fcm seqmentin\u0259 \u00e7evril\u0259c\u0259k, s\u00fclh\u00fc, \u00e7oxt\u0259r\u0259fli t\u0259r\u0259fda\u015fl\u0131\u011f\u0131 m\u00f6hk\u0259ml\u0259ndir\u0259c\u0259k. Bu layih\u0259 regionun b\u00fct\u00fcn \u00f6lk\u0259l\u0259rin\u0259 b\u00f6y\u00fck faydalar g\u0259tir\u0259c\u0259k.<\/p>\n<p>Qeyd ed\u0259k ki, \u015eanxay \u018fm\u0259kda\u015fl\u0131q T\u0259\u015fkilat\u0131nda \u0259hali say\u0131na g\u00f6r\u0259 d\u00fcnyada birinci, iqtisadiyyat\u0131n h\u0259cmin\u0259 g\u00f6r\u0259 ikinci olan \u00c7inin x\u00fcsusi \u00e7\u0259kisi var. \u00c7in Xalq Respublikas\u0131 (\u00c7XR) \u00f6z\u00fcn\u00fcn iqtisadi potensial\u0131 il\u0259 \u015e\u018fT \u00e7\u0259r\u00e7iv\u0259sind\u0259 iqtisadi v\u0259 ticari, humanitar \u0259m\u0259kda\u015fl\u0131\u011f\u0131n geni\u015fl\u0259nm\u0259sind\u0259 apar\u0131c\u0131 amil olaraq qal\u0131r. Bel\u0259 ki, \u00c7inin 2024-c\u00fc ild\u0259 \u015eanxay \u018fm\u0259kda\u015fl\u0131q T\u0259\u015fkilat\u0131na \u00fczv \u00f6lk\u0259l\u0259rl\u0259 ticar\u0259t d\u00f6vriyy\u0259si 2,7 faiz artaraq 512,4 milyard AB\u015e dollar\u0131na \u00e7at\u0131b. Bu g\u00fcn\u0259 kimi \u00c7inin \u015e\u018fT-\u0259 \u00fczv olan dig\u0259r d\u00f6vl\u0259tl\u0259r\u0259 investisiyalar\u0131n\u0131n h\u0259cmi 34 milyard dollar\u0131, dig\u0259r \u00f6lk\u0259l\u0259rl\u0259 ikit\u0259r\u0259fli ticar\u0259tin illik h\u0259cmi is\u0259 500 milyard dollar\u0131 \u00f6t\u00fcb. \u015eanxay \u018fm\u0259kda\u015fl\u0131q T\u0259\u015fkilat\u0131 ail\u0259sind\u0259ki \u00f6lk\u0259l\u0259rin \u00c7inin \u201cBir k\u0259m\u0259r, bir yol\u201d strategiyas\u0131n\u0131n \u0259hat\u0259 dair\u0259sind\u0259 olmas\u0131 r\u0259smi Pekinin bu d\u00f6vl\u0259tl\u0259rl\u0259 \u0259m\u0259kda\u015fl\u0131\u011fa mara\u011f\u0131n\u0131 daha da art\u0131r\u0131b. Bu kontekstd\u0259 \u00c7in-Az\u0259rbaycan \u0259laq\u0259l\u0259ri yeni inki\u015faf m\u0259rh\u0259l\u0259sin\u0259 q\u0259d\u0259m qoyub. Tarix\u0259n m\u00fch\u00fcm ticar\u0259t yollar\u0131n\u0131n \u00fcz\u0259rind\u0259 yerl\u0259\u015f\u0259n Az\u0259rbaycan m\u00fcasir d\u00f6vrd\u0259 d\u0259 \u00f6z\u00fcn\u00fcn iqtisadi potensial\u0131, el\u0259c\u0259 d\u0259 n\u0259qliyyat-logistika, tranzit imkanlar\u0131 il\u0259 Avrasiya regionunda \u0259m\u0259kda\u015fl\u0131q \u00fc\u00e7\u00fcn yeni imkanlar yarad\u0131r. Prezident \u0130lham \u018fliyevin Az\u0259rbaycan\u0131n yerl\u0259\u015fdiyi co\u011frafi m\u00f6vqeyind\u0259n v\u0259 iqtisadi imkanlar\u0131ndan s\u0259m\u0259r\u0259li istifad\u0259 olunmaqla, beyn\u0259lxalq n\u0259qliyyat-logistika d\u0259hlizl\u0259rinin yarad\u0131lmas\u0131 istiqam\u0259tind\u0259 ill\u0259r \u0259vv\u0259l q\u0259bul etdiyi d\u00fc\u015f\u00fcn\u00fclm\u00fc\u015f q\u0259rarlar bu g\u00fcn \u00f6z b\u0259hr\u0259sini verm\u0259kd\u0259dir. Az\u0259rbaycan \u00f6z\u00fcn\u00fcn n\u0259qliyyat-logistika potensial\u0131n\u0131 inki\u015faf etdir\u0259r\u0259k Avrasiyada yeni, alternativ d\u0259hlizl\u0259rin yarad\u0131lmas\u0131na \u00f6z t\u00f6hf\u0259sini verib. \u015eimal-C\u0259nub, \u015e\u0259rq-Q\u0259rb beyn\u0259lxalq n\u0259qliyyat d\u0259hlizl\u0259rinin f\u0259aliyy\u0259tinin geni\u015fl\u0259ndirilm\u0259si istiqam\u0259tind\u0259 g\u00f6r\u00fclm\u00fc\u015f i\u015fl\u0259r Az\u0259rbaycan\u0131n tranzit \u00f6lk\u0259 kimi beyn\u0259lxalq y\u00fckda\u015f\u0131malardak\u0131 m\u00f6vqeyini m\u00f6hk\u0259ml\u0259ndirir. T\u0259sad\u00fcfi deyil ki, Az\u0259rbaycan il\u0259 \u00c7in aras\u0131nda ticar\u0259t d\u00f6vriyy\u0259sinin h\u0259cmi 2024-c\u00fc ild\u0259 \u0259vv\u0259lki ill\u0259 m\u00fcqayis\u0259d\u0259 20,7 faiz artaraq 3,744 milyard dollara \u00e7at\u0131b. Dig\u0259r t\u0259r\u0259fd\u0259n, \u00c7in xarici ticar\u0259t d\u00f6vriyy\u0259mizd\u0259 7,9 faiz payla Az\u0259rbaycan\u0131n 4-c\u00fc \u0259n b\u00f6y\u00fck ticar\u0259t t\u0259r\u0259fda\u015f\u0131d\u0131r. \u0130dxal\u0131m\u0131z\u0131n 17,7 faizi s\u00f6z\u00fcged\u0259n d\u00f6vl\u0259tin pay\u0131na d\u00fc\u015f\u00fcb. Az\u0259rbaycan il\u0259 \u00c7in aras\u0131nda tranzit da\u015f\u0131malar\u0131n h\u0259cmi 2024-c\u00fc ild\u0259 378 min ton olub ki, bu da 2023-c\u00fc ill\u0259 m\u00fcqayis\u0259d\u0259 86 faiz \u00e7oxdur. 2024-c\u00fc ild\u0259 \u00c7ind\u0259n Az\u0259rbaycana ixrac v\u0259 tranzit rejimind\u0259 Orta d\u0259hlizl\u0259 287 mar\u015frut qatar\u0131 yola sal\u0131n\u0131b. N\u0259qliyyat d\u0259hlizl\u0259rinin geni\u015fl\u0259ndirilm\u0259si v\u0259 elektron xidm\u0259tl\u0259rd\u0259n daha \u00e7ox istifad\u0259 edilm\u0259si il\u0259 ba\u011fl\u0131 i\u015fl\u0259r s\u00fcr\u0259tl\u0259nib. &#8220;Q\u0259rb-\u015e\u0259rq&#8221; n\u0259qliyyat d\u0259hlizi il\u0259 yana\u015f\u0131, &#8220;\u015eimal-C\u0259nub&#8221; x\u0259ttinin d\u0259 \u00f6t\u00fcrm\u0259 imkanlar\u0131 art\u0131r\u0131l\u0131b, Bak\u0131-Tbilisi-Qars d\u0259mir yolu x\u0259ttinin \u00f6t\u00fcrm\u0259 potensial\u0131 is\u0259 1 milyon tondan 5 milyon tona \u00e7atd\u0131r\u0131l\u0131b. Az\u0259rbaycan il\u0259 \u00c7in aras\u0131nda vizas\u0131z rejim\u0259 ke\u00e7ilm\u0259si \u00f6lk\u0259l\u0259rin strateji v\u0259 iqtisadi \u0259laq\u0259l\u0259rinin qar\u015f\u0131l\u0131ql\u0131 olaraq g\u00fccl\u0259nm\u0259sin\u0259 imkan verir. 2024-c\u00fc ild\u0259 \u00c7ind\u0259n Az\u0259rbaycana g\u0259l\u0259n turistl\u0259rin say\u0131 1,9 d\u0259f\u0259 artaraq 45,0 min\u0259 \u00e7at\u0131b. Bu ilin ilk r\u00fcb\u00fcnd\u0259 is\u0259 \u00c7ind\u0259n Az\u0259rbaycana g\u0259l\u0259nl\u0259rin say\u0131 1,8 d\u0259f\u0259 art\u0131b. Bu o dem\u0259kdir, ilk 3 ayda 9 min\u0259 yax\u0131n \u00c7in v\u0259t\u0259nda\u015f\u0131 Az\u0259rbaycana s\u0259f\u0259r edib.<\/p>\n<p><strong>Sevinc Azadi, \u201c\u0130ki sahil\u201d<\/strong><\/p>\n","protected":false},"excerpt":{"rendered":"<p>Prezident \u0130lham \u018fliyevin \u00c7in\u0259 s\u0259f\u0259ri yaln\u0131z ikit\u0259r\u0259fli \u0259m\u0259kda\u015fl\u0131\u011f\u0131n inki\u015faf\u0131na deyil, h\u0259m d\u0259 Az\u0259rbaycan\u0131n beyn\u0259lxalq platformalarda aktiv i\u015ftirak\u0131n\u0131 g\u00fccl\u0259ndirm\u0259y\u0259 xidm\u0259t edir Az\u0259rbaycan d\u00f6vl\u0259t m\u00fcst\u0259qilliyini b\u0259rpa etdiyi d\u00f6vrd\u0259n bir q\u0259d\u0259r sonra regional v\u0259 qlobal s\u0259viyy\u0259d\u0259 f\u0259aliyy\u0259tini, o c\u00fcml\u0259d\u0259n beyn\u0259lxalq arenada \u0259m\u0259kda\u015fl\u0131\u011f\u0131 getdikc\u0259 geni\u015fl\u0259ndirib. Bu g\u00fcn respublikam\u0131z\u0131n m\u00fcst\u0259qil d\u00f6vl\u0259t kimi n\u00fcfuzlu beyn\u0259lxalq t\u0259\u015fkilatlara, o c\u00fcml\u0259d\u0259n BMT, AT\u018fT, Avropa \u015euras\u0131, \u0130slam Konfrans\u0131 T\u0259\u015fkilat\u0131, M\u00fcst\u0259qil D\u00f6vl\u0259tl\u0259r Birliyi, Qo\u015fulmama H\u0259r\u0259kat\u0131, T\u00fcrkdilli D\u00f6vl\u0259tl\u0259rin \u018fm\u0259kda\u015fl\u0131q \u015euras\u0131 v\u0259 \u00e7oxlu sayda dig\u0259r t\u0259\u015fkilatlara \u00fczvl\u00fcy\u00fc bundan x\u0259b\u0259r verir. Az\u0259rbaycan\u0131n n\u00fcfuzlu beyn\u0259lxalq t\u0259\u015fkilatlardak\u0131 f\u0259al rolu, s\u0259drlik etdiyi qurumlar\u0131n i\u015fini g\u00fcn\u00fcn t\u0259l\u0259bl\u0259ri s\u0259viyy\u0259sind\u0259&hellip;<\/p>\n","protected":false},"author":2,"featured_media":824470,"comment_status":"closed","ping_status":"closed","sticky":false,"template":"","format":"standard","meta":{"om_disable_all_campaigns":false,"_monsterinsights_skip_tracking":false,"_monsterinsights_sitenote_active":false,"_monsterinsights_sitenote_note":"","_monsterinsights_sitenote_category":0},"categories":[19],"tags":[],"aioseo_notices":[],"gutentor_comment":0,"rttpg_featured_image_url":{"full":["https:\/\/arantv.az\/wp-content\/uploads\/2025\/09\/d94fd74d175690820575001611710702399.jpg",975,540,false],"landscape":["https:\/\/arantv.az\/wp-content\/uploads\/2025\/09\/d94fd74d175690820575001611710702399.jpg",975,540,false],"portraits":["https:\/\/arantv.az\/wp-content\/uploads\/2025\/09\/d94fd74d175690820575001611710702399.jpg",975,540,false],"thumbnail":["https:\/\/arantv.az\/wp-content\/uploads\/2025\/09\/d94fd74d175690820575001611710702399-500x280.jpg",500,280,true],"medium":["https:\/\/arantv.az\/wp-content\/uploads\/2025\/09\/d94fd74d175690820575001611710702399-660x365.jpg",660,365,true],"large":["https:\/\/arantv.az\/wp-content\/uploads\/2025\/09\/d94fd74d175690820575001611710702399-840x465.jpg",640,354,true],"1536x1536":["https:\/\/arantv.az\/wp-content\/uploads\/2025\/09\/d94fd74d175690820575001611710702399.jpg",975,540,false],"2048x2048":["https:\/\/arantv.az\/wp-content\/uploads\/2025\/09\/d94fd74d175690820575001611710702399.jpg",975,540,false],"post-thumbnail":["https:\/\/arantv.az\/wp-content\/uploads\/2025\/09\/d94fd74d175690820575001611710702399-240x172.jpg",240,172,true],"advps-thumb-one":["https:\/\/arantv.az\/wp-content\/uploads\/2025\/09\/d94fd74d175690820575001611710702399.jpg",975,540,false]},"rttpg_author":{"display_name":"V\u00fcsal Rafiqo\u011flu","author_link":"https:\/\/arantv.az\/?author=2"},"rttpg_comment":0,"rttpg_category":"<a href=\"https:\/\/arantv.az\/?cat=19\" rel=\"category\">G\u00fcnd\u0259m<\/a>","rttpg_excerpt":"Prezident \u0130lham \u018fliyevin \u00c7in\u0259 s\u0259f\u0259ri yaln\u0131z ikit\u0259r\u0259fli \u0259m\u0259kda\u015fl\u0131\u011f\u0131n inki\u015faf\u0131na deyil, h\u0259m d\u0259 Az\u0259rbaycan\u0131n beyn\u0259lxalq platformalarda aktiv i\u015ftirak\u0131n\u0131 g\u00fccl\u0259ndirm\u0259y\u0259 xidm\u0259t edir Az\u0259rbaycan d\u00f6vl\u0259t m\u00fcst\u0259qilliyini b\u0259rpa etdiyi d\u00f6vrd\u0259n bir q\u0259d\u0259r sonra regional v\u0259 qlobal s\u0259viyy\u0259d\u0259 f\u0259aliyy\u0259tini, o c\u00fcml\u0259d\u0259n beyn\u0259lxalq arenada \u0259m\u0259kda\u015fl\u0131\u011f\u0131 getdikc\u0259 geni\u015fl\u0259ndirib. Bu g\u00fcn respublikam\u0131z\u0131n m\u00fcst\u0259qil d\u00f6vl\u0259t kimi n\u00fcfuzlu beyn\u0259lxalq t\u0259\u015fkilatlara, o c\u00fcml\u0259d\u0259n BMT, AT\u018fT, Avropa&hellip;","_links":{"self":[{"href":"https:\/\/arantv.az\/index.php?rest_route=\/wp\/v2\/posts\/824469"}],"collection":[{"href":"https:\/\/arantv.az\/index.php?rest_route=\/wp\/v2\/posts"}],"about":[{"href":"https:\/\/arantv.az\/index.php?rest_route=\/wp\/v2\/types\/post"}],"author":[{"embeddable":true,"href":"https:\/\/arantv.az\/index.php?rest_route=\/wp\/v2\/users\/2"}],"replies":[{"embeddable":true,"href":"https:\/\/arantv.az\/index.php?rest_route=%2Fwp%2Fv2%2Fcomments&post=824469"}],"version-history":[{"count":2,"href":"https:\/\/arantv.az\/index.php?rest_route=\/wp\/v2\/posts\/824469\/revisions"}],"predecessor-version":[{"id":824472,"href":"https:\/\/arantv.az\/index.php?rest_route=\/wp\/v2\/posts\/824469\/revisions\/824472"}],"wp:featuredmedia":[{"embeddable":true,"href":"https:\/\/arantv.az\/index.php?rest_route=\/wp\/v2\/media\/824470"}],"wp:attachment":[{"href":"https:\/\/arantv.az\/index.php?rest_route=%2Fwp%2Fv2%2Fmedia&parent=824469"}],"wp:term":[{"taxonomy":"category","embeddable":true,"href":"https:\/\/arantv.az\/index.php?rest_route=%2Fwp%2Fv2%2Fcategories&post=824469"},{"taxonomy":"post_tag","embeddable":true,"href":"https:\/\/arantv.az\/index.php?rest_route=%2Fwp%2Fv2%2Ftags&post=824469"}],"curies":[{"name":"wp","href":"https:\/\/api.w.org\/{rel}","templated":true}]}}