{"id":826162,"date":"2025-09-14T14:07:16","date_gmt":"2025-09-14T10:07:16","guid":{"rendered":"https:\/\/arantv.az\/?p=826162"},"modified":"2025-09-14T14:07:16","modified_gmt":"2025-09-14T10:07:16","slug":"misirin-t%c9%99klifi-%c9%99r%c9%99b-nato-su-real-ola-bil%c9%99rmi","status":"publish","type":"post","link":"https:\/\/arantv.az\/?p=826162","title":{"rendered":"Misirin t\u0259klifi: \u018fr\u0259b \u201cNATO\u201d-su real ola bil\u0259rmi?"},"content":{"rendered":"<p><strong>Livan\u0131n \u201c\u018fl-\u018fxbar\u201d q\u0259zeti h\u00f6kum\u0259t\u0259 yax\u0131n m\u0259nb\u0259y\u0259 istinad\u0259n yaz\u0131r ki, Misir \u0259r\u0259b \u00f6lk\u0259l\u0259rinin NATO-ya b\u0259nz\u0259r birg\u0259 h\u0259rbi q\u00fcvv\u0259 yaratmas\u0131 t\u0259\u015f\u0259bb\u00fcs\u00fc il\u0259 \u00e7\u0131x\u0131\u015f edib. T\u0259klif ilkin d\u0259f\u0259 t\u0259xmin\u0259n doqquz il \u0259vv\u0259l ir\u0259li s\u00fcr\u00fclm\u00fc\u015fd\u00fc, amma ir\u0259lil\u0259yi\u015f olmay\u0131b; son g\u00fcnl\u0259rd\u0259, x\u00fcsusil\u0259 \u0130srailin Dohaya aviaz\u0259rb\u0259si sonras\u0131 t\u0259\u015f\u0259bb\u00fcs yenid\u0259n g\u00fcnd\u0259m\u0259 g\u0259lib. Misirin plan\u0131na g\u00f6r\u0259, o, t\u0259xmin\u0259n 20 min h\u0259rb\u00e7i ay\u0131rma\u011fa haz\u0131rd\u0131r v\u0259 komandirlik paylanmas\u0131, i\u015ftirak\u00e7\u0131 \u00f6lk\u0259l\u0259rin \u0259hali v\u0259 h\u0259rbi potensial\u0131 n\u0259z\u0259r\u0259 al\u0131nmaqla m\u00fczakir\u0259 edilir. M\u0259nb\u0259 h\u0259m\u00e7inin M\u0259rake\u015f v\u0259 \u018flc\u0259zairin qo\u015fulmas\u0131n\u0131n v\u0259 komandanl\u0131q v\u0259zif\u0259l\u0259rinin \u00f6lk\u0259l\u0259r aras\u0131nda b\u00f6l\u00fc\u015fd\u00fcr\u00fclm\u0259sinin m\u00fczakir\u0259 olundu\u011funu bildirib.<\/strong><\/p>\n<p>Misirin t\u0259klif etdiyi \u201c\u0259r\u0259b NATO\u201d-su real perspektiv\u0259 malikdirmi, yoxsa siyasi b\u0259yanat s\u0259viyy\u0259sind\u0259 qalacaq? \u0130srailin Dohaya z\u0259rb\u0259sind\u0259n sonra bu t\u0259\u015f\u0259bb\u00fcs\u00fcn aktualla\u015fmas\u0131 t\u0259sad\u00fcf say\u0131la bil\u0259rmi? \u018fg\u0259r bu q\u00fcvv\u0259 yarad\u0131lsa, \u0130srailin v\u0259 \u0130ran\u0131n reaksiyas\u0131 nec\u0259 ola bil\u0259r?<\/p>\n<p>M\u00f6vzu il\u0259 ba\u011fl\u0131 Yax\u0131n \u015e\u0259rq m\u0259s\u0259l\u0259l\u0259ri \u00fczr\u0259 yazar K\u0259nan R\u00f6v\u015f\u0259no\u011flu Musavat.com-a dan\u0131\u015f\u0131b:<\/p>\n<p>&#8220;Bel\u0259 bir t\u0259\u015f\u0259bb\u00fcs t\u0259xmin\u0259n 8-9 il \u0259vv\u0259l d\u0259 ortaya at\u0131lm\u0131\u015fd\u0131. Amma bir n\u0259tic\u0259 olmad\u0131. H\u0259rbi bloklar\u0131n strategiyas\u0131, konkret r\u0259qibi v\u0259 h\u0259d\u0259fi olmal\u0131d\u0131r. Lakin haz\u0131rda \u0259r\u0259b-m\u00fcs\u0259lman \u00f6lk\u0259l\u0259rini bir araya g\u0259tir\u0259 bil\u0259c\u0259k konkret m\u00f6vzu yoxdur. 2015-ci ild\u0259 S\u0259udiyy\u0259 \u018fr\u0259bistan\u0131 Y\u0259m\u0259n husil\u0259rin\u0259 qar\u015f\u0131 10 \u00f6lk\u0259d\u0259n ibar\u0259t koalisiya yaratsa da, ortaya ciddi bir i\u015f \u00e7\u0131xmad\u0131, B\u018f\u018f v\u0259 S\u0259udiyy\u0259 \u018fr\u0259bistan\u0131 istisna olmaqla qalan \u00f6lk\u0259l\u0259r formal olaraq qo\u015fuldu, yaxud da &#8220;\u0130slam ordusu&#8221; t\u0259\u015f\u0259bb\u00fcs\u00fc ortaya at\u0131ld\u0131, amma sonra ba\u015f tutmad\u0131&#8221;.<\/p>\n<p><img loading=\"lazy\" src=\"https:\/\/www.adalet.az\/uploads\/photos\/adalet\/2017-05-27-11-31-54ken.jpg\" alt=\"K\u0259nan R\u00d6V\u015e\u018fNO\u011eLU: T\u0259rt\u0259ri he\u00e7 siz d\u0259 sevm\u0259diniz...\" width=\"561\" height=\"374\" \/><\/p>\n<p><strong>K\u0259nan R\u00f6v\u015f\u0259no\u011flu qeyd edib ki, \u0259r\u0259b \u00f6lk\u0259l\u0259ri, o c\u00fcml\u0259d\u0259n, Misir v\u0259 k\u00f6rf\u0259z \u00f6lk\u0259l\u0259ri Q\u0259rbd\u0259n, konkret olaraq AB\u015e-dan as\u0131l\u0131d\u0131r, bu \u00f6lk\u0259l\u0259rin birl\u0259\u015fib \u0130srail\u0259 qar\u015f\u0131 g\u00fcc t\u0259tbiq etm\u0259si ehtimal\u0131 azd\u0131r:<\/strong><\/p>\n<p>&#8220;\u00c7\u00fcnki \u0259r\u0259b \u00f6lk\u0259l\u0259ri ordular\u0131 AB\u015e-dan as\u0131l\u0131d\u0131r. Misir v\u0259 Afrika d\u00f6vl\u0259tl\u0259ri \u0259n yax\u015f\u0131 halda s\u00fclhyaratma g\u00fcc\u00fc olaraq h\u0259rbi koalisiya yarada bil\u0259r, amma bu g\u00fcc\u0259 mandat ver\u0259c\u0259k m\u00fcst\u0259qil siyasi qurum yoxdur. \u00c7\u00fcnki \u0259ks\u0259r \u0259r\u0259b d\u00f6vl\u0259tl\u0259rinin h\u0259rbi siyasi qarant\u0131 Q\u0259rbdir. \u0130ki ildir \u0130srail Q\u0259zzaya embarqo t\u0259tbiq edir, amma ad\u0131\u00e7\u0259kil\u0259n \u00f6lk\u0259l\u0259rin Q\u0259zzaya humanitar yard\u0131m ke\u00e7ir\u0259c\u0259k g\u00fcc\u00fc v\u0259 q\u0259tiyy\u0259ti yoxdur. Havadan yard\u0131m at\u0131rlar. Halbuki, hans\u0131sa konkret add\u0131mlar at\u0131b t\u0259zyiq etm\u0259k m\u00fcmk\u00fcnd\u00fcr.<\/p>\n<p>Bu m\u0259nada \u0259r\u0259b NATO yarad\u0131lsa da, bu, formal bir qurum olacaq, dediyim kimi \u0259n yax\u015f\u0131 halda s\u00fclhm\u0259raml\u0131 q\u00fcvv\u0259 kimi f\u0259aliyy\u0259t g\u00f6st\u0259r\u0259 bil\u0259r. O da BMT mandat\u0131 olarsa. BMT-ni is\u0259 \u0130srail ciddiyy\u0259t\u0259 alm\u0131r, BMT ba\u015f katibin\u0259 \u00f6lk\u0259y\u0259 giri\u015f yasa\u011f\u0131 qoyub. Y\u0259ni \u00e7ox ciddi bir n\u0259tic\u0259 g\u00f6zl\u0259mir\u0259m&#8221;.<\/p>\n<p><strong>Xalid\u0259 G\u0259ray<\/strong><br \/>\n<strong>Musavat.com<\/strong><\/p>\n","protected":false},"excerpt":{"rendered":"<p>Livan\u0131n \u201c\u018fl-\u018fxbar\u201d q\u0259zeti h\u00f6kum\u0259t\u0259 yax\u0131n m\u0259nb\u0259y\u0259 istinad\u0259n yaz\u0131r ki, Misir \u0259r\u0259b \u00f6lk\u0259l\u0259rinin NATO-ya b\u0259nz\u0259r birg\u0259 h\u0259rbi q\u00fcvv\u0259 yaratmas\u0131 t\u0259\u015f\u0259bb\u00fcs\u00fc il\u0259 \u00e7\u0131x\u0131\u015f edib. T\u0259klif ilkin d\u0259f\u0259 t\u0259xmin\u0259n doqquz il \u0259vv\u0259l ir\u0259li s\u00fcr\u00fclm\u00fc\u015fd\u00fc, amma ir\u0259lil\u0259yi\u015f olmay\u0131b; son g\u00fcnl\u0259rd\u0259, x\u00fcsusil\u0259 \u0130srailin Dohaya aviaz\u0259rb\u0259si sonras\u0131 t\u0259\u015f\u0259bb\u00fcs yenid\u0259n g\u00fcnd\u0259m\u0259 g\u0259lib. Misirin plan\u0131na g\u00f6r\u0259, o, t\u0259xmin\u0259n 20 min h\u0259rb\u00e7i ay\u0131rma\u011fa haz\u0131rd\u0131r v\u0259 komandirlik paylanmas\u0131, i\u015ftirak\u00e7\u0131 \u00f6lk\u0259l\u0259rin \u0259hali v\u0259 h\u0259rbi potensial\u0131 n\u0259z\u0259r\u0259 al\u0131nmaqla m\u00fczakir\u0259 edilir. M\u0259nb\u0259 h\u0259m\u00e7inin M\u0259rake\u015f v\u0259 \u018flc\u0259zairin qo\u015fulmas\u0131n\u0131n v\u0259 komandanl\u0131q v\u0259zif\u0259l\u0259rinin \u00f6lk\u0259l\u0259r aras\u0131nda b\u00f6l\u00fc\u015fd\u00fcr\u00fclm\u0259sinin m\u00fczakir\u0259 olundu\u011funu bildirib. Misirin t\u0259klif etdiyi \u201c\u0259r\u0259b NATO\u201d-su real perspektiv\u0259&hellip;<\/p>\n","protected":false},"author":2,"featured_media":826163,"comment_status":"closed","ping_status":"closed","sticky":false,"template":"","format":"standard","meta":{"om_disable_all_campaigns":false,"_monsterinsights_skip_tracking":false,"_monsterinsights_sitenote_active":false,"_monsterinsights_sitenote_note":"","_monsterinsights_sitenote_category":0},"categories":[7],"tags":[],"aioseo_notices":[],"gutentor_comment":0,"rttpg_featured_image_url":{"full":["https:\/\/arantv.az\/wp-content\/uploads\/2025\/09\/ea4bfbf7da0d69879e93f27ed5517898.jpg",812,500,false],"landscape":["https:\/\/arantv.az\/wp-content\/uploads\/2025\/09\/ea4bfbf7da0d69879e93f27ed5517898.jpg",812,500,false],"portraits":["https:\/\/arantv.az\/wp-content\/uploads\/2025\/09\/ea4bfbf7da0d69879e93f27ed5517898.jpg",812,500,false],"thumbnail":["https:\/\/arantv.az\/wp-content\/uploads\/2025\/09\/ea4bfbf7da0d69879e93f27ed5517898-500x280.jpg",500,280,true],"medium":["https:\/\/arantv.az\/wp-content\/uploads\/2025\/09\/ea4bfbf7da0d69879e93f27ed5517898-593x365.jpg",593,365,true],"large":["https:\/\/arantv.az\/wp-content\/uploads\/2025\/09\/ea4bfbf7da0d69879e93f27ed5517898.jpg",640,394,false],"1536x1536":["https:\/\/arantv.az\/wp-content\/uploads\/2025\/09\/ea4bfbf7da0d69879e93f27ed5517898.jpg",812,500,false],"2048x2048":["https:\/\/arantv.az\/wp-content\/uploads\/2025\/09\/ea4bfbf7da0d69879e93f27ed5517898.jpg",812,500,false],"post-thumbnail":["https:\/\/arantv.az\/wp-content\/uploads\/2025\/09\/ea4bfbf7da0d69879e93f27ed5517898-240x172.jpg",240,172,true],"advps-thumb-one":["https:\/\/arantv.az\/wp-content\/uploads\/2025\/09\/ea4bfbf7da0d69879e93f27ed5517898.jpg",812,500,false]},"rttpg_author":{"display_name":"V\u00fcsal Rafiqo\u011flu","author_link":"https:\/\/arantv.az\/?author=2"},"rttpg_comment":0,"rttpg_category":"<a href=\"https:\/\/arantv.az\/?cat=7\" rel=\"category\">D\u00fcnya<\/a>","rttpg_excerpt":"Livan\u0131n \u201c\u018fl-\u018fxbar\u201d q\u0259zeti h\u00f6kum\u0259t\u0259 yax\u0131n m\u0259nb\u0259y\u0259 istinad\u0259n yaz\u0131r ki, Misir \u0259r\u0259b \u00f6lk\u0259l\u0259rinin NATO-ya b\u0259nz\u0259r birg\u0259 h\u0259rbi q\u00fcvv\u0259 yaratmas\u0131 t\u0259\u015f\u0259bb\u00fcs\u00fc il\u0259 \u00e7\u0131x\u0131\u015f edib. T\u0259klif ilkin d\u0259f\u0259 t\u0259xmin\u0259n doqquz il \u0259vv\u0259l ir\u0259li s\u00fcr\u00fclm\u00fc\u015fd\u00fc, amma ir\u0259lil\u0259yi\u015f olmay\u0131b; son g\u00fcnl\u0259rd\u0259, x\u00fcsusil\u0259 \u0130srailin Dohaya aviaz\u0259rb\u0259si sonras\u0131 t\u0259\u015f\u0259bb\u00fcs yenid\u0259n g\u00fcnd\u0259m\u0259 g\u0259lib. Misirin plan\u0131na g\u00f6r\u0259, o, t\u0259xmin\u0259n 20 min h\u0259rb\u00e7i ay\u0131rma\u011fa haz\u0131rd\u0131r&hellip;","_links":{"self":[{"href":"https:\/\/arantv.az\/index.php?rest_route=\/wp\/v2\/posts\/826162"}],"collection":[{"href":"https:\/\/arantv.az\/index.php?rest_route=\/wp\/v2\/posts"}],"about":[{"href":"https:\/\/arantv.az\/index.php?rest_route=\/wp\/v2\/types\/post"}],"author":[{"embeddable":true,"href":"https:\/\/arantv.az\/index.php?rest_route=\/wp\/v2\/users\/2"}],"replies":[{"embeddable":true,"href":"https:\/\/arantv.az\/index.php?rest_route=%2Fwp%2Fv2%2Fcomments&post=826162"}],"version-history":[{"count":2,"href":"https:\/\/arantv.az\/index.php?rest_route=\/wp\/v2\/posts\/826162\/revisions"}],"predecessor-version":[{"id":826165,"href":"https:\/\/arantv.az\/index.php?rest_route=\/wp\/v2\/posts\/826162\/revisions\/826165"}],"wp:featuredmedia":[{"embeddable":true,"href":"https:\/\/arantv.az\/index.php?rest_route=\/wp\/v2\/media\/826163"}],"wp:attachment":[{"href":"https:\/\/arantv.az\/index.php?rest_route=%2Fwp%2Fv2%2Fmedia&parent=826162"}],"wp:term":[{"taxonomy":"category","embeddable":true,"href":"https:\/\/arantv.az\/index.php?rest_route=%2Fwp%2Fv2%2Fcategories&post=826162"},{"taxonomy":"post_tag","embeddable":true,"href":"https:\/\/arantv.az\/index.php?rest_route=%2Fwp%2Fv2%2Ftags&post=826162"}],"curies":[{"name":"wp","href":"https:\/\/api.w.org\/{rel}","templated":true}]}}