{"id":826169,"date":"2025-09-14T14:12:16","date_gmt":"2025-09-14T10:12:16","guid":{"rendered":"https:\/\/arantv.az\/?p=826169"},"modified":"2025-09-14T14:12:16","modified_gmt":"2025-09-14T10:12:16","slug":"v%c9%99fat-ed%c9%99n-s%c9%99xsin-pensiyasinin-30-faizi-ail%c9%99y%c9%99-%c9%99vv%c9%99lc%c9%99d%c9%99n-od%c9%99nil%c9%99-bil%c9%99rmi-aciqlama","status":"publish","type":"post","link":"https:\/\/arantv.az\/?p=826169","title":{"rendered":"V\u0259fat ed\u0259n \u015f\u0259xsin pensiyas\u0131n\u0131n 30 faizi ail\u0259y\u0259 \u0259vv\u0259lc\u0259d\u0259n \u00f6d\u0259nil\u0259 bil\u0259rmi? &#8211; A\u00e7\u0131qlama"},"content":{"rendered":"<p><strong>&#8220;V\u0259fat ed\u0259n \u015f\u0259xsin pensiyas\u0131n\u0131n sosial s\u0131\u011forta m\u0259bl\u0259\u011finin 30 faizi ail\u0259sin\u0259 \u0259vv\u0259lc\u0259d\u0259n \u00f6d\u0259nilm\u0259lidir&#8221;.<\/strong><\/p>\n<p>Bu s\u00f6zl\u0259ri Milli M\u0259clisin \u018fm\u0259k v\u0259 sosial siyas\u0259t komit\u0259sinin \u00fczv\u00fc \u018fziz \u018fl\u0259kb\u0259rli komit\u0259nin iclas\u0131nda \u00e7\u0131x\u0131\u015f zaman\u0131 deyib.<\/p>\n<p><strong>O qeyd edib ki, b\u0259z\u0259n v\u0259fat ed\u0259n \u015f\u0259xsin h\u0259yat yolda\u015f\u0131 \u0259rinin pensiyas\u0131n\u0131 almaq \u00fc\u00e7\u00fcn 10 il g\u00f6zl\u0259m\u0259li olur:<\/strong><\/p>\n<p>&#8220;Bu \u00e7ox uzun m\u00fcdd\u0259tdir. Hesab edir\u0259m ki, sosial s\u0131\u011forta m\u0259bl\u0259\u011finin he\u00e7 olmasa 30 faizi \u0259vv\u0259lc\u0259d\u0259n \u00f6d\u0259nil\u0259rs\u0259, daha m\u0259qbul olar&#8221;.<\/p>\n<p>B\u0259s bu t\u0259klif n\u0259 q\u0259d\u0259r m\u00fcmk\u00fcn\u0259 \u00e7evril\u0259 bil\u0259r?<\/p>\n<p>M\u00f6vzu il\u0259 ba\u011fl\u0131 iqtisad\u00e7\u0131 Xalid K\u0259rimli Musavat.com-a dan\u0131\u015f\u0131b:<\/p>\n<p>&#8220;Bu, absurd t\u0259klifdir. Az\u0259rbaycanda pensiya sistemi bunun \u00fcz\u0259rind\u0259 qurulmay\u0131b. Ail\u0259 ba\u015f\u00e7\u0131s\u0131n\u0131n itirilm\u0259sin\u0259 g\u00f6r\u0259 sosial m\u00fcavin\u0259t var. Deputatlar ist\u0259yirs\u0259 ki, ail\u0259 ba\u015f\u00e7\u0131s\u0131n\u0131n itirilm\u0259sin\u0259 g\u00f6r\u0259 ail\u0259nin t\u0259minat\u0131 yax\u015f\u0131la\u015fs\u0131n, h\u0259min o sosial m\u00fcavin\u0259tin art\u0131r\u0131lmas\u0131na dair t\u0259klif ver\u0259 bil\u0259rl\u0259r. Y\u0259ni indi n\u0259 q\u0259d\u0259r verilirs\u0259, dey\u0259 bil\u0259rl\u0259r ki, \u00a010 qat, 5 qat art\u0131r\u0131ls\u0131n, u\u015faqlar\u0131n say\u0131na, sosial t\u0259minat\u0131na uy\u011fun olaraq daha da \u00e7oxald\u0131ls\u0131n v\u0259 s. Bunun \u00fc\u00e7\u00fcn konkret olaraq d\u00f6vl\u0259t m\u00fcavin\u0259t mexanizmi yarad\u0131b. Onun h\u0259cmin\u0259 dair t\u0259klifl\u0259r veril\u0259 bil\u0259r, art\u0131r\u0131la bil\u0259r&#8221;.<\/p>\n<p><img src=\"https:\/\/teleqraf.az\/storage\/2020\/07\/27\/715x378\/xalid_kerimli1.jpg\" \/><\/p>\n<p><strong>\u0130qtisad\u00e7\u0131 bildirir ki, qeyd olunan m\u0259s\u0259l\u0259 \u00f6z\u0259l pensiya fondlar\u0131 vasit\u0259sil\u0259 t\u0259nziml\u0259n\u0259 bil\u0259r:<\/strong><\/p>\n<p>&#8220;H\u00f6kum\u0259t bunu n\u0259z\u0259rd\u0259 tutur, haz\u0131rda \u00f6z\u0259l pensiya fondlar\u0131 haqq\u0131nda qanunvericilik haz\u0131rlan\u0131r. Deyirl\u0259r ki, y\u0259qin bu il olmasa da, yax\u0131n vaxtlarda t\u0259qdim edil\u0259c\u0259k. \u00d6z\u0259l pensiya fondlar\u0131 \u00e7\u0259r\u00e7iv\u0259sind\u0259 bu m\u0259s\u0259l\u0259l\u0259r daha \u00e7evik olacaq v\u0259 v\u0259r\u0259s\u0259lik prinsipi d\u0259 yaranacaq. H\u0259tta \u015f\u0259xs v\u0259fat ets\u0259 bel\u0259, o kapital ail\u0259 \u00fczvl\u0259rin\u0259 tam olaraq transfer edil\u0259c\u0259k. Bundan \u0259lav\u0259, daha tez g\u00f6t\u00fcrm\u0259k, daha \u00e7evik istifad\u0259 etm\u0259k, k\u00f6n\u00fcll\u00fcl\u00fck \u0259sas\u0131nda m\u00fcxt\u0259lif sxeml\u0259r \u00fczr\u0259 i\u015ftirak etm\u0259k imkanlar\u0131 olacaq. Amma t\u0259bii ki, bunun \u00fc\u00e7\u00fcn v\u0259t\u0259nda\u015f \u00f6z\u00fc \u0259lav\u0259 pul \u00f6d\u0259m\u0259li olacaq.<\/p>\n<p>\u0130ndiki sistem icbari pensiya sistemidir. Pensiya sistemi \u00f6z\u00fcn\u00fc maliyy\u0259l\u0259\u015fdirm\u0259 prinsipi il\u0259 qurulub. Haz\u0131rda i\u015fl\u0259y\u0259nl\u0259rd\u0259n toplanan v\u0259sait m\u00f6vcud pensiya t\u0259minat\u0131n\u0131n \u00f6d\u0259nilm\u0259sin\u0259 y\u00f6n\u0259ldilir. \u018fg\u0259r deputat arzulay\u0131rsa, qeyd etdiyim kimi, sosial m\u00fcavin\u0259tin art\u0131r\u0131lmas\u0131na v\u0259 minimum pensiyan\u0131n daha s\u00fcr\u0259tl\u0259, daha yax\u015f\u0131 art\u0131r\u0131lmas\u0131na dair t\u0259klif ed\u0259 bil\u0259r ki, pensiya t\u0259minat\u0131 yax\u015f\u0131la\u015fs\u0131n. Amma pensiya kapital\u0131n\u0131n 30 faizinin qabaqcadan ail\u0259y\u0259 \u00f6t\u00fcr\u00fclm\u0259si indiki pensiya sisteminin ruhuna v\u0259 f\u0259ls\u0259f\u0259sin\u0259 uy\u011fun deyil. \u0130ndiki sistem ondan ibar\u0259tdir ki, i\u015fl\u0259y\u0259n \u015f\u0259xsl\u0259rd\u0259n pul g\u00f6t\u00fcr\u00fcl\u00fcb, pensiya ya\u015f\u0131na \u00e7atm\u0131\u015f \u015f\u0259xsl\u0259r\u0259 \u00f6d\u0259nilir. H\u0259tta d\u00f6vl\u0259t i\u015fl\u0259m\u0259y\u0259n \u015f\u0259xsl\u0259r\u0259 d\u0259 minimal pensiya verir ki, onlar\u0131n sosial t\u0259minat\u0131 olsun&#8221;.<\/p>\n<p><strong>Xalid K\u0259rimli vur\u011fulay\u0131b ki, indiki zamanda \u0259sas diqq\u0259t yaln\u0131z minimal pensiyan\u0131n daha \u00e7ox art\u0131r\u0131lmas\u0131na y\u00f6n\u0259ldilm\u0259lidir:<\/strong><\/p>\n<p>&#8220;\u0130ndiki \u015f\u0259raitd\u0259 biznes m\u0259qs\u0259dli yana\u015fma m\u0259ntiqli deyil, \u00e7\u00fcnki bu, \u00f6z\u0259l pensiya fondlar\u0131 sistemind\u0259 t\u0259nziml\u0259n\u0259c\u0259k. Burada is\u0259 \u0259sas diqq\u0259t yaln\u0131z minimal pensiyan\u0131n daha \u00e7ox art\u0131r\u0131lmas\u0131na y\u00f6n\u0259ldilm\u0259lidir. Pensiyalar\u0131n art\u0131r\u0131lmas\u0131 \u00fc\u00e7\u00fcn is\u0259 iqtisadi m\u0259nb\u0259l\u0259r d\u00fc\u015f\u00fcn\u00fclm\u0259lidir \u2013 neftin qiym\u0259tinin artmas\u0131, yeni quyular\u0131n qaz\u0131lmas\u0131 v\u0259 \u0259lav\u0259 g\u0259lir \u0259ld\u0259 olunmas\u0131. \u00c7\u00fcnki \u00f6lk\u0259nin ba\u015fqa geni\u015f iqtisadi bazas\u0131 yoxdur. Bununla yana\u015f\u0131, ail\u0259 ba\u015f\u00e7\u0131s\u0131n\u0131 itirm\u0259y\u0259 g\u00f6r\u0259 sosial m\u00fcavin\u0259t sistemini d\u0259 daha g\u00fccl\u00fc t\u0259\u015fkil etm\u0259k laz\u0131md\u0131r&#8221;.<\/p>\n<p><strong>Xalid\u0259 G\u0259ray<\/strong><br \/>\n<strong>Musavat.com<\/strong><\/p>\n","protected":false},"excerpt":{"rendered":"<p>&#8220;V\u0259fat ed\u0259n \u015f\u0259xsin pensiyas\u0131n\u0131n sosial s\u0131\u011forta m\u0259bl\u0259\u011finin 30 faizi ail\u0259sin\u0259 \u0259vv\u0259lc\u0259d\u0259n \u00f6d\u0259nilm\u0259lidir&#8221;. Bu s\u00f6zl\u0259ri Milli M\u0259clisin \u018fm\u0259k v\u0259 sosial siyas\u0259t komit\u0259sinin \u00fczv\u00fc \u018fziz \u018fl\u0259kb\u0259rli komit\u0259nin iclas\u0131nda \u00e7\u0131x\u0131\u015f zaman\u0131 deyib. O qeyd edib ki, b\u0259z\u0259n v\u0259fat ed\u0259n \u015f\u0259xsin h\u0259yat yolda\u015f\u0131 \u0259rinin pensiyas\u0131n\u0131 almaq \u00fc\u00e7\u00fcn 10 il g\u00f6zl\u0259m\u0259li olur: &#8220;Bu \u00e7ox uzun m\u00fcdd\u0259tdir. Hesab edir\u0259m ki, sosial s\u0131\u011forta m\u0259bl\u0259\u011finin he\u00e7 olmasa 30 faizi \u0259vv\u0259lc\u0259d\u0259n \u00f6d\u0259nil\u0259rs\u0259, daha m\u0259qbul olar&#8221;. B\u0259s bu t\u0259klif n\u0259 q\u0259d\u0259r m\u00fcmk\u00fcn\u0259 \u00e7evril\u0259 bil\u0259r? M\u00f6vzu il\u0259 ba\u011fl\u0131 iqtisad\u00e7\u0131 Xalid K\u0259rimli Musavat.com-a dan\u0131\u015f\u0131b: &#8220;Bu, absurd t\u0259klifdir. Az\u0259rbaycanda pensiya sistemi bunun \u00fcz\u0259rind\u0259&hellip;<\/p>\n","protected":false},"author":2,"featured_media":826170,"comment_status":"closed","ping_status":"closed","sticky":false,"template":"","format":"standard","meta":{"om_disable_all_campaigns":false,"_monsterinsights_skip_tracking":false,"_monsterinsights_sitenote_active":false,"_monsterinsights_sitenote_note":"","_monsterinsights_sitenote_category":0},"categories":[19],"tags":[],"aioseo_notices":[],"gutentor_comment":0,"rttpg_featured_image_url":{"full":["https:\/\/arantv.az\/wp-content\/uploads\/2025\/09\/ed9dbe072123eb557a8b62e95d692112.jpg",870,500,false],"landscape":["https:\/\/arantv.az\/wp-content\/uploads\/2025\/09\/ed9dbe072123eb557a8b62e95d692112.jpg",870,500,false],"portraits":["https:\/\/arantv.az\/wp-content\/uploads\/2025\/09\/ed9dbe072123eb557a8b62e95d692112.jpg",870,500,false],"thumbnail":["https:\/\/arantv.az\/wp-content\/uploads\/2025\/09\/ed9dbe072123eb557a8b62e95d692112-500x280.jpg",500,280,true],"medium":["https:\/\/arantv.az\/wp-content\/uploads\/2025\/09\/ed9dbe072123eb557a8b62e95d692112-635x365.jpg",635,365,true],"large":["https:\/\/arantv.az\/wp-content\/uploads\/2025\/09\/ed9dbe072123eb557a8b62e95d692112-840x483.jpg",640,368,true],"1536x1536":["https:\/\/arantv.az\/wp-content\/uploads\/2025\/09\/ed9dbe072123eb557a8b62e95d692112.jpg",870,500,false],"2048x2048":["https:\/\/arantv.az\/wp-content\/uploads\/2025\/09\/ed9dbe072123eb557a8b62e95d692112.jpg",870,500,false],"post-thumbnail":["https:\/\/arantv.az\/wp-content\/uploads\/2025\/09\/ed9dbe072123eb557a8b62e95d692112-240x172.jpg",240,172,true],"advps-thumb-one":["https:\/\/arantv.az\/wp-content\/uploads\/2025\/09\/ed9dbe072123eb557a8b62e95d692112.jpg",870,500,false]},"rttpg_author":{"display_name":"V\u00fcsal Rafiqo\u011flu","author_link":"https:\/\/arantv.az\/?author=2"},"rttpg_comment":0,"rttpg_category":"<a href=\"https:\/\/arantv.az\/?cat=19\" rel=\"category\">G\u00fcnd\u0259m<\/a>","rttpg_excerpt":"&#8220;V\u0259fat ed\u0259n \u015f\u0259xsin pensiyas\u0131n\u0131n sosial s\u0131\u011forta m\u0259bl\u0259\u011finin 30 faizi ail\u0259sin\u0259 \u0259vv\u0259lc\u0259d\u0259n \u00f6d\u0259nilm\u0259lidir&#8221;. Bu s\u00f6zl\u0259ri Milli M\u0259clisin \u018fm\u0259k v\u0259 sosial siyas\u0259t komit\u0259sinin \u00fczv\u00fc \u018fziz \u018fl\u0259kb\u0259rli komit\u0259nin iclas\u0131nda \u00e7\u0131x\u0131\u015f zaman\u0131 deyib. O qeyd edib ki, b\u0259z\u0259n v\u0259fat ed\u0259n \u015f\u0259xsin h\u0259yat yolda\u015f\u0131 \u0259rinin pensiyas\u0131n\u0131 almaq \u00fc\u00e7\u00fcn 10 il g\u00f6zl\u0259m\u0259li olur: &#8220;Bu \u00e7ox uzun m\u00fcdd\u0259tdir. Hesab edir\u0259m ki, sosial&hellip;","_links":{"self":[{"href":"https:\/\/arantv.az\/index.php?rest_route=\/wp\/v2\/posts\/826169"}],"collection":[{"href":"https:\/\/arantv.az\/index.php?rest_route=\/wp\/v2\/posts"}],"about":[{"href":"https:\/\/arantv.az\/index.php?rest_route=\/wp\/v2\/types\/post"}],"author":[{"embeddable":true,"href":"https:\/\/arantv.az\/index.php?rest_route=\/wp\/v2\/users\/2"}],"replies":[{"embeddable":true,"href":"https:\/\/arantv.az\/index.php?rest_route=%2Fwp%2Fv2%2Fcomments&post=826169"}],"version-history":[{"count":1,"href":"https:\/\/arantv.az\/index.php?rest_route=\/wp\/v2\/posts\/826169\/revisions"}],"predecessor-version":[{"id":826171,"href":"https:\/\/arantv.az\/index.php?rest_route=\/wp\/v2\/posts\/826169\/revisions\/826171"}],"wp:featuredmedia":[{"embeddable":true,"href":"https:\/\/arantv.az\/index.php?rest_route=\/wp\/v2\/media\/826170"}],"wp:attachment":[{"href":"https:\/\/arantv.az\/index.php?rest_route=%2Fwp%2Fv2%2Fmedia&parent=826169"}],"wp:term":[{"taxonomy":"category","embeddable":true,"href":"https:\/\/arantv.az\/index.php?rest_route=%2Fwp%2Fv2%2Fcategories&post=826169"},{"taxonomy":"post_tag","embeddable":true,"href":"https:\/\/arantv.az\/index.php?rest_route=%2Fwp%2Fv2%2Ftags&post=826169"}],"curies":[{"name":"wp","href":"https:\/\/api.w.org\/{rel}","templated":true}]}}