{"id":826340,"date":"2025-09-15T12:00:18","date_gmt":"2025-09-15T08:00:18","guid":{"rendered":"https:\/\/arantv.az\/?p=826340"},"modified":"2025-09-15T12:00:18","modified_gmt":"2025-09-15T08:00:18","slug":"bakinin-erm%c9%99ni-bolsevik-isgalindan-azad-olunmasindan-107-il-otur","status":"publish","type":"post","link":"https:\/\/arantv.az\/?p=826340","title":{"rendered":"Bak\u0131n\u0131n erm\u0259ni-bol\u015fevik i\u015f\u011fal\u0131ndan azad olunmas\u0131ndan 107 il \u00f6t\u00fcr"},"content":{"rendered":"<p><strong>Bu g\u00fcn Bak\u0131n\u0131n erm\u0259ni-bol\u015fevik birl\u0259\u015fm\u0259l\u0259rinin i\u015f\u011fal\u0131ndan azad olunmas\u0131n\u0131n ild\u00f6n\u00fcm\u00fcd\u00fcr.<\/strong><\/p>\n<p><strong>Az\u0259rbaycan paytaxt\u0131n\u0131n azadl\u0131\u011f\u0131ndan 107 il \u00f6t\u00fcr.<\/strong><\/p>\n<p>1918-ci il sentyabr\u0131n 15-d\u0259 Az\u0259rbaycan v\u0259 T\u00fcrkiy\u0259 \u0259sg\u0259rl\u0259ri Bak\u0131n\u0131 bol\u015fevik-da\u015fnak i\u015f\u011fal\u0131ndan azad ed\u0259r\u0259k Az\u0259rbaycan d\u00f6vl\u0259tinin tarixin\u0259 \u015f\u0259r\u0259fli g\u00fcn yaz\u0131blar.<\/p>\n<p>Bununla da m\u00fcst\u0259qilliyini t\u0259min ed\u0259n Az\u0259rbaycanda erm\u0259nil\u0259rin v\u0259 bol\u015fevikl\u0259rin Bak\u0131 v\u0259 \u0259traf rayonlardak\u0131 a\u011fal\u0131\u011f\u0131na son qoyulub.<\/p>\n<p>Bak\u0131n\u0131n erm\u0259ni-bol\u015fevik i\u015f\u011fal\u0131ndan azad edilm\u0259si XX \u0259sr Az\u0259rbaycan tarixinin \u015f\u0259r\u0259fli s\u0259hif\u0259l\u0259rind\u0259n biridir.<\/p>\n<p>1918-ci ilin may\u0131nda Az\u0259rbaycan\u0131n m\u00fcst\u0259qilliyinin elan olunmas\u0131na baxmayaraq, \u00f6lk\u0259 \u0259razisinin bir hiss\u0259si, Bak\u0131 v\u0259 \u0259traf rayonlar erm\u0259ni-bol\u015fevik i\u015f\u011fal\u0131 alt\u0131nda idi. Bunsuz is\u0259 Az\u0259rbaycan\u0131n d\u00f6vl\u0259t m\u00fcst\u0259qilliyini t\u0259s\u0259vv\u00fcr etm\u0259k \u00e7\u0259tin idi.<\/p>\n<p>M\u00fcst\u0259qilliy\u0259 t\u0259z\u0259 qovu\u015fmu\u015f, beyn\u0259lxalq al\u0259md\u0259 h\u0259l\u0259 tan\u0131nmayan g\u0259nc Az\u0259rbaycan\u0131n \u0259razi b\u00fct\u00f6vl\u00fcy\u00fcn\u00fc t\u0259min etm\u0259k imkanlar\u0131 yet\u0259rinc\u0259 deyildi. Bel\u0259 bir \u015f\u0259raitd\u0259 \u00f6z\u00fcn\u00fcn \u00e7ox a\u011f\u0131r durumuna r\u0259\u011fm\u0259n Osmanl\u0131 T\u00fcrkiy\u0259si qarda\u015f Az\u0259rbaycan\u0131n \u0259razi b\u00fct\u00f6vl\u00fcy\u00fcn\u00fc t\u0259min etm\u0259k m\u0259qs\u0259dil\u0259 Nuru pa\u015fan\u0131n komandanl\u0131\u011f\u0131 il\u0259 h\u0259rbi q\u00fcvv\u0259l\u0259rini Az\u0259rbaycana g\u00f6nd\u0259rdi. Avropa d\u00f6vl\u0259tl\u0259rinin t\u00fcrk qo\u015funlar\u0131n\u0131n Az\u0259rbaycana g\u0259lm\u0259sin\u0259 etiraz etm\u0259sin\u0259 baxmayaraq, Osmanl\u0131 T\u00fcrkiy\u0259si 1918-ci ilin avqust-sentyabr aylar\u0131nda \u00f6z tarixi v\u0259zif\u0259sini \u015f\u0259r\u0259fl\u0259 yerin\u0259 yetirdi.<\/p>\n<p>Sentyabr\u0131n 15-d\u0259 Qafqaz \u0130slam Ordusu v\u0259 Az\u0259rbaycan Korpusu Bak\u0131n\u0131 i\u015f\u011fal\u00e7\u0131lardan azad etdi. Bu tarixi hadis\u0259d\u0259n sonra Az\u0259rbaycan Xalq C\u00fcmhuriyy\u0259ti h\u00f6kum\u0259tinin paytaxt\u0131 G\u0259nc\u0259d\u0259n Bak\u0131ya k\u00f6\u00e7\u00fcr\u00fcld\u00fc.\/\/Report<\/p>\n","protected":false},"excerpt":{"rendered":"<p>Bu g\u00fcn Bak\u0131n\u0131n erm\u0259ni-bol\u015fevik birl\u0259\u015fm\u0259l\u0259rinin i\u015f\u011fal\u0131ndan azad olunmas\u0131n\u0131n ild\u00f6n\u00fcm\u00fcd\u00fcr. Az\u0259rbaycan paytaxt\u0131n\u0131n azadl\u0131\u011f\u0131ndan 107 il \u00f6t\u00fcr. 1918-ci il sentyabr\u0131n 15-d\u0259 Az\u0259rbaycan v\u0259 T\u00fcrkiy\u0259 \u0259sg\u0259rl\u0259ri Bak\u0131n\u0131 bol\u015fevik-da\u015fnak i\u015f\u011fal\u0131ndan azad ed\u0259r\u0259k Az\u0259rbaycan d\u00f6vl\u0259tinin tarixin\u0259 \u015f\u0259r\u0259fli g\u00fcn yaz\u0131blar. Bununla da m\u00fcst\u0259qilliyini t\u0259min ed\u0259n Az\u0259rbaycanda erm\u0259nil\u0259rin v\u0259 bol\u015fevikl\u0259rin Bak\u0131 v\u0259 \u0259traf rayonlardak\u0131 a\u011fal\u0131\u011f\u0131na son qoyulub. Bak\u0131n\u0131n erm\u0259ni-bol\u015fevik i\u015f\u011fal\u0131ndan azad edilm\u0259si XX \u0259sr Az\u0259rbaycan tarixinin \u015f\u0259r\u0259fli s\u0259hif\u0259l\u0259rind\u0259n biridir. 1918-ci ilin may\u0131nda Az\u0259rbaycan\u0131n m\u00fcst\u0259qilliyinin elan olunmas\u0131na baxmayaraq, \u00f6lk\u0259 \u0259razisinin bir hiss\u0259si, Bak\u0131 v\u0259 \u0259traf rayonlar erm\u0259ni-bol\u015fevik i\u015f\u011fal\u0131 alt\u0131nda idi. Bunsuz is\u0259 Az\u0259rbaycan\u0131n d\u00f6vl\u0259t m\u00fcst\u0259qilliyini t\u0259s\u0259vv\u00fcr etm\u0259k \u00e7\u0259tin&hellip;<\/p>\n","protected":false},"author":2,"featured_media":826341,"comment_status":"closed","ping_status":"closed","sticky":false,"template":"","format":"standard","meta":{"om_disable_all_campaigns":false,"_monsterinsights_skip_tracking":false,"_monsterinsights_sitenote_active":false,"_monsterinsights_sitenote_note":"","_monsterinsights_sitenote_category":0},"categories":[19],"tags":[],"aioseo_notices":[],"gutentor_comment":0,"rttpg_featured_image_url":{"full":["https:\/\/arantv.az\/wp-content\/uploads\/2025\/09\/a7a756fadc72f7a78294f26fd6cd5716.jpg",824,500,false],"landscape":["https:\/\/arantv.az\/wp-content\/uploads\/2025\/09\/a7a756fadc72f7a78294f26fd6cd5716.jpg",824,500,false],"portraits":["https:\/\/arantv.az\/wp-content\/uploads\/2025\/09\/a7a756fadc72f7a78294f26fd6cd5716.jpg",824,500,false],"thumbnail":["https:\/\/arantv.az\/wp-content\/uploads\/2025\/09\/a7a756fadc72f7a78294f26fd6cd5716-500x280.jpg",500,280,true],"medium":["https:\/\/arantv.az\/wp-content\/uploads\/2025\/09\/a7a756fadc72f7a78294f26fd6cd5716-602x365.jpg",602,365,true],"large":["https:\/\/arantv.az\/wp-content\/uploads\/2025\/09\/a7a756fadc72f7a78294f26fd6cd5716.jpg",640,388,false],"1536x1536":["https:\/\/arantv.az\/wp-content\/uploads\/2025\/09\/a7a756fadc72f7a78294f26fd6cd5716.jpg",824,500,false],"2048x2048":["https:\/\/arantv.az\/wp-content\/uploads\/2025\/09\/a7a756fadc72f7a78294f26fd6cd5716.jpg",824,500,false],"post-thumbnail":["https:\/\/arantv.az\/wp-content\/uploads\/2025\/09\/a7a756fadc72f7a78294f26fd6cd5716-240x172.jpg",240,172,true],"advps-thumb-one":["https:\/\/arantv.az\/wp-content\/uploads\/2025\/09\/a7a756fadc72f7a78294f26fd6cd5716.jpg",824,500,false]},"rttpg_author":{"display_name":"V\u00fcsal Rafiqo\u011flu","author_link":"https:\/\/arantv.az\/?author=2"},"rttpg_comment":0,"rttpg_category":"<a href=\"https:\/\/arantv.az\/?cat=19\" rel=\"category\">G\u00fcnd\u0259m<\/a>","rttpg_excerpt":"Bu g\u00fcn Bak\u0131n\u0131n erm\u0259ni-bol\u015fevik birl\u0259\u015fm\u0259l\u0259rinin i\u015f\u011fal\u0131ndan azad olunmas\u0131n\u0131n ild\u00f6n\u00fcm\u00fcd\u00fcr. Az\u0259rbaycan paytaxt\u0131n\u0131n azadl\u0131\u011f\u0131ndan 107 il \u00f6t\u00fcr. 1918-ci il sentyabr\u0131n 15-d\u0259 Az\u0259rbaycan v\u0259 T\u00fcrkiy\u0259 \u0259sg\u0259rl\u0259ri Bak\u0131n\u0131 bol\u015fevik-da\u015fnak i\u015f\u011fal\u0131ndan azad ed\u0259r\u0259k Az\u0259rbaycan d\u00f6vl\u0259tinin tarixin\u0259 \u015f\u0259r\u0259fli g\u00fcn yaz\u0131blar. Bununla da m\u00fcst\u0259qilliyini t\u0259min ed\u0259n Az\u0259rbaycanda erm\u0259nil\u0259rin v\u0259 bol\u015fevikl\u0259rin Bak\u0131 v\u0259 \u0259traf rayonlardak\u0131 a\u011fal\u0131\u011f\u0131na son qoyulub. Bak\u0131n\u0131n erm\u0259ni-bol\u015fevik i\u015f\u011fal\u0131ndan azad edilm\u0259si&hellip;","_links":{"self":[{"href":"https:\/\/arantv.az\/index.php?rest_route=\/wp\/v2\/posts\/826340"}],"collection":[{"href":"https:\/\/arantv.az\/index.php?rest_route=\/wp\/v2\/posts"}],"about":[{"href":"https:\/\/arantv.az\/index.php?rest_route=\/wp\/v2\/types\/post"}],"author":[{"embeddable":true,"href":"https:\/\/arantv.az\/index.php?rest_route=\/wp\/v2\/users\/2"}],"replies":[{"embeddable":true,"href":"https:\/\/arantv.az\/index.php?rest_route=%2Fwp%2Fv2%2Fcomments&post=826340"}],"version-history":[{"count":2,"href":"https:\/\/arantv.az\/index.php?rest_route=\/wp\/v2\/posts\/826340\/revisions"}],"predecessor-version":[{"id":826343,"href":"https:\/\/arantv.az\/index.php?rest_route=\/wp\/v2\/posts\/826340\/revisions\/826343"}],"wp:featuredmedia":[{"embeddable":true,"href":"https:\/\/arantv.az\/index.php?rest_route=\/wp\/v2\/media\/826341"}],"wp:attachment":[{"href":"https:\/\/arantv.az\/index.php?rest_route=%2Fwp%2Fv2%2Fmedia&parent=826340"}],"wp:term":[{"taxonomy":"category","embeddable":true,"href":"https:\/\/arantv.az\/index.php?rest_route=%2Fwp%2Fv2%2Fcategories&post=826340"},{"taxonomy":"post_tag","embeddable":true,"href":"https:\/\/arantv.az\/index.php?rest_route=%2Fwp%2Fv2%2Ftags&post=826340"}],"curies":[{"name":"wp","href":"https:\/\/api.w.org\/{rel}","templated":true}]}}