{"id":82654,"date":"2019-10-01T09:34:51","date_gmt":"2019-10-01T06:34:51","guid":{"rendered":"http:\/\/arantv.az\/?p=82654"},"modified":"2019-10-01T09:34:51","modified_gmt":"2019-10-01T06:34:51","slug":"bas-prokuror-az%c9%99rbaycanda-cinay%c9%99t-novl%c9%99rinin-sayi-azalib","status":"publish","type":"post","link":"https:\/\/arantv.az\/?p=82654","title":{"rendered":"Ba\u015f prokuror: &#8220;Az\u0259rbaycanda cinay\u0259t n\u00f6vl\u0259rinin say\u0131 azal\u0131b&#8221;"},"content":{"rendered":"<blockquote><p><em><strong>Prokurorluq orqanlar\u0131n\u0131n daxili i\u015fl\u0259r, \u0259dliyy\u0259, d\u00f6vl\u0259t t\u0259hl\u00fck\u0259sizliyi v\u0259 m\u0259hk\u0259m\u0259 orqanlar\u0131 il\u0259 \u0259laq\u0259li \u015f\u0259kild\u0259 birg\u0259 f\u0259aliyy\u0259tinin n\u0259tic\u0259si olaraq \u00f6lk\u0259d\u0259 dayan\u0131ql\u0131 ictimai-siyasi sabitlik qorunaraq d\u00f6vl\u0259t maraqlar\u0131n\u0131n m\u00fcdafi\u0259si, cinay\u0259tkarl\u0131\u011fa qar\u015f\u0131 q\u0259tiyy\u0259tli m\u00fcbariz\u0259 apar\u0131lmaqla kriminogen durumun stabilliyi v\u0259 b\u00fct\u00fcn m\u0259nfi t\u0259zah\u00fcrl\u0259rin qar\u015f\u0131s\u0131n\u0131n al\u0131nmas\u0131 t\u0259min edilir.<\/strong><\/em><\/p><\/blockquote>\n<p><strong>ARANTV.AZ<\/strong>\u00a0\u00a0<a href=\"https:\/\/az.trend.az\/\" target=\"_blank\" rel=\"noopener\">Trend<\/a>-\u0259 istinad\u0259n x\u0259b\u0259r verir ki, bunu Az\u0259rbaycan Respublikas\u0131n\u0131n Ba\u015f prokuroru Zakir Qaralov deyib.<\/p>\n<p>Z.Qaralov bildirib ki, g\u00f6r\u00fclm\u00fc\u015f s\u0259m\u0259r\u0259li birg\u0259 t\u0259dbirl\u0259rin n\u0259tic\u0259si olaraq cinay\u0259tkarl\u0131\u011f\u0131n dinamikas\u0131nda v\u0259 xarakterind\u0259 m\u00fcsb\u0259t c\u0259h\u0259tl\u0259r m\u00f6hk\u0259ml\u0259nmi\u015f, cari ilin birinci yar\u0131milind\u0259 qeyd\u0259 al\u0131nm\u0131\u015f bir s\u0131ra cinay\u0259t n\u00f6vl\u0259rinin say\u0131 \u00f6t\u0259n ilin eyni d\u00f6vr\u00fc il\u0259 m\u00fcqayis\u0259d\u0259 azal\u0131b.<\/p>\n<p>Ba\u015f prokurorun s\u00f6zl\u0259rin\u0259 g\u00f6r\u0259, \u0259vv\u0259lki ill\u0259rd\u0259 ba\u011fl\u0131 qalm\u0131\u015f a\u011f\u0131r v\u0259 x\u00fcsusil\u0259 a\u011f\u0131r cinay\u0259tl\u0259rin, qeyri-a\u015fkar \u015f\u0259raitd\u0259 t\u00f6r\u0259dilmi\u015f q\u0259sd\u0259n adam \u00f6ld\u00fcrm\u0259 v\u0259 adam \u00f6ld\u00fcrm\u0259y\u0259 c\u0259hd cinay\u0259tl\u0259rinin a\u00e7\u0131lmas\u0131 istiqam\u0259tind\u0259 g\u00f6r\u00fcl\u0259n m\u0259qs\u0259dy\u00f6nl\u00fc intensiv istintaq t\u0259dbirl\u0259ri, Ba\u015f Prokurorluqda bu i\u015fl\u0259r\u0259 r\u0259hb\u0259rliyi h\u0259yata ke\u00e7ir\u0259n idar\u0259nin zona prokurorlar\u0131n\u0131n yerl\u0259r\u0259 ezam olunaraq istintaq\u0131n planla\u015fd\u0131r\u0131lmas\u0131nda v\u0259 t\u0259\u015fkilind\u0259 \u0259m\u0259li k\u00f6m\u0259k g\u00f6st\u0259rm\u0259l\u0259ri say\u0259sind\u0259 cari ilin birinci yar\u0131milinin g\u00f6st\u0259ricil\u0259ri \u00f6t\u0259n ilin m\u00fcvafiq d\u00f6vr\u00fcn\u0259 nisb\u0259t\u0259n xeyli art\u0131b.<\/p>\n","protected":false},"excerpt":{"rendered":"<p>Prokurorluq orqanlar\u0131n\u0131n daxili i\u015fl\u0259r, \u0259dliyy\u0259, d\u00f6vl\u0259t t\u0259hl\u00fck\u0259sizliyi v\u0259 m\u0259hk\u0259m\u0259 orqanlar\u0131 il\u0259 \u0259laq\u0259li \u015f\u0259kild\u0259 birg\u0259 f\u0259aliyy\u0259tinin n\u0259tic\u0259si olaraq \u00f6lk\u0259d\u0259 dayan\u0131ql\u0131 ictimai-siyasi sabitlik qorunaraq d\u00f6vl\u0259t maraqlar\u0131n\u0131n m\u00fcdafi\u0259si, cinay\u0259tkarl\u0131\u011fa qar\u015f\u0131 q\u0259tiyy\u0259tli m\u00fcbariz\u0259 apar\u0131lmaqla kriminogen durumun stabilliyi v\u0259 b\u00fct\u00fcn m\u0259nfi t\u0259zah\u00fcrl\u0259rin qar\u015f\u0131s\u0131n\u0131n al\u0131nmas\u0131 t\u0259min edilir. ARANTV.AZ\u00a0\u00a0Trend-\u0259 istinad\u0259n x\u0259b\u0259r verir ki, bunu Az\u0259rbaycan Respublikas\u0131n\u0131n Ba\u015f prokuroru Zakir Qaralov deyib. Z.Qaralov bildirib ki, g\u00f6r\u00fclm\u00fc\u015f s\u0259m\u0259r\u0259li birg\u0259 t\u0259dbirl\u0259rin n\u0259tic\u0259si olaraq cinay\u0259tkarl\u0131\u011f\u0131n dinamikas\u0131nda v\u0259 xarakterind\u0259 m\u00fcsb\u0259t c\u0259h\u0259tl\u0259r m\u00f6hk\u0259ml\u0259nmi\u015f, cari ilin birinci yar\u0131milind\u0259 qeyd\u0259 al\u0131nm\u0131\u015f bir s\u0131ra cinay\u0259t n\u00f6vl\u0259rinin say\u0131 \u00f6t\u0259n ilin eyni d\u00f6vr\u00fc il\u0259 m\u00fcqayis\u0259d\u0259 azal\u0131b. Ba\u015f prokurorun&hellip;<\/p>\n","protected":false},"author":2,"featured_media":82655,"comment_status":"closed","ping_status":"closed","sticky":false,"template":"","format":"standard","meta":{"om_disable_all_campaigns":false,"_monsterinsights_skip_tracking":false,"_monsterinsights_sitenote_active":false,"_monsterinsights_sitenote_note":"","_monsterinsights_sitenote_category":0},"categories":[1],"tags":[],"aioseo_notices":[],"gutentor_comment":0,"rttpg_featured_image_url":{"full":["https:\/\/arantv.az\/wp-content\/uploads\/2019\/10\/zakir_qaralov_001.jpg",800,600,false],"landscape":["https:\/\/arantv.az\/wp-content\/uploads\/2019\/10\/zakir_qaralov_001.jpg",800,600,false],"portraits":["https:\/\/arantv.az\/wp-content\/uploads\/2019\/10\/zakir_qaralov_001.jpg",800,600,false],"thumbnail":["https:\/\/arantv.az\/wp-content\/uploads\/2019\/10\/zakir_qaralov_001-150x150.jpg",150,150,true],"medium":["https:\/\/arantv.az\/wp-content\/uploads\/2019\/10\/zakir_qaralov_001-300x225.jpg",300,225,true],"large":["https:\/\/arantv.az\/wp-content\/uploads\/2019\/10\/zakir_qaralov_001.jpg",640,480,false],"1536x1536":["https:\/\/arantv.az\/wp-content\/uploads\/2019\/10\/zakir_qaralov_001.jpg",800,600,false],"2048x2048":["https:\/\/arantv.az\/wp-content\/uploads\/2019\/10\/zakir_qaralov_001.jpg",800,600,false],"post-thumbnail":["https:\/\/arantv.az\/wp-content\/uploads\/2019\/10\/zakir_qaralov_001-240x172.jpg",240,172,true],"advps-thumb-one":["https:\/\/arantv.az\/wp-content\/uploads\/2019\/10\/zakir_qaralov_001.jpg",800,600,false]},"rttpg_author":{"display_name":"V\u00fcsal Rafiqo\u011flu","author_link":"https:\/\/arantv.az\/?author=2"},"rttpg_comment":0,"rttpg_category":"<a href=\"https:\/\/arantv.az\/?cat=1\" rel=\"category\">C\u0259miyy\u0259t<\/a>","rttpg_excerpt":"Prokurorluq orqanlar\u0131n\u0131n daxili i\u015fl\u0259r, \u0259dliyy\u0259, d\u00f6vl\u0259t t\u0259hl\u00fck\u0259sizliyi v\u0259 m\u0259hk\u0259m\u0259 orqanlar\u0131 il\u0259 \u0259laq\u0259li \u015f\u0259kild\u0259 birg\u0259 f\u0259aliyy\u0259tinin n\u0259tic\u0259si olaraq \u00f6lk\u0259d\u0259 dayan\u0131ql\u0131 ictimai-siyasi sabitlik qorunaraq d\u00f6vl\u0259t maraqlar\u0131n\u0131n m\u00fcdafi\u0259si, cinay\u0259tkarl\u0131\u011fa qar\u015f\u0131 q\u0259tiyy\u0259tli m\u00fcbariz\u0259 apar\u0131lmaqla kriminogen durumun stabilliyi v\u0259 b\u00fct\u00fcn m\u0259nfi t\u0259zah\u00fcrl\u0259rin qar\u015f\u0131s\u0131n\u0131n al\u0131nmas\u0131 t\u0259min edilir. ARANTV.AZ\u00a0\u00a0Trend-\u0259 istinad\u0259n x\u0259b\u0259r verir ki, bunu Az\u0259rbaycan Respublikas\u0131n\u0131n Ba\u015f prokuroru Zakir Qaralov deyib. Z.Qaralov&hellip;","_links":{"self":[{"href":"https:\/\/arantv.az\/index.php?rest_route=\/wp\/v2\/posts\/82654"}],"collection":[{"href":"https:\/\/arantv.az\/index.php?rest_route=\/wp\/v2\/posts"}],"about":[{"href":"https:\/\/arantv.az\/index.php?rest_route=\/wp\/v2\/types\/post"}],"author":[{"embeddable":true,"href":"https:\/\/arantv.az\/index.php?rest_route=\/wp\/v2\/users\/2"}],"replies":[{"embeddable":true,"href":"https:\/\/arantv.az\/index.php?rest_route=%2Fwp%2Fv2%2Fcomments&post=82654"}],"version-history":[{"count":0,"href":"https:\/\/arantv.az\/index.php?rest_route=\/wp\/v2\/posts\/82654\/revisions"}],"wp:featuredmedia":[{"embeddable":true,"href":"https:\/\/arantv.az\/index.php?rest_route=\/wp\/v2\/media\/82655"}],"wp:attachment":[{"href":"https:\/\/arantv.az\/index.php?rest_route=%2Fwp%2Fv2%2Fmedia&parent=82654"}],"wp:term":[{"taxonomy":"category","embeddable":true,"href":"https:\/\/arantv.az\/index.php?rest_route=%2Fwp%2Fv2%2Fcategories&post=82654"},{"taxonomy":"post_tag","embeddable":true,"href":"https:\/\/arantv.az\/index.php?rest_route=%2Fwp%2Fv2%2Ftags&post=82654"}],"curies":[{"name":"wp","href":"https:\/\/api.w.org\/{rel}","templated":true}]}}