{"id":82658,"date":"2019-10-01T09:39:55","date_gmt":"2019-10-01T06:39:55","guid":{"rendered":"http:\/\/arantv.az\/?p=82658"},"modified":"2019-10-01T09:39:55","modified_gmt":"2019-10-01T06:39:55","slug":"leyla-%c9%99liyeva-acilan-divar-layih%c9%99sinin-t%c9%99qdimatinda-fotolar","status":"publish","type":"post","link":"https:\/\/arantv.az\/?p=82658","title":{"rendered":"Leyla \u018fliyeva &#8220;A\u00e7\u0131lan divar&#8221; layih\u0259sinin t\u0259qdimat\u0131nda &#8211; Fotolar"},"content":{"rendered":"<div id=\"xeber_yazi\">\n<p><strong>Sentyabr\u0131n 30-da N\u0259simi festival\u0131 \u00e7\u0259r\u00e7iv\u0259sind\u0259 Qala q\u0259s\u0259b\u0259sind\u0259 &#8220;A\u00e7\u0131lan divar&#8221; ictimai inc\u0259s\u0259n\u0259t layih\u0259sinin t\u0259qdimat\u0131 olub.<\/strong><\/p>\n<div id=\"AdviadNativeVideo0\" class=\"AdviadNativeVideo\"><\/div>\n<p><strong>ARANTV.AZ<\/strong>\u00a0 x\u0259b\u0259r verir ki, layih\u0259nin t\u0259qdimat m\u0259rasimind\u0259 Heyd\u0259r \u018fliyev Fondunun vitse-prezidenti Leyla \u018fliyeva v\u0259 Arzu \u018fliyeva i\u015ftirak edibl\u0259r.<\/p>\n<p>\u00d6t\u0259n ild\u0259n h\u0259yata ke\u00e7iril\u0259n layih\u0259d\u0259 yeddi \u0259cn\u0259bi v\u0259 iki yerli qrafiti r\u0259ssam\u0131 i\u015ftirak ed\u0259r\u0259k k\u00f6hn\u0259 s\u0259naye anbar\u0131 \u00fcz\u0259rind\u0259 inan\u0131lmaz divar r\u0259sml\u0259ri yarad\u0131blar.<\/p>\n<p>Bildirilib ki, layih\u0259 \u00e7\u0259r\u00e7iv\u0259sind\u0259 Az\u0259rbaycan, Braziliya, C\u0259nubi Afrika, \u0130spaniya, Niderland v\u0259 Fransadan olan r\u0259ssamlar\u0131n &#8220;urban\/street art&#8221; (\u015f\u0259h\u0259r\/k\u00fc\u00e7\u0259 inc\u0259s\u0259n\u0259ti) janr\u0131nda yaratd\u0131qlar\u0131 \u0259s\u0259rl\u0259r, Buzovna v\u0259 M\u0259rd\u0259kan q\u0259s\u0259b\u0259l\u0259rind\u0259n olan yarad\u0131c\u0131 u\u015faqlar\u0131n r\u0259sml\u0259ri \u0259sas\u0131nda divar pannosu da n\u00fcmayi\u015f olunur.<\/p>\n<p>\u018fsas m\u0259qs\u0259d yaln\u0131z m\u0259\u015fhur r\u0259ssamlar\u0131n i\u015fl\u0259rini g\u00f6st\u0259rm\u0259k deyil, h\u0259m\u00e7inin yerli istedadlar\u0131 da bu layih\u0259y\u0259 c\u0259lb etm\u0259k olub.<\/p>\n<p>Qeyd edilib ki, N\u0259simi \u015feir, inc\u0259s\u0259n\u0259t v\u0259 m\u0259n\u0259viyyat Festival\u0131 \u00e7\u0259r\u00e7iv\u0259sind\u0259 bu il, h\u0259m d\u0259 u\u015faq evl\u0259ri v\u0259 internat m\u0259kt\u0259bl\u0259rinin sakinl\u0259ri v\u0259 m\u0259zunlar\u0131n\u0131n i\u015ftirak\u0131 il\u0259 &#8220;\u00dcmidin yarad\u0131lmas\u0131&#8221; sosial-m\u0259d\u0259ni layih\u0259si d\u0259 h\u0259yata ke\u00e7irilib. Layih\u0259 \u00fczr\u0259 dizayn kurslar\u0131na c\u0259lb olunmu\u015f 30 i\u015ftirak\u00e7\u0131 \u00f6z arzular\u0131n\u0131 t\u0259svir vasit\u0259sil\u0259 \u0259ks etdirib v\u0259 onlar\u0131n \u0259l i\u015fl\u0259ri sonra k\u00f6yn\u0259kl\u0259r \u00fcz\u0259rin\u0259 k\u00f6\u00e7\u00fcr\u00fcl\u00fcb.<\/p>\n<p>Festival \u00e7\u0259r\u00e7iv\u0259sind\u0259 bu k\u00f6yn\u0259kl\u0259rin n\u00fcmayi\u015fi d\u0259 olub. Layih\u0259nin m\u0259qs\u0259di u\u015faq evl\u0259ri v\u0259 internat m\u0259kt\u0259bl\u0259rinin sakinl\u0259ri v\u0259 m\u0259zunlar\u0131n\u0131n yarad\u0131c\u0131l\u0131q qabiliyy\u0259tini inki\u015faf etdirm\u0259k v\u0259 onlara m\u0259\u015f\u011fulluq imkanlar\u0131 yaratmaqd\u0131r.<\/p>\n<p>Sonra qonaqlar h\u0259r iki layih\u0259 il\u0259 tan\u0131\u015f olublar.<\/p>\n<\/div>\n<div class=\"site-left-rub-bosluq_orta\"><\/div>\n<p><a href=\"https:\/\/axsam.az\/showpic_el100.jpg?yol=0UmOIOBxoMJbgtuGWE9Gyu78%2BCATNEG78MxlEqtoxyTryavUop44LSxUQHiBfhL0K6aRy5R8Bscb6bxOlkCWPQ%3D%3D\" target=\"_blank\" rel=\"noopener\"><img src=\"https:\/\/axsam.az\/showpic_el100.jpg?yol=0UmOIOBxoMJbgtuGWE9Gyu78%2BCATNEG78MxlEqtoxyTryavUop44LSxUQHiBfhL0K6aRy5R8Bscb6bxOlkCWPQ%3D%3D\" border=\"0\" \/><\/a><\/p>\n<div><\/div>\n<p><a href=\"https:\/\/axsam.az\/showpic_el100.jpg?yol=2X0nopinCyO7cuZcm1%2FtSlvu3%2FhEK8BVLib5mWYtnOsF74bDFynuCLaNhFGNgTrPmmp2J88%2FjTb%2Fg6wSJUUx3w%3D%3D\" target=\"_blank\" rel=\"noopener\"><img src=\"https:\/\/axsam.az\/showpic_el100.jpg?yol=2X0nopinCyO7cuZcm1%2FtSlvu3%2FhEK8BVLib5mWYtnOsF74bDFynuCLaNhFGNgTrPmmp2J88%2FjTb%2Fg6wSJUUx3w%3D%3D\" border=\"0\" \/><\/a><\/p>\n<div><\/div>\n<p><a href=\"https:\/\/axsam.az\/showpic_el100.jpg?yol=6DjTLypg5FypWvFTeKVTXWMeAz5vUaek3yaL%2BY115YTIaACqg3Q7UzbZ0fE6b9j0qqS1RM%2FO4zFfSYpfQwPgpQ%3D%3D\" target=\"_blank\" rel=\"noopener\"><img src=\"https:\/\/axsam.az\/showpic_el100.jpg?yol=6DjTLypg5FypWvFTeKVTXWMeAz5vUaek3yaL%2BY115YTIaACqg3Q7UzbZ0fE6b9j0qqS1RM%2FO4zFfSYpfQwPgpQ%3D%3D\" border=\"0\" \/><\/a><\/p>\n<div><\/div>\n<p><a href=\"https:\/\/axsam.az\/showpic_el100.jpg?yol=N5aUcdifkBlMJXdWQGqhPKUSDDTET5SXj3HTFma3JB%2FvMxGYAqYK1%2Fg5PfJ16J2g9bBRT32dlwH47RQ4bT1Cdg%3D%3D\" target=\"_blank\" rel=\"noopener\"><img src=\"https:\/\/axsam.az\/showpic_el100.jpg?yol=N5aUcdifkBlMJXdWQGqhPKUSDDTET5SXj3HTFma3JB%2FvMxGYAqYK1%2Fg5PfJ16J2g9bBRT32dlwH47RQ4bT1Cdg%3D%3D\" border=\"0\" \/><\/a><\/p>\n<div><\/div>\n<p><a href=\"https:\/\/axsam.az\/showpic_el100.jpg?yol=dz3eGNVD%2Bn88%2FQBcVUWsLlCMWUtkBYdYdWbO61pPOhvNIMZFjH1sHL2E2T5tfup8r%2FyxVmRUrwg5WpsuNE2Gsg%3D%3D\" target=\"_blank\" rel=\"noopener\"><img src=\"https:\/\/axsam.az\/showpic_el100.jpg?yol=dz3eGNVD%2Bn88%2FQBcVUWsLlCMWUtkBYdYdWbO61pPOhvNIMZFjH1sHL2E2T5tfup8r%2FyxVmRUrwg5WpsuNE2Gsg%3D%3D\" border=\"0\" \/><\/a><\/p>\n<div><\/div>\n<p><a href=\"https:\/\/axsam.az\/showpic_el100.jpg?yol=UignQjY8zuRuYzlFkhHtxt4rFnm0oDR0PaburkkUxyr9L%2BL59V4wrI6P4bd3KMeyLCKxa2wINmcrTVdRLQG0Lg%3D%3D\" target=\"_blank\" rel=\"noopener\"><img src=\"https:\/\/axsam.az\/showpic_el100.jpg?yol=UignQjY8zuRuYzlFkhHtxt4rFnm0oDR0PaburkkUxyr9L%2BL59V4wrI6P4bd3KMeyLCKxa2wINmcrTVdRLQG0Lg%3D%3D\" border=\"0\" \/><\/a><\/p>\n","protected":false},"excerpt":{"rendered":"<p>Sentyabr\u0131n 30-da N\u0259simi festival\u0131 \u00e7\u0259r\u00e7iv\u0259sind\u0259 Qala q\u0259s\u0259b\u0259sind\u0259 &#8220;A\u00e7\u0131lan divar&#8221; ictimai inc\u0259s\u0259n\u0259t layih\u0259sinin t\u0259qdimat\u0131 olub. ARANTV.AZ\u00a0 x\u0259b\u0259r verir ki, layih\u0259nin t\u0259qdimat m\u0259rasimind\u0259 Heyd\u0259r \u018fliyev Fondunun vitse-prezidenti Leyla \u018fliyeva v\u0259 Arzu \u018fliyeva i\u015ftirak edibl\u0259r. \u00d6t\u0259n ild\u0259n h\u0259yata ke\u00e7iril\u0259n layih\u0259d\u0259 yeddi \u0259cn\u0259bi v\u0259 iki yerli qrafiti r\u0259ssam\u0131 i\u015ftirak ed\u0259r\u0259k k\u00f6hn\u0259 s\u0259naye anbar\u0131 \u00fcz\u0259rind\u0259 inan\u0131lmaz divar r\u0259sml\u0259ri yarad\u0131blar. Bildirilib ki, layih\u0259 \u00e7\u0259r\u00e7iv\u0259sind\u0259 Az\u0259rbaycan, Braziliya, C\u0259nubi Afrika, \u0130spaniya, Niderland v\u0259 Fransadan olan r\u0259ssamlar\u0131n &#8220;urban\/street art&#8221; (\u015f\u0259h\u0259r\/k\u00fc\u00e7\u0259 inc\u0259s\u0259n\u0259ti) janr\u0131nda yaratd\u0131qlar\u0131 \u0259s\u0259rl\u0259r, Buzovna v\u0259 M\u0259rd\u0259kan q\u0259s\u0259b\u0259l\u0259rind\u0259n olan yarad\u0131c\u0131 u\u015faqlar\u0131n r\u0259sml\u0259ri \u0259sas\u0131nda divar pannosu da n\u00fcmayi\u015f olunur. \u018fsas&hellip;<\/p>\n","protected":false},"author":2,"featured_media":82659,"comment_status":"closed","ping_status":"closed","sticky":false,"template":"","format":"standard","meta":{"om_disable_all_campaigns":false,"_monsterinsights_skip_tracking":false,"_monsterinsights_sitenote_active":false,"_monsterinsights_sitenote_note":"","_monsterinsights_sitenote_category":0},"categories":[19],"tags":[],"aioseo_notices":[],"gutentor_comment":0,"rttpg_featured_image_url":{"full":["https:\/\/arantv.az\/wp-content\/uploads\/2019\/10\/184941_x7s026bixw.jpg",1000,663,false],"landscape":["https:\/\/arantv.az\/wp-content\/uploads\/2019\/10\/184941_x7s026bixw.jpg",1000,663,false],"portraits":["https:\/\/arantv.az\/wp-content\/uploads\/2019\/10\/184941_x7s026bixw.jpg",1000,663,false],"thumbnail":["https:\/\/arantv.az\/wp-content\/uploads\/2019\/10\/184941_x7s026bixw-150x150.jpg",150,150,true],"medium":["https:\/\/arantv.az\/wp-content\/uploads\/2019\/10\/184941_x7s026bixw-300x199.jpg",300,199,true],"large":["https:\/\/arantv.az\/wp-content\/uploads\/2019\/10\/184941_x7s026bixw.jpg",640,424,false],"1536x1536":["https:\/\/arantv.az\/wp-content\/uploads\/2019\/10\/184941_x7s026bixw.jpg",1000,663,false],"2048x2048":["https:\/\/arantv.az\/wp-content\/uploads\/2019\/10\/184941_x7s026bixw.jpg",1000,663,false],"post-thumbnail":["https:\/\/arantv.az\/wp-content\/uploads\/2019\/10\/184941_x7s026bixw-240x172.jpg",240,172,true],"advps-thumb-one":["https:\/\/arantv.az\/wp-content\/uploads\/2019\/10\/184941_x7s026bixw-1000x620.jpg",1000,620,true]},"rttpg_author":{"display_name":"V\u00fcsal Rafiqo\u011flu","author_link":"https:\/\/arantv.az\/?author=2"},"rttpg_comment":0,"rttpg_category":"<a href=\"https:\/\/arantv.az\/?cat=19\" rel=\"category\">G\u00fcnd\u0259m<\/a>","rttpg_excerpt":"Sentyabr\u0131n 30-da N\u0259simi festival\u0131 \u00e7\u0259r\u00e7iv\u0259sind\u0259 Qala q\u0259s\u0259b\u0259sind\u0259 &#8220;A\u00e7\u0131lan divar&#8221; ictimai inc\u0259s\u0259n\u0259t layih\u0259sinin t\u0259qdimat\u0131 olub. ARANTV.AZ\u00a0 x\u0259b\u0259r verir ki, layih\u0259nin t\u0259qdimat m\u0259rasimind\u0259 Heyd\u0259r \u018fliyev Fondunun vitse-prezidenti Leyla \u018fliyeva v\u0259 Arzu \u018fliyeva i\u015ftirak edibl\u0259r. \u00d6t\u0259n ild\u0259n h\u0259yata ke\u00e7iril\u0259n layih\u0259d\u0259 yeddi \u0259cn\u0259bi v\u0259 iki yerli qrafiti r\u0259ssam\u0131 i\u015ftirak ed\u0259r\u0259k k\u00f6hn\u0259 s\u0259naye anbar\u0131 \u00fcz\u0259rind\u0259 inan\u0131lmaz divar r\u0259sml\u0259ri yarad\u0131blar. Bildirilib&hellip;","_links":{"self":[{"href":"https:\/\/arantv.az\/index.php?rest_route=\/wp\/v2\/posts\/82658"}],"collection":[{"href":"https:\/\/arantv.az\/index.php?rest_route=\/wp\/v2\/posts"}],"about":[{"href":"https:\/\/arantv.az\/index.php?rest_route=\/wp\/v2\/types\/post"}],"author":[{"embeddable":true,"href":"https:\/\/arantv.az\/index.php?rest_route=\/wp\/v2\/users\/2"}],"replies":[{"embeddable":true,"href":"https:\/\/arantv.az\/index.php?rest_route=%2Fwp%2Fv2%2Fcomments&post=82658"}],"version-history":[{"count":0,"href":"https:\/\/arantv.az\/index.php?rest_route=\/wp\/v2\/posts\/82658\/revisions"}],"wp:featuredmedia":[{"embeddable":true,"href":"https:\/\/arantv.az\/index.php?rest_route=\/wp\/v2\/media\/82659"}],"wp:attachment":[{"href":"https:\/\/arantv.az\/index.php?rest_route=%2Fwp%2Fv2%2Fmedia&parent=82658"}],"wp:term":[{"taxonomy":"category","embeddable":true,"href":"https:\/\/arantv.az\/index.php?rest_route=%2Fwp%2Fv2%2Fcategories&post=82658"},{"taxonomy":"post_tag","embeddable":true,"href":"https:\/\/arantv.az\/index.php?rest_route=%2Fwp%2Fv2%2Ftags&post=82658"}],"curies":[{"name":"wp","href":"https:\/\/api.w.org\/{rel}","templated":true}]}}