{"id":82666,"date":"2019-10-01T10:37:35","date_gmt":"2019-10-01T07:37:35","guid":{"rendered":"http:\/\/arantv.az\/?p=82666"},"modified":"2019-10-01T10:37:35","modified_gmt":"2019-10-01T07:37:35","slug":"deputat-ayt%c9%99n-mustafayeva-uc-il-olar-ki-ikinci-d%c9%99f%c9%99-ail%c9%99-h%c9%99yati-qurmusam","status":"publish","type":"post","link":"https:\/\/arantv.az\/?p=82666","title":{"rendered":"Deputat Ayt\u0259n Mustafayeva: \u00dc\u00e7 il olar ki, ikinci d\u0259f\u0259 ail\u0259 h\u0259yat\u0131 qurmu\u015fam"},"content":{"rendered":"<p>Milli M\u0259clisin deputat\u0131, Az\u0259rbaycan Milli Elml\u0259r Akademiyas\u0131n\u0131n (AMEA) H\u00fcquq v\u0259 \u0130nsan Haqlar\u0131 \u0130nstitutunun direktoru\u00a0Ayt\u0259n Mustafayeva \u00fc\u00e7 il\u00a0bundan \u0259vv\u0259l ikinci d\u0259f\u0259 ail\u0259 h\u0259yat\u0131 qurub.<\/p>\n<p><b>ARANTV.AZ<\/b>-\u0131n x\u0259b\u0259rin\u0259 g\u00f6r\u0259, bu bar\u0259d\u0259 A.Mustafayeva Modern.az sayt\u0131na m\u00fcsahib\u0259sind\u0259 bildirib.<\/p>\n<p>\u201c\u00dc\u00e7\u00a0il olar ki, ikinci d\u0259f\u0259 ail\u0259 h\u0259yat\u0131 qurmu\u015fam. 40 ya\u015f\u0131m olanda \u00a0h\u0259yat yolda\u015f\u0131m\u0131 itirdim\u201d, &#8211; dey\u0259 deputat bildirib.<\/p>\n<div id=\"AdviadNativeVideo0\" class=\"AdviadNativeVideo\"><\/div>\n<p>\u201cR\u00f6v\u015f\u0259ni (birinci h\u0259yat yolda\u015f\u0131 \u2013 red.) itir\u0259nd\u0259 t\u0259kc\u0259 h\u0259yat yolda\u015f\u0131m\u0131 yox, h\u0259mfikrimi, h\u0259md\u0259rdimi itirdim. Bu, \u00e7ox \u00e7\u0259tin m\u0259s\u0259l\u0259dir. \u00d6z\u00fc pis x\u0259st\u0259 oldu\u011funu hiss edirdi. Deyirdi ki, m\u0259n \u00f6l\u0259nd\u0259n sonra s\u0259n t\u0259kc\u0259 t\u0259nha qalmayacaqsan, h\u0259m d\u0259 bo\u015fluq hiss ed\u0259c\u0259ks\u0259n\u201d, &#8211; Ayt\u0259n Mustafayeva hissl\u0259rini b\u00f6l\u00fc\u015f\u00fcb.<\/p>\n<p>A.Mustafayeva m\u00fcsahib\u0259d\u0259 b\u0259zi deputat h\u0259mkarlar\u0131n\u0131 tan\u0131mad\u0131\u011f\u0131n\u0131 da etiraf edib:<\/p>\n<p>\u201cHarasa ged\u0259nd\u0259 \u201cm\u0259n d\u0259 deputatam\u201d dey\u0259n kimi q\u0259rib\u0259 bax\u0131rlar. Ancaq n\u0259 ed\u0259k?! \u00c7al\u0131\u015faq ki, bu \u015f\u0259r\u0259fli ada l\u0259k\u0259 vurdurmayaq&#8230; Kims\u0259 durub ham\u0131n\u0131n yerin\u0259 cavab ver\u0259 bilm\u0259z. A\u00e7\u0131q deyir\u0259m siz\u0259: el\u0259 deputatlar var ki, onlar\u0131 \u00fczd\u0259n tan\u0131m\u0131ram\u201d.<\/p>\n<p>Qeyd ed\u0259k ki, A.Mustafayevan\u0131n birinci h\u0259yat yolda\u015f\u0131 Az\u0259rbaycan\u0131n g\u00f6rk\u0259mli elm xadimi,\u00a0AMEA H\u00fcquq v\u0259 \u0130nsan Haqlar\u0131 \u0130nstitutunun\u00a0ke\u00e7mi\u015f direktoru, professor R\u00f6v\u015f\u0259n Mustafayev idi.<\/p>\n<p>R.Mustafayev 1960-c\u0131 il\u00a0oktyabr ay\u0131n\u0131n 5-d\u0259\u00a0Bak\u0131da, ziyal\u0131 ail\u0259sind\u0259 anadan olub.<\/p>\n<p>R. Mustafayev uzun s\u00fcr\u0259n x\u0259st\u0259likd\u0259n sonra,\u00a02009-cu il fevral ay\u0131n\u0131n 20-d\u0259 \u0130stanbul\u00a0\u015f\u0259h\u0259rind\u0259, \u201cMemorial\u201d\u00a0x\u0259st\u0259xanas\u0131nda v\u0259fat edib.<\/p>\n","protected":false},"excerpt":{"rendered":"<p>Milli M\u0259clisin deputat\u0131, Az\u0259rbaycan Milli Elml\u0259r Akademiyas\u0131n\u0131n (AMEA) H\u00fcquq v\u0259 \u0130nsan Haqlar\u0131 \u0130nstitutunun direktoru\u00a0Ayt\u0259n Mustafayeva \u00fc\u00e7 il\u00a0bundan \u0259vv\u0259l ikinci d\u0259f\u0259 ail\u0259 h\u0259yat\u0131 qurub. ARANTV.AZ-\u0131n x\u0259b\u0259rin\u0259 g\u00f6r\u0259, bu bar\u0259d\u0259 A.Mustafayeva Modern.az sayt\u0131na m\u00fcsahib\u0259sind\u0259 bildirib. \u201c\u00dc\u00e7\u00a0il olar ki, ikinci d\u0259f\u0259 ail\u0259 h\u0259yat\u0131 qurmu\u015fam. 40 ya\u015f\u0131m olanda \u00a0h\u0259yat yolda\u015f\u0131m\u0131 itirdim\u201d, &#8211; dey\u0259 deputat bildirib. \u201cR\u00f6v\u015f\u0259ni (birinci h\u0259yat yolda\u015f\u0131 \u2013 red.) itir\u0259nd\u0259 t\u0259kc\u0259 h\u0259yat yolda\u015f\u0131m\u0131 yox, h\u0259mfikrimi, h\u0259md\u0259rdimi itirdim. Bu, \u00e7ox \u00e7\u0259tin m\u0259s\u0259l\u0259dir. \u00d6z\u00fc pis x\u0259st\u0259 oldu\u011funu hiss edirdi. Deyirdi ki, m\u0259n \u00f6l\u0259nd\u0259n sonra s\u0259n t\u0259kc\u0259 t\u0259nha qalmayacaqsan, h\u0259m d\u0259 bo\u015fluq hiss ed\u0259c\u0259ks\u0259n\u201d, &#8211;&hellip;<\/p>\n","protected":false},"author":2,"featured_media":82667,"comment_status":"closed","ping_status":"closed","sticky":false,"template":"","format":"standard","meta":{"om_disable_all_campaigns":false,"_monsterinsights_skip_tracking":false,"_monsterinsights_sitenote_active":false,"_monsterinsights_sitenote_note":"","_monsterinsights_sitenote_category":0},"categories":[1],"tags":[],"aioseo_notices":[],"gutentor_comment":0,"rttpg_featured_image_url":{"full":["https:\/\/arantv.az\/wp-content\/uploads\/2019\/10\/1e00746c156714889573209752210741680.jpg",620,343,false],"landscape":["https:\/\/arantv.az\/wp-content\/uploads\/2019\/10\/1e00746c156714889573209752210741680.jpg",620,343,false],"portraits":["https:\/\/arantv.az\/wp-content\/uploads\/2019\/10\/1e00746c156714889573209752210741680.jpg",620,343,false],"thumbnail":["https:\/\/arantv.az\/wp-content\/uploads\/2019\/10\/1e00746c156714889573209752210741680-150x150.jpg",150,150,true],"medium":["https:\/\/arantv.az\/wp-content\/uploads\/2019\/10\/1e00746c156714889573209752210741680-300x166.jpg",300,166,true],"large":["https:\/\/arantv.az\/wp-content\/uploads\/2019\/10\/1e00746c156714889573209752210741680.jpg",620,343,false],"1536x1536":["https:\/\/arantv.az\/wp-content\/uploads\/2019\/10\/1e00746c156714889573209752210741680.jpg",620,343,false],"2048x2048":["https:\/\/arantv.az\/wp-content\/uploads\/2019\/10\/1e00746c156714889573209752210741680.jpg",620,343,false],"post-thumbnail":["https:\/\/arantv.az\/wp-content\/uploads\/2019\/10\/1e00746c156714889573209752210741680-240x172.jpg",240,172,true],"advps-thumb-one":["https:\/\/arantv.az\/wp-content\/uploads\/2019\/10\/1e00746c156714889573209752210741680.jpg",620,343,false]},"rttpg_author":{"display_name":"V\u00fcsal Rafiqo\u011flu","author_link":"https:\/\/arantv.az\/?author=2"},"rttpg_comment":0,"rttpg_category":"<a href=\"https:\/\/arantv.az\/?cat=1\" rel=\"category\">C\u0259miyy\u0259t<\/a>","rttpg_excerpt":"Milli M\u0259clisin deputat\u0131, Az\u0259rbaycan Milli Elml\u0259r Akademiyas\u0131n\u0131n (AMEA) H\u00fcquq v\u0259 \u0130nsan Haqlar\u0131 \u0130nstitutunun direktoru\u00a0Ayt\u0259n Mustafayeva \u00fc\u00e7 il\u00a0bundan \u0259vv\u0259l ikinci d\u0259f\u0259 ail\u0259 h\u0259yat\u0131 qurub. ARANTV.AZ-\u0131n x\u0259b\u0259rin\u0259 g\u00f6r\u0259, bu bar\u0259d\u0259 A.Mustafayeva Modern.az sayt\u0131na m\u00fcsahib\u0259sind\u0259 bildirib. \u201c\u00dc\u00e7\u00a0il olar ki, ikinci d\u0259f\u0259 ail\u0259 h\u0259yat\u0131 qurmu\u015fam. 40 ya\u015f\u0131m olanda \u00a0h\u0259yat yolda\u015f\u0131m\u0131 itirdim\u201d, &#8211; dey\u0259 deputat bildirib. \u201cR\u00f6v\u015f\u0259ni (birinci h\u0259yat yolda\u015f\u0131&hellip;","_links":{"self":[{"href":"https:\/\/arantv.az\/index.php?rest_route=\/wp\/v2\/posts\/82666"}],"collection":[{"href":"https:\/\/arantv.az\/index.php?rest_route=\/wp\/v2\/posts"}],"about":[{"href":"https:\/\/arantv.az\/index.php?rest_route=\/wp\/v2\/types\/post"}],"author":[{"embeddable":true,"href":"https:\/\/arantv.az\/index.php?rest_route=\/wp\/v2\/users\/2"}],"replies":[{"embeddable":true,"href":"https:\/\/arantv.az\/index.php?rest_route=%2Fwp%2Fv2%2Fcomments&post=82666"}],"version-history":[{"count":0,"href":"https:\/\/arantv.az\/index.php?rest_route=\/wp\/v2\/posts\/82666\/revisions"}],"wp:featuredmedia":[{"embeddable":true,"href":"https:\/\/arantv.az\/index.php?rest_route=\/wp\/v2\/media\/82667"}],"wp:attachment":[{"href":"https:\/\/arantv.az\/index.php?rest_route=%2Fwp%2Fv2%2Fmedia&parent=82666"}],"wp:term":[{"taxonomy":"category","embeddable":true,"href":"https:\/\/arantv.az\/index.php?rest_route=%2Fwp%2Fv2%2Fcategories&post=82666"},{"taxonomy":"post_tag","embeddable":true,"href":"https:\/\/arantv.az\/index.php?rest_route=%2Fwp%2Fv2%2Ftags&post=82666"}],"curies":[{"name":"wp","href":"https:\/\/api.w.org\/{rel}","templated":true}]}}