{"id":82682,"date":"2019-10-01T11:17:04","date_gmt":"2019-10-01T08:17:04","guid":{"rendered":"http:\/\/arantv.az\/?p=82682"},"modified":"2019-10-01T11:17:04","modified_gmt":"2019-10-01T08:17:04","slug":"gurcustanda-mavi-balina-oynayan-g%c9%99nc-v%c9%99-anasi-intihar-edib","status":"publish","type":"post","link":"https:\/\/arantv.az\/?p=82682","title":{"rendered":"G\u00fcrc\u00fcstanda &#8220;Mavi balina&#8221; oynayan g\u0259nc v\u0259 anas\u0131 intihar edib"},"content":{"rendered":"<p><strong>G\u00fcrc\u00fcstan\u0131n \u0130mereti rayonunun Tskaltubo q\u0259s\u0259b\u0259sind\u0259 18 ya\u015fl\u0131 o\u011flan \u00f6z\u00fcn\u00fc 9 m\u0259rt\u0259b\u0259d\u0259n ataraq intihar edib.<\/strong><\/p>\n<p><strong>ARANTV.AZ<\/strong> APA-ya istinad\u0259n x\u0259b\u0259r verir ki, qohumlar\u0131 g\u0259ncin &#8220;Mavi balina&#8221; oynad\u0131\u011f\u0131n\u0131 bildiribl\u0259r.<\/p>\n<p>O\u011flunun \u00f6l\u00fcm\u00fcnd\u0259n sonra anas\u0131 da intihar edib.<\/p>\n<p>O\u011flan\u0131n t\u0259hsil ald\u0131\u011f\u0131 ictimai m\u0259kt\u0259bin direktoru bildirib ki, ail\u0259 \u00fczvl\u0259rinin \u00f6l\u00fcm\u00fcnd\u0259n sonra evd\u0259 \u015f\u00fcbh\u0259li qeydl\u0259ri olan bir v\u0259r\u0259q tap\u0131l\u0131b.<\/p>\n<div>\n<div id=\"AdviadNativeVideo0\" class=\"AdviadNativeVideo\"><\/div>\n<\/div>\n<p>Faktla ba\u011fl\u0131 G\u00fcrc\u00fcstan cinay\u0259t m\u0259c\u0259ll\u0259sinin intihar h\u0259ddin\u0259 \u00e7atd\u0131rma madd\u0259si il\u0259 cinay\u0259t i\u015fi a\u00e7\u0131l\u0131b v\u0259 ara\u015fd\u0131rmalar apar\u0131l\u0131r.<\/p>\n","protected":false},"excerpt":{"rendered":"<p>G\u00fcrc\u00fcstan\u0131n \u0130mereti rayonunun Tskaltubo q\u0259s\u0259b\u0259sind\u0259 18 ya\u015fl\u0131 o\u011flan \u00f6z\u00fcn\u00fc 9 m\u0259rt\u0259b\u0259d\u0259n ataraq intihar edib. ARANTV.AZ APA-ya istinad\u0259n x\u0259b\u0259r verir ki, qohumlar\u0131 g\u0259ncin &#8220;Mavi balina&#8221; oynad\u0131\u011f\u0131n\u0131 bildiribl\u0259r. O\u011flunun \u00f6l\u00fcm\u00fcnd\u0259n sonra anas\u0131 da intihar edib. O\u011flan\u0131n t\u0259hsil ald\u0131\u011f\u0131 ictimai m\u0259kt\u0259bin direktoru bildirib ki, ail\u0259 \u00fczvl\u0259rinin \u00f6l\u00fcm\u00fcnd\u0259n sonra evd\u0259 \u015f\u00fcbh\u0259li qeydl\u0259ri olan bir v\u0259r\u0259q tap\u0131l\u0131b. Faktla ba\u011fl\u0131 G\u00fcrc\u00fcstan cinay\u0259t m\u0259c\u0259ll\u0259sinin intihar h\u0259ddin\u0259 \u00e7atd\u0131rma madd\u0259si il\u0259 cinay\u0259t i\u015fi a\u00e7\u0131l\u0131b v\u0259 ara\u015fd\u0131rmalar apar\u0131l\u0131r.<\/p>\n","protected":false},"author":2,"featured_media":82683,"comment_status":"closed","ping_status":"closed","sticky":false,"template":"","format":"standard","meta":{"om_disable_all_campaigns":false,"_monsterinsights_skip_tracking":false,"_monsterinsights_sitenote_active":false,"_monsterinsights_sitenote_note":"","_monsterinsights_sitenote_category":0},"categories":[7],"tags":[],"aioseo_notices":[],"gutentor_comment":0,"rttpg_featured_image_url":{"full":["https:\/\/arantv.az\/wp-content\/uploads\/2019\/10\/intihar_0254.jpg",800,600,false],"landscape":["https:\/\/arantv.az\/wp-content\/uploads\/2019\/10\/intihar_0254.jpg",800,600,false],"portraits":["https:\/\/arantv.az\/wp-content\/uploads\/2019\/10\/intihar_0254.jpg",800,600,false],"thumbnail":["https:\/\/arantv.az\/wp-content\/uploads\/2019\/10\/intihar_0254-150x150.jpg",150,150,true],"medium":["https:\/\/arantv.az\/wp-content\/uploads\/2019\/10\/intihar_0254-300x225.jpg",300,225,true],"large":["https:\/\/arantv.az\/wp-content\/uploads\/2019\/10\/intihar_0254.jpg",640,480,false],"1536x1536":["https:\/\/arantv.az\/wp-content\/uploads\/2019\/10\/intihar_0254.jpg",800,600,false],"2048x2048":["https:\/\/arantv.az\/wp-content\/uploads\/2019\/10\/intihar_0254.jpg",800,600,false],"post-thumbnail":["https:\/\/arantv.az\/wp-content\/uploads\/2019\/10\/intihar_0254-240x172.jpg",240,172,true],"advps-thumb-one":["https:\/\/arantv.az\/wp-content\/uploads\/2019\/10\/intihar_0254.jpg",800,600,false]},"rttpg_author":{"display_name":"V\u00fcsal Rafiqo\u011flu","author_link":"https:\/\/arantv.az\/?author=2"},"rttpg_comment":0,"rttpg_category":"<a href=\"https:\/\/arantv.az\/?cat=7\" rel=\"category\">D\u00fcnya<\/a>","rttpg_excerpt":"G\u00fcrc\u00fcstan\u0131n \u0130mereti rayonunun Tskaltubo q\u0259s\u0259b\u0259sind\u0259 18 ya\u015fl\u0131 o\u011flan \u00f6z\u00fcn\u00fc 9 m\u0259rt\u0259b\u0259d\u0259n ataraq intihar edib. ARANTV.AZ APA-ya istinad\u0259n x\u0259b\u0259r verir ki, qohumlar\u0131 g\u0259ncin &#8220;Mavi balina&#8221; oynad\u0131\u011f\u0131n\u0131 bildiribl\u0259r. O\u011flunun \u00f6l\u00fcm\u00fcnd\u0259n sonra anas\u0131 da intihar edib. O\u011flan\u0131n t\u0259hsil ald\u0131\u011f\u0131 ictimai m\u0259kt\u0259bin direktoru bildirib ki, ail\u0259 \u00fczvl\u0259rinin \u00f6l\u00fcm\u00fcnd\u0259n sonra evd\u0259 \u015f\u00fcbh\u0259li qeydl\u0259ri olan bir v\u0259r\u0259q tap\u0131l\u0131b. Faktla ba\u011fl\u0131 G\u00fcrc\u00fcstan&hellip;","_links":{"self":[{"href":"https:\/\/arantv.az\/index.php?rest_route=\/wp\/v2\/posts\/82682"}],"collection":[{"href":"https:\/\/arantv.az\/index.php?rest_route=\/wp\/v2\/posts"}],"about":[{"href":"https:\/\/arantv.az\/index.php?rest_route=\/wp\/v2\/types\/post"}],"author":[{"embeddable":true,"href":"https:\/\/arantv.az\/index.php?rest_route=\/wp\/v2\/users\/2"}],"replies":[{"embeddable":true,"href":"https:\/\/arantv.az\/index.php?rest_route=%2Fwp%2Fv2%2Fcomments&post=82682"}],"version-history":[{"count":0,"href":"https:\/\/arantv.az\/index.php?rest_route=\/wp\/v2\/posts\/82682\/revisions"}],"wp:featuredmedia":[{"embeddable":true,"href":"https:\/\/arantv.az\/index.php?rest_route=\/wp\/v2\/media\/82683"}],"wp:attachment":[{"href":"https:\/\/arantv.az\/index.php?rest_route=%2Fwp%2Fv2%2Fmedia&parent=82682"}],"wp:term":[{"taxonomy":"category","embeddable":true,"href":"https:\/\/arantv.az\/index.php?rest_route=%2Fwp%2Fv2%2Fcategories&post=82682"},{"taxonomy":"post_tag","embeddable":true,"href":"https:\/\/arantv.az\/index.php?rest_route=%2Fwp%2Fv2%2Ftags&post=82682"}],"curies":[{"name":"wp","href":"https:\/\/api.w.org\/{rel}","templated":true}]}}