{"id":82686,"date":"2019-10-01T11:18:09","date_gmt":"2019-10-01T08:18:09","guid":{"rendered":"http:\/\/arantv.az\/?p=82686"},"modified":"2019-10-01T11:18:09","modified_gmt":"2019-10-01T08:18:09","slug":"milli-parklarin-inkisafi-uzr%c9%99-milli-proqram-hazirlanacaq","status":"publish","type":"post","link":"https:\/\/arantv.az\/?p=82686","title":{"rendered":"Milli parklar\u0131n inki\u015faf\u0131 \u00fczr\u0259 milli proqram haz\u0131rlanacaq"},"content":{"rendered":"<blockquote><p><em><strong>Ekologiya v\u0259 T\u0259bii S\u0259rv\u0259tl\u0259r Nazirliyi \u00f6lk\u0259d\u0259 ekoturizmin inki\u015faf\u0131 \u00fc\u00e7\u00fcn milli parklarla ba\u011fl\u0131 milli proqram haz\u0131rlayacaq.<\/strong><\/em><\/p><\/blockquote>\n<p><strong>ARANTV.AZ<\/strong>\u00a0\u00a0<a href=\"https:\/\/az.trend.az\/\" target=\"_blank\" rel=\"noopener\">Trend<\/a>-\u0259 istinad\u0259n \u0259b\u0259r verir ki, bunu Ekologiya v\u0259 T\u0259bii S\u0259rv\u0259tl\u0259r Nazirliyinin Bioloji M\u00fcxt\u0259lifliyin Qorunmas\u0131 Departamentinin direktoru Hikm\u0259t \u018flizad\u0259 &#8220;Az\u0259rbaycan\u0131n milli parklar\u0131nda ekoturizm f\u0259aliyy\u0259ti&#8221; m\u00f6vzusunda ke\u00e7iril\u0259n d\u0259yirmi masada deyib.<\/p>\n<p>Onun s\u00f6zl\u0259rin\u0259 g\u00f6r\u0259, Az\u0259rbaycan\u0131n milli parklar\u0131n\u0131n bioloji bax\u0131mdan potensial\u0131 \u00e7ox olsa da, buraya s\u0259f\u0259r ed\u0259n turistl\u0259rin say\u0131 o q\u0259d\u0259r d\u0259 q\u0259na\u0259tb\u0259x\u015f deyil: &#8220;Buna g\u00f6r\u0259 d\u0259 \u00f6lk\u0259d\u0259ki milli parklar\u0131n inki\u015faf\u0131 \u00fczr\u0259 milli proqram haz\u0131rlanacaq. Milli parklara s\u0259f\u0259r ed\u0259nl\u0259rin say\u0131n\u0131 art\u0131rmaq yollar\u0131n\u0131 fikirl\u0259\u015fm\u0259k, bu sah\u0259d\u0259ki bo\u015fluqlar\u0131 m\u00fc\u0259yy\u0259n etm\u0259k laz\u0131md\u0131r. N\u0259z\u0259r\u0259 alaq ki, 5-10 il \u0259vv\u0259l b\u00fct\u00fcn milli parklara il \u0259rzind\u0259 s\u0259f\u0259r ed\u0259nl\u0259rin say\u0131 t\u0259xmin\u0259n 3000 n\u0259f\u0259r n\u0259f\u0259r olub. Bu ilin ilk 8 ay\u0131nda is\u0259 milli parklara 74 217 turist s\u0259f\u0259r edib&#8221;.<\/p>\n<p>H.\u018flizad\u0259 qeyd edib ki, bu il milli parklara s\u0259f\u0259r ed\u0259nl\u0259rin 7286-s\u0131 \u0259cn\u0259bi, 66 931-i yerli v\u0259t\u0259nda\u015flar olub.<\/p>\n<div>\n<div id=\"AdviadNativeVideo0\" class=\"AdviadNativeVideo\"><\/div>\n<\/div>\n<p>Nazirlik r\u0259smisi hesab edir ki, ekoturizmi inki\u015faf etdirm\u0259kl\u0259 h\u0259m \u00f6lk\u0259mizi daha \u00e7ox tan\u0131da, h\u0259m d\u0259 \u00f6lk\u0259nin g\u0259lirl\u0259rini art\u0131ra bil\u0259rik.<\/p>\n","protected":false},"excerpt":{"rendered":"<p>Ekologiya v\u0259 T\u0259bii S\u0259rv\u0259tl\u0259r Nazirliyi \u00f6lk\u0259d\u0259 ekoturizmin inki\u015faf\u0131 \u00fc\u00e7\u00fcn milli parklarla ba\u011fl\u0131 milli proqram haz\u0131rlayacaq. ARANTV.AZ\u00a0\u00a0Trend-\u0259 istinad\u0259n \u0259b\u0259r verir ki, bunu Ekologiya v\u0259 T\u0259bii S\u0259rv\u0259tl\u0259r Nazirliyinin Bioloji M\u00fcxt\u0259lifliyin Qorunmas\u0131 Departamentinin direktoru Hikm\u0259t \u018flizad\u0259 &#8220;Az\u0259rbaycan\u0131n milli parklar\u0131nda ekoturizm f\u0259aliyy\u0259ti&#8221; m\u00f6vzusunda ke\u00e7iril\u0259n d\u0259yirmi masada deyib. Onun s\u00f6zl\u0259rin\u0259 g\u00f6r\u0259, Az\u0259rbaycan\u0131n milli parklar\u0131n\u0131n bioloji bax\u0131mdan potensial\u0131 \u00e7ox olsa da, buraya s\u0259f\u0259r ed\u0259n turistl\u0259rin say\u0131 o q\u0259d\u0259r d\u0259 q\u0259na\u0259tb\u0259x\u015f deyil: &#8220;Buna g\u00f6r\u0259 d\u0259 \u00f6lk\u0259d\u0259ki milli parklar\u0131n inki\u015faf\u0131 \u00fczr\u0259 milli proqram haz\u0131rlanacaq. Milli parklara s\u0259f\u0259r ed\u0259nl\u0259rin say\u0131n\u0131 art\u0131rmaq yollar\u0131n\u0131 fikirl\u0259\u015fm\u0259k, bu sah\u0259d\u0259ki bo\u015fluqlar\u0131 m\u00fc\u0259yy\u0259n etm\u0259k laz\u0131md\u0131r.&hellip;<\/p>\n","protected":false},"author":2,"featured_media":82687,"comment_status":"closed","ping_status":"closed","sticky":false,"template":"","format":"standard","meta":{"om_disable_all_campaigns":false,"_monsterinsights_skip_tracking":false,"_monsterinsights_sitenote_active":false,"_monsterinsights_sitenote_note":"","_monsterinsights_sitenote_category":0},"categories":[1],"tags":[],"aioseo_notices":[],"gutentor_comment":0,"rttpg_featured_image_url":{"full":["https:\/\/arantv.az\/wp-content\/uploads\/2019\/10\/790564.jpg",800,600,false],"landscape":["https:\/\/arantv.az\/wp-content\/uploads\/2019\/10\/790564.jpg",800,600,false],"portraits":["https:\/\/arantv.az\/wp-content\/uploads\/2019\/10\/790564.jpg",800,600,false],"thumbnail":["https:\/\/arantv.az\/wp-content\/uploads\/2019\/10\/790564-150x150.jpg",150,150,true],"medium":["https:\/\/arantv.az\/wp-content\/uploads\/2019\/10\/790564-300x225.jpg",300,225,true],"large":["https:\/\/arantv.az\/wp-content\/uploads\/2019\/10\/790564.jpg",640,480,false],"1536x1536":["https:\/\/arantv.az\/wp-content\/uploads\/2019\/10\/790564.jpg",800,600,false],"2048x2048":["https:\/\/arantv.az\/wp-content\/uploads\/2019\/10\/790564.jpg",800,600,false],"post-thumbnail":["https:\/\/arantv.az\/wp-content\/uploads\/2019\/10\/790564-240x172.jpg",240,172,true],"advps-thumb-one":["https:\/\/arantv.az\/wp-content\/uploads\/2019\/10\/790564.jpg",800,600,false]},"rttpg_author":{"display_name":"V\u00fcsal Rafiqo\u011flu","author_link":"https:\/\/arantv.az\/?author=2"},"rttpg_comment":0,"rttpg_category":"<a href=\"https:\/\/arantv.az\/?cat=1\" rel=\"category\">C\u0259miyy\u0259t<\/a>","rttpg_excerpt":"Ekologiya v\u0259 T\u0259bii S\u0259rv\u0259tl\u0259r Nazirliyi \u00f6lk\u0259d\u0259 ekoturizmin inki\u015faf\u0131 \u00fc\u00e7\u00fcn milli parklarla ba\u011fl\u0131 milli proqram haz\u0131rlayacaq. ARANTV.AZ\u00a0\u00a0Trend-\u0259 istinad\u0259n \u0259b\u0259r verir ki, bunu Ekologiya v\u0259 T\u0259bii S\u0259rv\u0259tl\u0259r Nazirliyinin Bioloji M\u00fcxt\u0259lifliyin Qorunmas\u0131 Departamentinin direktoru Hikm\u0259t \u018flizad\u0259 &#8220;Az\u0259rbaycan\u0131n milli parklar\u0131nda ekoturizm f\u0259aliyy\u0259ti&#8221; m\u00f6vzusunda ke\u00e7iril\u0259n d\u0259yirmi masada deyib. Onun s\u00f6zl\u0259rin\u0259 g\u00f6r\u0259, Az\u0259rbaycan\u0131n milli parklar\u0131n\u0131n bioloji bax\u0131mdan potensial\u0131 \u00e7ox olsa da,&hellip;","_links":{"self":[{"href":"https:\/\/arantv.az\/index.php?rest_route=\/wp\/v2\/posts\/82686"}],"collection":[{"href":"https:\/\/arantv.az\/index.php?rest_route=\/wp\/v2\/posts"}],"about":[{"href":"https:\/\/arantv.az\/index.php?rest_route=\/wp\/v2\/types\/post"}],"author":[{"embeddable":true,"href":"https:\/\/arantv.az\/index.php?rest_route=\/wp\/v2\/users\/2"}],"replies":[{"embeddable":true,"href":"https:\/\/arantv.az\/index.php?rest_route=%2Fwp%2Fv2%2Fcomments&post=82686"}],"version-history":[{"count":0,"href":"https:\/\/arantv.az\/index.php?rest_route=\/wp\/v2\/posts\/82686\/revisions"}],"wp:featuredmedia":[{"embeddable":true,"href":"https:\/\/arantv.az\/index.php?rest_route=\/wp\/v2\/media\/82687"}],"wp:attachment":[{"href":"https:\/\/arantv.az\/index.php?rest_route=%2Fwp%2Fv2%2Fmedia&parent=82686"}],"wp:term":[{"taxonomy":"category","embeddable":true,"href":"https:\/\/arantv.az\/index.php?rest_route=%2Fwp%2Fv2%2Fcategories&post=82686"},{"taxonomy":"post_tag","embeddable":true,"href":"https:\/\/arantv.az\/index.php?rest_route=%2Fwp%2Fv2%2Ftags&post=82686"}],"curies":[{"name":"wp","href":"https:\/\/api.w.org\/{rel}","templated":true}]}}