{"id":82699,"date":"2019-10-01T11:35:44","date_gmt":"2019-10-01T08:35:44","guid":{"rendered":"http:\/\/arantv.az\/?p=82699"},"modified":"2019-10-01T11:35:44","modified_gmt":"2019-10-01T08:35:44","slug":"yaxtani-%c9%99xlaqsizliq-yuvasina-cevir%c9%99n-qadin-tutuldu-cilpaq-kisil%c9%99rin-boynuna-xalta-kecirib-hurdururmus-o","status":"publish","type":"post","link":"https:\/\/arantv.az\/?p=82699","title":{"rendered":"Yaxtan\u0131 \u0259xlaqs\u0131zl\u0131q yuvas\u0131na \u00e7evir\u0259n qad\u0131n tutuldu &#8211; \u00c7\u0131lpaq ki\u015fil\u0259rin boynuna xalta ke\u00e7irib, h\u00fcrd\u00fcr\u00fcrm\u00fc\u015f O"},"content":{"rendered":"<p>T\u00fcrkiy\u0259d\u0259 polis fahi\u015f\u0259likl\u0259 m\u0259\u015f\u011ful olan qad\u0131nlara qar\u015f\u0131 \u0259m\u0259liyyat ke\u00e7irib.<\/p>\n<p><b>ARANTV.AZ<\/b>\u00a0milli.az-a istinadla x\u0259b\u0259r verir ki, Mu\u011fla vilay\u0259tinin Marmaris mahal\u0131 yax\u0131nl\u0131\u011f\u0131ndak\u0131 l\u00fcks yaxtaya edil\u0259n basq\u0131n n\u0259tic\u0259sind\u0259 4 n\u0259f\u0259r saxlan\u0131l\u0131b.<\/p>\n<div id=\"AdviadNativeVideo0\" class=\"AdviadNativeVideo\"><\/div>\n<p>Saxlan\u0131lan \u015f\u0259xsl\u0259rd\u0259n biri Hilal K. adl\u0131 qad\u0131n\u0131r. O, \u0259xlaqs\u0131zl\u0131qla m\u0259\u015f\u011ful olan qad\u0131nlardan ibar\u0259t d\u0259st\u0259y\u0259 liderlik edirmi\u015f. Tur t\u0259\u015fkil ed\u0259n qad\u0131n, \u0259slind\u0259, yaxtan\u0131 \u0259xlaqs\u0131zl\u0131q yuvas\u0131na \u00e7eviribmi\u015f.<\/p>\n<p>Hilal K. saxlan\u0131ld\u0131qdan sonra polisl\u0259r onun telefonunu yoxlayark\u0259n smartfonunda t\u0259\u0259cc\u00fcb do\u011furan videolar tap\u0131blar. Bel\u0259 ki, Hilal\u0131n telefonundak\u0131 videoda onun m\u00fc\u015ft\u0259ril\u0259rind\u0259n birinin boynuna xalta ke\u00e7ir\u0259r\u0259k, it kimi g\u0259zdirib, h\u00fcrd\u00fcrm\u0259si \u0259ks olunub.<\/p>\n<p>O, h\u0259m\u00e7inin bu tipli g\u00f6r\u00fcnt\u00fcl\u0259ri sosial \u015f\u0259b\u0259k\u0259 hesab\u0131nda da payla\u015f\u0131b.<\/p>\n<p>Hilal K. s\u0259rb\u0259st burax\u0131lsa da, o, 3 ay m\u00fcdd\u0259tin\u0259 izl\u0259nil\u0259c\u0259k.<\/p>\n","protected":false},"excerpt":{"rendered":"<p>T\u00fcrkiy\u0259d\u0259 polis fahi\u015f\u0259likl\u0259 m\u0259\u015f\u011ful olan qad\u0131nlara qar\u015f\u0131 \u0259m\u0259liyyat ke\u00e7irib. ARANTV.AZ\u00a0milli.az-a istinadla x\u0259b\u0259r verir ki, Mu\u011fla vilay\u0259tinin Marmaris mahal\u0131 yax\u0131nl\u0131\u011f\u0131ndak\u0131 l\u00fcks yaxtaya edil\u0259n basq\u0131n n\u0259tic\u0259sind\u0259 4 n\u0259f\u0259r saxlan\u0131l\u0131b. Saxlan\u0131lan \u015f\u0259xsl\u0259rd\u0259n biri Hilal K. adl\u0131 qad\u0131n\u0131r. O, \u0259xlaqs\u0131zl\u0131qla m\u0259\u015f\u011ful olan qad\u0131nlardan ibar\u0259t d\u0259st\u0259y\u0259 liderlik edirmi\u015f. Tur t\u0259\u015fkil ed\u0259n qad\u0131n, \u0259slind\u0259, yaxtan\u0131 \u0259xlaqs\u0131zl\u0131q yuvas\u0131na \u00e7eviribmi\u015f. Hilal K. saxlan\u0131ld\u0131qdan sonra polisl\u0259r onun telefonunu yoxlayark\u0259n smartfonunda t\u0259\u0259cc\u00fcb do\u011furan videolar tap\u0131blar. Bel\u0259 ki, Hilal\u0131n telefonundak\u0131 videoda onun m\u00fc\u015ft\u0259ril\u0259rind\u0259n birinin boynuna xalta ke\u00e7ir\u0259r\u0259k, it kimi g\u0259zdirib, h\u00fcrd\u00fcrm\u0259si \u0259ks olunub. O, h\u0259m\u00e7inin bu tipli g\u00f6r\u00fcnt\u00fcl\u0259ri sosial \u015f\u0259b\u0259k\u0259 hesab\u0131nda&hellip;<\/p>\n","protected":false},"author":2,"featured_media":82700,"comment_status":"closed","ping_status":"closed","sticky":false,"template":"","format":"standard","meta":{"om_disable_all_campaigns":false,"_monsterinsights_skip_tracking":false,"_monsterinsights_sitenote_active":false,"_monsterinsights_sitenote_note":"","_monsterinsights_sitenote_category":0},"categories":[7],"tags":[],"aioseo_notices":[],"gutentor_comment":0,"rttpg_featured_image_url":{"full":["https:\/\/arantv.az\/wp-content\/uploads\/2019\/10\/790551.jpg",549,412,false],"landscape":["https:\/\/arantv.az\/wp-content\/uploads\/2019\/10\/790551.jpg",549,412,false],"portraits":["https:\/\/arantv.az\/wp-content\/uploads\/2019\/10\/790551.jpg",549,412,false],"thumbnail":["https:\/\/arantv.az\/wp-content\/uploads\/2019\/10\/790551-150x150.jpg",150,150,true],"medium":["https:\/\/arantv.az\/wp-content\/uploads\/2019\/10\/790551-300x225.jpg",300,225,true],"large":["https:\/\/arantv.az\/wp-content\/uploads\/2019\/10\/790551.jpg",549,412,false],"1536x1536":["https:\/\/arantv.az\/wp-content\/uploads\/2019\/10\/790551.jpg",549,412,false],"2048x2048":["https:\/\/arantv.az\/wp-content\/uploads\/2019\/10\/790551.jpg",549,412,false],"post-thumbnail":["https:\/\/arantv.az\/wp-content\/uploads\/2019\/10\/790551-240x172.jpg",240,172,true],"advps-thumb-one":["https:\/\/arantv.az\/wp-content\/uploads\/2019\/10\/790551.jpg",549,412,false]},"rttpg_author":{"display_name":"V\u00fcsal Rafiqo\u011flu","author_link":"https:\/\/arantv.az\/?author=2"},"rttpg_comment":0,"rttpg_category":"<a href=\"https:\/\/arantv.az\/?cat=7\" rel=\"category\">D\u00fcnya<\/a>","rttpg_excerpt":"T\u00fcrkiy\u0259d\u0259 polis fahi\u015f\u0259likl\u0259 m\u0259\u015f\u011ful olan qad\u0131nlara qar\u015f\u0131 \u0259m\u0259liyyat ke\u00e7irib. ARANTV.AZ\u00a0milli.az-a istinadla x\u0259b\u0259r verir ki, Mu\u011fla vilay\u0259tinin Marmaris mahal\u0131 yax\u0131nl\u0131\u011f\u0131ndak\u0131 l\u00fcks yaxtaya edil\u0259n basq\u0131n n\u0259tic\u0259sind\u0259 4 n\u0259f\u0259r saxlan\u0131l\u0131b. Saxlan\u0131lan \u015f\u0259xsl\u0259rd\u0259n biri Hilal K. adl\u0131 qad\u0131n\u0131r. O, \u0259xlaqs\u0131zl\u0131qla m\u0259\u015f\u011ful olan qad\u0131nlardan ibar\u0259t d\u0259st\u0259y\u0259 liderlik edirmi\u015f. Tur t\u0259\u015fkil ed\u0259n qad\u0131n, \u0259slind\u0259, yaxtan\u0131 \u0259xlaqs\u0131zl\u0131q yuvas\u0131na \u00e7eviribmi\u015f. Hilal K. saxlan\u0131ld\u0131qdan&hellip;","_links":{"self":[{"href":"https:\/\/arantv.az\/index.php?rest_route=\/wp\/v2\/posts\/82699"}],"collection":[{"href":"https:\/\/arantv.az\/index.php?rest_route=\/wp\/v2\/posts"}],"about":[{"href":"https:\/\/arantv.az\/index.php?rest_route=\/wp\/v2\/types\/post"}],"author":[{"embeddable":true,"href":"https:\/\/arantv.az\/index.php?rest_route=\/wp\/v2\/users\/2"}],"replies":[{"embeddable":true,"href":"https:\/\/arantv.az\/index.php?rest_route=%2Fwp%2Fv2%2Fcomments&post=82699"}],"version-history":[{"count":0,"href":"https:\/\/arantv.az\/index.php?rest_route=\/wp\/v2\/posts\/82699\/revisions"}],"wp:featuredmedia":[{"embeddable":true,"href":"https:\/\/arantv.az\/index.php?rest_route=\/wp\/v2\/media\/82700"}],"wp:attachment":[{"href":"https:\/\/arantv.az\/index.php?rest_route=%2Fwp%2Fv2%2Fmedia&parent=82699"}],"wp:term":[{"taxonomy":"category","embeddable":true,"href":"https:\/\/arantv.az\/index.php?rest_route=%2Fwp%2Fv2%2Fcategories&post=82699"},{"taxonomy":"post_tag","embeddable":true,"href":"https:\/\/arantv.az\/index.php?rest_route=%2Fwp%2Fv2%2Ftags&post=82699"}],"curies":[{"name":"wp","href":"https:\/\/api.w.org\/{rel}","templated":true}]}}