{"id":82719,"date":"2019-10-01T14:11:50","date_gmt":"2019-10-01T11:11:50","guid":{"rendered":"http:\/\/arantv.az\/?p=82719"},"modified":"2019-10-01T14:11:50","modified_gmt":"2019-10-01T11:11:50","slug":"az%c9%99rbaycana-f%c9%99sill%c9%99rin-daxil-olma-vaxti-bilindi","status":"publish","type":"post","link":"https:\/\/arantv.az\/?p=82719","title":{"rendered":"Az\u0259rbaycana f\u0259sill\u0259rin daxil olma vaxt\u0131 bilindi"},"content":{"rendered":"<p>Az\u0259rbaycan Milli Elml\u0259r Akademiyas\u0131 (AMEA) N\u0259sir\u0259ddin Tusi ad\u0131na \u015eamax\u0131 Astrofizika R\u0259s\u0259dxanas\u0131 2020-ci ild\u0259 f\u0259sill\u0259rin \u00f6lk\u0259miz\u0259 daxil olma vaxtlar\u0131n\u0131 a\u00e7\u0131qlay\u0131b.<\/p>\n<p>R\u0259s\u0259dxanadan\u00a0<strong>ARANTV.AZ<\/strong>-a veril\u0259n m\u0259lumata g\u00f6r\u0259, 2020-ci ild\u0259 yaz f\u0259sli \u00f6lk\u0259y\u0259 mart\u0131n 20-d\u0259, Bak\u0131 vaxt\u0131 il\u0259 saat 07:49:36-da daxil olacaq.<\/p>\n<p>H\u0259min g\u00fcn G\u00fcn\u0259\u015f \u00f6z orbiti \u00fczr\u0259 h\u0259r\u0259k\u0259t ed\u0259r\u0259k g\u00f6y ekvatorunu k\u0259sir. Y\u0259ni c\u0259nub yar\u0131mk\u00fcr\u0259sind\u0259n \u015fimal yar\u0131mk\u00fcr\u0259sin\u0259 ke\u00e7ir. Bu n\u00f6qt\u0259y\u0259 d\u0259 yaz b\u0259rab\u0259rliyi n\u00f6qt\u0259si deyilir v\u0259 G\u00fcn\u0259\u015f bu n\u00f6qt\u0259d\u0259 olark\u0259n gec\u0259 il\u0259 g\u00fcnd\u00fcz\u00fcn uzunlu\u011fu b\u0259rab\u0259rl\u0259\u015fir. Bununla da \u015eimal yar\u0131mk\u00fcr\u0259sin\u0259 Yaz f\u0259sli daxil olur.<\/p>\n<div id=\"AdviadNativeVideo0\" class=\"AdviadNativeVideo\"><\/div>\n<p>Yay f\u0259sli iyunun 21-d\u0259 saat 01:43:42-d\u0259 \u00f6lk\u0259y\u0259 daxil olacaq. Buna h\u0259m d\u0259 yay G\u00fcn\u0259\u015f duru\u015fu deyilir. Y\u0259ni G\u00fcn\u0259\u015f \u00fcf\u00fcqd\u0259n \u0259n h\u00fcnd\u00fcr n\u00f6qt\u0259d\u0259 olur. G\u00fcn\u0259\u015f \u015f\u00fcalar\u0131n\u0131n istiqam\u0259ti il\u0259 yerin f\u0131rlanma oxu \u0259n ki\u00e7ik bucaq \u0259m\u0259l\u0259 g\u0259tirir. Bel\u0259 olan halda g\u00fcn\u0259\u015f \u015f\u00fcalar\u0131 yer s\u0259thin\u0259, x\u00fcsusil\u0259 d\u0259 \u015fimal yar\u0131mk\u00fcr\u0259sin\u0259 yax\u015f\u0131 d\u00fc\u015f\u0259 bilir.<\/p>\n<p>Pay\u0131z f\u0259sli sentyabr\u0131n 22-d\u0259 saat 17:30:36-da qeyd\u0259 al\u0131nacaq. Bu halda gec\u0259-g\u00fcnd\u00fcz b\u0259rab\u0259rliyi ba\u015f verir. Buna pay\u0131z b\u0259rab\u0259rliyi d\u0259 deyirl\u0259r. Bu halda G\u00fcn\u0259\u015f ekliptika \u00fczr\u0259 h\u0259r\u0259k\u0259t ed\u0259r\u0259k \u015eimal yar\u0131mk\u00fcr\u0259sind\u0259n C\u0259nub yar\u0131mk\u00fcr\u0259sin\u0259 ke\u00e7ir.<\/p>\n<p>Q\u0131\u015f f\u0259sli is\u0259 dekabr\u0131n 21-d\u0259 saat 14:02:18-d\u0259 \u00f6lk\u0259y\u0259 q\u0259d\u0259m qoyacaq. Bu zaman G\u00fcn\u0259\u015f \u00fcf\u00fcqd\u0259n \u0259n minimum n\u00f6qt\u0259d\u0259 olur.<\/p>\n<p>G\u00fcn\u0259\u015f \u015f\u00fcalar\u0131n\u0131n istiqam\u0259ti il\u0259 yerin f\u0131rlanma oxu \u0259n b\u00f6y\u00fck bucaq \u0259m\u0259l\u0259 g\u0259tirir. Ona g\u00f6r\u0259 d\u0259 bu f\u0259sild\u0259 soyuqlar m\u00fc\u015fahid\u0259 olunur.<\/p>\n","protected":false},"excerpt":{"rendered":"<p>Az\u0259rbaycan Milli Elml\u0259r Akademiyas\u0131 (AMEA) N\u0259sir\u0259ddin Tusi ad\u0131na \u015eamax\u0131 Astrofizika R\u0259s\u0259dxanas\u0131 2020-ci ild\u0259 f\u0259sill\u0259rin \u00f6lk\u0259miz\u0259 daxil olma vaxtlar\u0131n\u0131 a\u00e7\u0131qlay\u0131b. R\u0259s\u0259dxanadan\u00a0ARANTV.AZ-a veril\u0259n m\u0259lumata g\u00f6r\u0259, 2020-ci ild\u0259 yaz f\u0259sli \u00f6lk\u0259y\u0259 mart\u0131n 20-d\u0259, Bak\u0131 vaxt\u0131 il\u0259 saat 07:49:36-da daxil olacaq. H\u0259min g\u00fcn G\u00fcn\u0259\u015f \u00f6z orbiti \u00fczr\u0259 h\u0259r\u0259k\u0259t ed\u0259r\u0259k g\u00f6y ekvatorunu k\u0259sir. Y\u0259ni c\u0259nub yar\u0131mk\u00fcr\u0259sind\u0259n \u015fimal yar\u0131mk\u00fcr\u0259sin\u0259 ke\u00e7ir. Bu n\u00f6qt\u0259y\u0259 d\u0259 yaz b\u0259rab\u0259rliyi n\u00f6qt\u0259si deyilir v\u0259 G\u00fcn\u0259\u015f bu n\u00f6qt\u0259d\u0259 olark\u0259n gec\u0259 il\u0259 g\u00fcnd\u00fcz\u00fcn uzunlu\u011fu b\u0259rab\u0259rl\u0259\u015fir. Bununla da \u015eimal yar\u0131mk\u00fcr\u0259sin\u0259 Yaz f\u0259sli daxil olur. Yay f\u0259sli iyunun 21-d\u0259 saat 01:43:42-d\u0259 \u00f6lk\u0259y\u0259 daxil olacaq. Buna h\u0259m&hellip;<\/p>\n","protected":false},"author":2,"featured_media":82720,"comment_status":"closed","ping_status":"closed","sticky":false,"template":"","format":"standard","meta":{"om_disable_all_campaigns":false,"_monsterinsights_skip_tracking":false,"_monsterinsights_sitenote_active":false,"_monsterinsights_sitenote_note":"","_monsterinsights_sitenote_category":0},"categories":[1],"tags":[],"aioseo_notices":[],"gutentor_comment":0,"rttpg_featured_image_url":{"full":["https:\/\/arantv.az\/wp-content\/uploads\/2019\/10\/105aaa52b08521b208ca1b0042a1d235.jpg",607,465,false],"landscape":["https:\/\/arantv.az\/wp-content\/uploads\/2019\/10\/105aaa52b08521b208ca1b0042a1d235.jpg",607,465,false],"portraits":["https:\/\/arantv.az\/wp-content\/uploads\/2019\/10\/105aaa52b08521b208ca1b0042a1d235.jpg",607,465,false],"thumbnail":["https:\/\/arantv.az\/wp-content\/uploads\/2019\/10\/105aaa52b08521b208ca1b0042a1d235-150x150.jpg",150,150,true],"medium":["https:\/\/arantv.az\/wp-content\/uploads\/2019\/10\/105aaa52b08521b208ca1b0042a1d235-300x230.jpg",300,230,true],"large":["https:\/\/arantv.az\/wp-content\/uploads\/2019\/10\/105aaa52b08521b208ca1b0042a1d235.jpg",607,465,false],"1536x1536":["https:\/\/arantv.az\/wp-content\/uploads\/2019\/10\/105aaa52b08521b208ca1b0042a1d235.jpg",607,465,false],"2048x2048":["https:\/\/arantv.az\/wp-content\/uploads\/2019\/10\/105aaa52b08521b208ca1b0042a1d235.jpg",607,465,false],"post-thumbnail":["https:\/\/arantv.az\/wp-content\/uploads\/2019\/10\/105aaa52b08521b208ca1b0042a1d235-240x172.jpg",240,172,true],"advps-thumb-one":["https:\/\/arantv.az\/wp-content\/uploads\/2019\/10\/105aaa52b08521b208ca1b0042a1d235.jpg",607,465,false]},"rttpg_author":{"display_name":"V\u00fcsal Rafiqo\u011flu","author_link":"https:\/\/arantv.az\/?author=2"},"rttpg_comment":0,"rttpg_category":"<a href=\"https:\/\/arantv.az\/?cat=1\" rel=\"category\">C\u0259miyy\u0259t<\/a>","rttpg_excerpt":"Az\u0259rbaycan Milli Elml\u0259r Akademiyas\u0131 (AMEA) N\u0259sir\u0259ddin Tusi ad\u0131na \u015eamax\u0131 Astrofizika R\u0259s\u0259dxanas\u0131 2020-ci ild\u0259 f\u0259sill\u0259rin \u00f6lk\u0259miz\u0259 daxil olma vaxtlar\u0131n\u0131 a\u00e7\u0131qlay\u0131b. R\u0259s\u0259dxanadan\u00a0ARANTV.AZ-a veril\u0259n m\u0259lumata g\u00f6r\u0259, 2020-ci ild\u0259 yaz f\u0259sli \u00f6lk\u0259y\u0259 mart\u0131n 20-d\u0259, Bak\u0131 vaxt\u0131 il\u0259 saat 07:49:36-da daxil olacaq. H\u0259min g\u00fcn G\u00fcn\u0259\u015f \u00f6z orbiti \u00fczr\u0259 h\u0259r\u0259k\u0259t ed\u0259r\u0259k g\u00f6y ekvatorunu k\u0259sir. Y\u0259ni c\u0259nub yar\u0131mk\u00fcr\u0259sind\u0259n \u015fimal yar\u0131mk\u00fcr\u0259sin\u0259 ke\u00e7ir. Bu&hellip;","_links":{"self":[{"href":"https:\/\/arantv.az\/index.php?rest_route=\/wp\/v2\/posts\/82719"}],"collection":[{"href":"https:\/\/arantv.az\/index.php?rest_route=\/wp\/v2\/posts"}],"about":[{"href":"https:\/\/arantv.az\/index.php?rest_route=\/wp\/v2\/types\/post"}],"author":[{"embeddable":true,"href":"https:\/\/arantv.az\/index.php?rest_route=\/wp\/v2\/users\/2"}],"replies":[{"embeddable":true,"href":"https:\/\/arantv.az\/index.php?rest_route=%2Fwp%2Fv2%2Fcomments&post=82719"}],"version-history":[{"count":0,"href":"https:\/\/arantv.az\/index.php?rest_route=\/wp\/v2\/posts\/82719\/revisions"}],"wp:featuredmedia":[{"embeddable":true,"href":"https:\/\/arantv.az\/index.php?rest_route=\/wp\/v2\/media\/82720"}],"wp:attachment":[{"href":"https:\/\/arantv.az\/index.php?rest_route=%2Fwp%2Fv2%2Fmedia&parent=82719"}],"wp:term":[{"taxonomy":"category","embeddable":true,"href":"https:\/\/arantv.az\/index.php?rest_route=%2Fwp%2Fv2%2Fcategories&post=82719"},{"taxonomy":"post_tag","embeddable":true,"href":"https:\/\/arantv.az\/index.php?rest_route=%2Fwp%2Fv2%2Ftags&post=82719"}],"curies":[{"name":"wp","href":"https:\/\/api.w.org\/{rel}","templated":true}]}}