{"id":82731,"date":"2019-10-01T14:16:45","date_gmt":"2019-10-01T11:16:45","guid":{"rendered":"http:\/\/arantv.az\/?p=82731"},"modified":"2019-10-01T14:16:45","modified_gmt":"2019-10-01T11:16:45","slug":"putin-x%c9%99z%c9%99r-konvensiyasinin-ratifikasiyasi-haqqinda-qanunu-imzaladi","status":"publish","type":"post","link":"https:\/\/arantv.az\/?p=82731","title":{"rendered":"Putin X\u0259z\u0259r Konvensiyas\u0131n\u0131n ratifikasiyas\u0131 haqq\u0131nda qanunu imzalad\u0131"},"content":{"rendered":"<p>Rusiya Prezidenti Vladimir Putin \u201cX\u0259z\u0259r d\u0259nizinin h\u00fcquqi statusu haqq\u0131nda\u201d Konvensiyan\u0131 ratifikasiya ed\u0259n qanunu imzalay\u0131b.<\/p>\n<p>Bununla ba\u011fl\u0131\u00a0<a href=\"http:\/\/kremlin.ru\/acts\/news\/61684\" target=\"_blank\" rel=\"noopener\">m\u0259lumat<\/a>\u00a0Kremlin r\u0259smi sayt\u0131nda d\u0259rc olunub.<\/p>\n<div id=\"AdviadNativeVideo0\" class=\"AdviadNativeVideo\"><\/div>\n<p>Qanunla X\u0259z\u0259r d\u0259nizind\u0259n kollektiv istifad\u0259 qaydalar\u0131, d\u0259nizin dibinin sektorlara ayr\u0131lmas\u0131, sualt\u0131 kabell\u0259rin v\u0259 boru k\u0259m\u0259rl\u0259rinin \u00e7\u0259kilm\u0259sinin \u015f\u0259rtl\u0259ri v\u0259 sahil d\u00f6vl\u0259tl\u0259ri aras\u0131nda \u0259m\u0259kda\u015fl\u0131\u011f\u0131n dig\u0259r m\u0259s\u0259l\u0259l\u0259ri m\u00fc\u0259yy\u0259n edilib.<\/p>\n<p>Xat\u0131rladaq ki, X\u0259z\u0259r d\u0259nizinin h\u00fcquqi statusu haqq\u0131nda Konvensiya 2018-ci ilin avqust ay\u0131nda Rusiya, Az\u0259rbaycan, \u0130ran, Qazax\u0131stan v\u0259 T\u00fcrkm\u0259nistan t\u0259r\u0259find\u0259n imzalan\u0131b.<\/p>\n<p>Bundan \u0259vv\u0259l, Rusiya D\u00f6vl\u0259t Dumas\u0131 v\u0259 Rusiya Federasiya \u015euras\u0131 \u201cX\u0259z\u0259r d\u0259nizinin h\u00fcquqi statusu haqq\u0131nda\u201d Konvensiyan\u0131 t\u0259sdiql\u0259yib.<\/p>\n","protected":false},"excerpt":{"rendered":"<p>Rusiya Prezidenti Vladimir Putin \u201cX\u0259z\u0259r d\u0259nizinin h\u00fcquqi statusu haqq\u0131nda\u201d Konvensiyan\u0131 ratifikasiya ed\u0259n qanunu imzalay\u0131b. Bununla ba\u011fl\u0131\u00a0m\u0259lumat\u00a0Kremlin r\u0259smi sayt\u0131nda d\u0259rc olunub. Qanunla X\u0259z\u0259r d\u0259nizind\u0259n kollektiv istifad\u0259 qaydalar\u0131, d\u0259nizin dibinin sektorlara ayr\u0131lmas\u0131, sualt\u0131 kabell\u0259rin v\u0259 boru k\u0259m\u0259rl\u0259rinin \u00e7\u0259kilm\u0259sinin \u015f\u0259rtl\u0259ri v\u0259 sahil d\u00f6vl\u0259tl\u0259ri aras\u0131nda \u0259m\u0259kda\u015fl\u0131\u011f\u0131n dig\u0259r m\u0259s\u0259l\u0259l\u0259ri m\u00fc\u0259yy\u0259n edilib. Xat\u0131rladaq ki, X\u0259z\u0259r d\u0259nizinin h\u00fcquqi statusu haqq\u0131nda Konvensiya 2018-ci ilin avqust ay\u0131nda Rusiya, Az\u0259rbaycan, \u0130ran, Qazax\u0131stan v\u0259 T\u00fcrkm\u0259nistan t\u0259r\u0259find\u0259n imzalan\u0131b. Bundan \u0259vv\u0259l, Rusiya D\u00f6vl\u0259t Dumas\u0131 v\u0259 Rusiya Federasiya \u015euras\u0131 \u201cX\u0259z\u0259r d\u0259nizinin h\u00fcquqi statusu haqq\u0131nda\u201d Konvensiyan\u0131 t\u0259sdiql\u0259yib.<\/p>\n","protected":false},"author":2,"featured_media":82732,"comment_status":"closed","ping_status":"closed","sticky":false,"template":"","format":"standard","meta":{"om_disable_all_campaigns":false,"_monsterinsights_skip_tracking":false,"_monsterinsights_sitenote_active":false,"_monsterinsights_sitenote_note":"","_monsterinsights_sitenote_category":0},"categories":[4],"tags":[],"aioseo_notices":[],"gutentor_comment":0,"rttpg_featured_image_url":{"full":["https:\/\/arantv.az\/wp-content\/uploads\/2019\/10\/0.jpg",620,372,false],"landscape":["https:\/\/arantv.az\/wp-content\/uploads\/2019\/10\/0.jpg",620,372,false],"portraits":["https:\/\/arantv.az\/wp-content\/uploads\/2019\/10\/0.jpg",620,372,false],"thumbnail":["https:\/\/arantv.az\/wp-content\/uploads\/2019\/10\/0-150x150.jpg",150,150,true],"medium":["https:\/\/arantv.az\/wp-content\/uploads\/2019\/10\/0-300x180.jpg",300,180,true],"large":["https:\/\/arantv.az\/wp-content\/uploads\/2019\/10\/0.jpg",620,372,false],"1536x1536":["https:\/\/arantv.az\/wp-content\/uploads\/2019\/10\/0.jpg",620,372,false],"2048x2048":["https:\/\/arantv.az\/wp-content\/uploads\/2019\/10\/0.jpg",620,372,false],"post-thumbnail":["https:\/\/arantv.az\/wp-content\/uploads\/2019\/10\/0-240x172.jpg",240,172,true],"advps-thumb-one":["https:\/\/arantv.az\/wp-content\/uploads\/2019\/10\/0.jpg",620,372,false]},"rttpg_author":{"display_name":"V\u00fcsal Rafiqo\u011flu","author_link":"https:\/\/arantv.az\/?author=2"},"rttpg_comment":0,"rttpg_category":"<a href=\"https:\/\/arantv.az\/?cat=4\" rel=\"category\">Siyas\u0259t<\/a>","rttpg_excerpt":"Rusiya Prezidenti Vladimir Putin \u201cX\u0259z\u0259r d\u0259nizinin h\u00fcquqi statusu haqq\u0131nda\u201d Konvensiyan\u0131 ratifikasiya ed\u0259n qanunu imzalay\u0131b. Bununla ba\u011fl\u0131\u00a0m\u0259lumat\u00a0Kremlin r\u0259smi sayt\u0131nda d\u0259rc olunub. Qanunla X\u0259z\u0259r d\u0259nizind\u0259n kollektiv istifad\u0259 qaydalar\u0131, d\u0259nizin dibinin sektorlara ayr\u0131lmas\u0131, sualt\u0131 kabell\u0259rin v\u0259 boru k\u0259m\u0259rl\u0259rinin \u00e7\u0259kilm\u0259sinin \u015f\u0259rtl\u0259ri v\u0259 sahil d\u00f6vl\u0259tl\u0259ri aras\u0131nda \u0259m\u0259kda\u015fl\u0131\u011f\u0131n dig\u0259r m\u0259s\u0259l\u0259l\u0259ri m\u00fc\u0259yy\u0259n edilib. Xat\u0131rladaq ki, X\u0259z\u0259r d\u0259nizinin h\u00fcquqi statusu haqq\u0131nda Konvensiya 2018-ci&hellip;","_links":{"self":[{"href":"https:\/\/arantv.az\/index.php?rest_route=\/wp\/v2\/posts\/82731"}],"collection":[{"href":"https:\/\/arantv.az\/index.php?rest_route=\/wp\/v2\/posts"}],"about":[{"href":"https:\/\/arantv.az\/index.php?rest_route=\/wp\/v2\/types\/post"}],"author":[{"embeddable":true,"href":"https:\/\/arantv.az\/index.php?rest_route=\/wp\/v2\/users\/2"}],"replies":[{"embeddable":true,"href":"https:\/\/arantv.az\/index.php?rest_route=%2Fwp%2Fv2%2Fcomments&post=82731"}],"version-history":[{"count":0,"href":"https:\/\/arantv.az\/index.php?rest_route=\/wp\/v2\/posts\/82731\/revisions"}],"wp:featuredmedia":[{"embeddable":true,"href":"https:\/\/arantv.az\/index.php?rest_route=\/wp\/v2\/media\/82732"}],"wp:attachment":[{"href":"https:\/\/arantv.az\/index.php?rest_route=%2Fwp%2Fv2%2Fmedia&parent=82731"}],"wp:term":[{"taxonomy":"category","embeddable":true,"href":"https:\/\/arantv.az\/index.php?rest_route=%2Fwp%2Fv2%2Fcategories&post=82731"},{"taxonomy":"post_tag","embeddable":true,"href":"https:\/\/arantv.az\/index.php?rest_route=%2Fwp%2Fv2%2Ftags&post=82731"}],"curies":[{"name":"wp","href":"https:\/\/api.w.org\/{rel}","templated":true}]}}