{"id":82743,"date":"2019-10-01T14:19:50","date_gmt":"2019-10-01T11:19:50","guid":{"rendered":"http:\/\/arantv.az\/?p=82743"},"modified":"2019-10-01T14:19:50","modified_gmt":"2019-10-01T11:19:50","slug":"ilham-%c9%99liyev-v%c9%99-xanimi-yeni-parkin-acilisinda-foto","status":"publish","type":"post","link":"https:\/\/arantv.az\/?p=82743","title":{"rendered":"\u0130lham \u018fliyev v\u0259 xan\u0131m\u0131 yeni park\u0131n a\u00e7\u0131l\u0131\u015f\u0131nda &#8211; FOTO"},"content":{"rendered":"<p>Oktyabr\u0131n 1-d\u0259 Bak\u0131n\u0131n N\u0259simi rayonunda 28 May, Dilar\u0259 \u018fliyeva v\u0259 Fikr\u0259t \u018fmirov k\u00fc\u00e7\u0259l\u0259rinin k\u0259si\u015fm\u0259sind\u0259 yeni park istifad\u0259y\u0259 verilib.<\/p>\n<div id=\"AdviadNativeVideo0\" class=\"AdviadNativeVideo\"><\/div>\n<p><strong>ARANTV.AZ<\/strong> x\u0259b\u0259r verir ki, Az\u0259rbaycan Respublikas\u0131n\u0131n Prezidenti \u0130lham \u018fliyev v\u0259 birinci xan\u0131m Mehriban \u018fliyeva parkda yarad\u0131lan \u015f\u0259raitl\u0259 tan\u0131\u015f olublar.<\/p>\n<div class=\"gallery\">\n<div class=\"gallery-i\"><img src=\"https:\/\/assets.oxu.az\/uploads\/W1siZiIsIjIwMTkvMTAvMDEvMTMvNDMvMDAvNWI2MTNmMGYtZGIwNC00ZjVhLWJkOGYtNzk2NmM1MzM2YzJkLzE1Njk5MjI3NDQzNTYzMzQxMzc0XzEwMDB4NjY5LmpwZyJdLFsicCIsImVuY29kZSIsImpwZyIsIi1xdWFsaXR5IDgwIl0sWyJwIiwidGh1bWIiLCI1OTB4NTkwXHUwMDNlIl1d?sha=d6b022fd81ecf945\" \/><\/p>\n<div class=\"gallery-i-caption\"><\/div>\n<\/div>\n<div class=\"gallery-i\"><img src=\"https:\/\/assets.oxu.az\/uploads\/W1siZiIsIjIwMTkvMTAvMDEvMTMvNDMvMDEvOGNhY2Y3YTYtZGVlYy00MjhmLTg4MWMtNjdmZjA0YmY4ZGRkLzE1Njk5MjI3NDM0NzAzMDQ1MzgxXzEwMDB4NjY5LmpwZyJdLFsicCIsImVuY29kZSIsImpwZyIsIi1xdWFsaXR5IDgwIl0sWyJwIiwidGh1bWIiLCI1OTB4NTkwXHUwMDNlIl1d?sha=f3b9c8f290f00ebd\" \/><\/p>\n<div class=\"gallery-i-caption\"><\/div>\n<\/div>\n<div class=\"gallery-i\"><img src=\"https:\/\/assets.oxu.az\/uploads\/W1siZiIsIjIwMTkvMTAvMDEvMTMvNDMvMDEvZWY5NTU0ZTktODI5YS00MjM2LThhYmItMmYxZTRiZTgxYTBlLzE1Njk5MjI3NDM1NTg2NzIzMDIwXzEwMDB4NjY5ICgxKS5qcGciXSxbInAiLCJlbmNvZGUiLCJqcGciLCItcXVhbGl0eSA4MCJdLFsicCIsInRodW1iIiwiNTkweDU5MFx1MDAzZSJdXQ?sha=7da636cc0059118d\" \/><\/p>\n<div class=\"gallery-i-caption\"><\/div>\n<\/div>\n<div class=\"gallery-i\"><img src=\"https:\/\/assets.oxu.az\/uploads\/W1siZiIsIjIwMTkvMTAvMDEvMTMvNDMvMDEvZDA0NWE5YTUtYjE5MS00YTM0LTkyZGYtOTFjYWFmMDBhODZhLzE1Njk5MjI3NDM0ODIyNjU4MDcwXzEwMDB4NjY5LmpwZyJdLFsicCIsImVuY29kZSIsImpwZyIsIi1xdWFsaXR5IDgwIl0sWyJwIiwidGh1bWIiLCI1OTB4NTkwXHUwMDNlIl1d?sha=2507e05f7144e335\" \/><\/div>\n<div>az\u0259rtac<\/div>\n<\/div>\n","protected":false},"excerpt":{"rendered":"<p>Oktyabr\u0131n 1-d\u0259 Bak\u0131n\u0131n N\u0259simi rayonunda 28 May, Dilar\u0259 \u018fliyeva v\u0259 Fikr\u0259t \u018fmirov k\u00fc\u00e7\u0259l\u0259rinin k\u0259si\u015fm\u0259sind\u0259 yeni park istifad\u0259y\u0259 verilib. ARANTV.AZ x\u0259b\u0259r verir ki, Az\u0259rbaycan Respublikas\u0131n\u0131n Prezidenti \u0130lham \u018fliyev v\u0259 birinci xan\u0131m Mehriban \u018fliyeva parkda yarad\u0131lan \u015f\u0259raitl\u0259 tan\u0131\u015f olublar. az\u0259rtac<\/p>\n","protected":false},"author":2,"featured_media":82744,"comment_status":"closed","ping_status":"closed","sticky":false,"template":"","format":"standard","meta":{"om_disable_all_campaigns":false,"_monsterinsights_skip_tracking":false,"_monsterinsights_sitenote_active":false,"_monsterinsights_sitenote_note":"","_monsterinsights_sitenote_category":0},"categories":[4],"tags":[],"aioseo_notices":[],"gutentor_comment":0,"rttpg_featured_image_url":{"full":["https:\/\/arantv.az\/wp-content\/uploads\/2019\/10\/15699227435586723020_1000x669.jpg",620,433,false],"landscape":["https:\/\/arantv.az\/wp-content\/uploads\/2019\/10\/15699227435586723020_1000x669.jpg",620,433,false],"portraits":["https:\/\/arantv.az\/wp-content\/uploads\/2019\/10\/15699227435586723020_1000x669.jpg",620,433,false],"thumbnail":["https:\/\/arantv.az\/wp-content\/uploads\/2019\/10\/15699227435586723020_1000x669-150x150.jpg",150,150,true],"medium":["https:\/\/arantv.az\/wp-content\/uploads\/2019\/10\/15699227435586723020_1000x669-300x210.jpg",300,210,true],"large":["https:\/\/arantv.az\/wp-content\/uploads\/2019\/10\/15699227435586723020_1000x669.jpg",620,433,false],"1536x1536":["https:\/\/arantv.az\/wp-content\/uploads\/2019\/10\/15699227435586723020_1000x669.jpg",620,433,false],"2048x2048":["https:\/\/arantv.az\/wp-content\/uploads\/2019\/10\/15699227435586723020_1000x669.jpg",620,433,false],"post-thumbnail":["https:\/\/arantv.az\/wp-content\/uploads\/2019\/10\/15699227435586723020_1000x669-240x172.jpg",240,172,true],"advps-thumb-one":["https:\/\/arantv.az\/wp-content\/uploads\/2019\/10\/15699227435586723020_1000x669.jpg",620,433,false]},"rttpg_author":{"display_name":"V\u00fcsal Rafiqo\u011flu","author_link":"https:\/\/arantv.az\/?author=2"},"rttpg_comment":0,"rttpg_category":"<a href=\"https:\/\/arantv.az\/?cat=4\" rel=\"category\">Siyas\u0259t<\/a>","rttpg_excerpt":"Oktyabr\u0131n 1-d\u0259 Bak\u0131n\u0131n N\u0259simi rayonunda 28 May, Dilar\u0259 \u018fliyeva v\u0259 Fikr\u0259t \u018fmirov k\u00fc\u00e7\u0259l\u0259rinin k\u0259si\u015fm\u0259sind\u0259 yeni park istifad\u0259y\u0259 verilib. ARANTV.AZ x\u0259b\u0259r verir ki, Az\u0259rbaycan Respublikas\u0131n\u0131n Prezidenti \u0130lham \u018fliyev v\u0259 birinci xan\u0131m Mehriban \u018fliyeva parkda yarad\u0131lan \u015f\u0259raitl\u0259 tan\u0131\u015f olublar. az\u0259rtac","_links":{"self":[{"href":"https:\/\/arantv.az\/index.php?rest_route=\/wp\/v2\/posts\/82743"}],"collection":[{"href":"https:\/\/arantv.az\/index.php?rest_route=\/wp\/v2\/posts"}],"about":[{"href":"https:\/\/arantv.az\/index.php?rest_route=\/wp\/v2\/types\/post"}],"author":[{"embeddable":true,"href":"https:\/\/arantv.az\/index.php?rest_route=\/wp\/v2\/users\/2"}],"replies":[{"embeddable":true,"href":"https:\/\/arantv.az\/index.php?rest_route=%2Fwp%2Fv2%2Fcomments&post=82743"}],"version-history":[{"count":0,"href":"https:\/\/arantv.az\/index.php?rest_route=\/wp\/v2\/posts\/82743\/revisions"}],"wp:featuredmedia":[{"embeddable":true,"href":"https:\/\/arantv.az\/index.php?rest_route=\/wp\/v2\/media\/82744"}],"wp:attachment":[{"href":"https:\/\/arantv.az\/index.php?rest_route=%2Fwp%2Fv2%2Fmedia&parent=82743"}],"wp:term":[{"taxonomy":"category","embeddable":true,"href":"https:\/\/arantv.az\/index.php?rest_route=%2Fwp%2Fv2%2Fcategories&post=82743"},{"taxonomy":"post_tag","embeddable":true,"href":"https:\/\/arantv.az\/index.php?rest_route=%2Fwp%2Fv2%2Ftags&post=82743"}],"curies":[{"name":"wp","href":"https:\/\/api.w.org\/{rel}","templated":true}]}}