{"id":82818,"date":"2019-10-01T15:58:50","date_gmt":"2019-10-01T12:58:50","guid":{"rendered":"http:\/\/arantv.az\/?p=82818"},"modified":"2019-10-01T15:58:50","modified_gmt":"2019-10-01T12:58:50","slug":"az%c9%99rbaycanda-yeni-s%c9%99firlik-acildi","status":"publish","type":"post","link":"https:\/\/arantv.az\/?p=82818","title":{"rendered":"Az\u0259rbaycanda yeni s\u0259firlik a\u00e7\u0131ld\u0131"},"content":{"rendered":"<p>X\u0130N-in D\u00f6vl\u0259t Protokolu idar\u0259sinin r\u0259isi, s\u0259fir P\u0259rvin Mirz\u0259zad\u0259 Slovakiya Respublikas\u0131n\u0131n Az\u0259rbaycan Respublikas\u0131na yeni t\u0259yin olunmu\u015f m\u00fcv\u0259qq\u0259ti i\u015fl\u0259r v\u0259kili El\u00e7in Qas\u0131movu q\u0259bul edib.<\/p>\n<p>X\u0130N-d\u0259n\u00a0veril\u0259n m\u0259lumata g\u00f6r\u0259, g\u00f6r\u00fc\u015fd\u0259 El\u00e7in Qas\u0131movu Slovakiyan\u0131n Xarici v\u0259 Avropa \u0130\u015fl\u0259ri \u00fczr\u0259 Nazirliyi t\u0259r\u0259find\u0259n \u00fcnvanlanm\u0131\u015f notan\u0131 P\u0259rvin Mirz\u0259zad\u0259y\u0259 t\u0259qdim edib.<\/p>\n<div id=\"AdviadNativeVideo0\" class=\"AdviadNativeVideo\"><\/div>\n<p>Notada verilmi\u015f m\u0259lumata \u0259sas\u0259n, 2019-cu ilin 1 oktyabr tarixind\u0259n etibar\u0259n Slovakiya Respublikas\u0131n\u0131n Az\u0259rbaycan Respublikas\u0131nda S\u0259firliyi f\u0259aliyy\u0259t\u0259 ba\u015flay\u0131r.<\/p>\n<p>S\u0259fir P\u0259rvin Mirz\u0259zad\u0259 Slovakiyan\u0131n Az\u0259rbaycanda s\u0259firliyinin a\u00e7\u0131lmas\u0131n\u0131n iki \u00f6lk\u0259 aras\u0131nda \u0259m\u0259kda\u015fl\u0131\u011f\u0131n v\u0259 dostlu\u011fun daha da geni\u015fl\u0259ndirilm\u0259si v\u0259 ir\u0259lil\u0259dilm\u0259sin\u0259 t\u0259kan ver\u0259c\u0259yini bildirib.<\/p>\n","protected":false},"excerpt":{"rendered":"<p>X\u0130N-in D\u00f6vl\u0259t Protokolu idar\u0259sinin r\u0259isi, s\u0259fir P\u0259rvin Mirz\u0259zad\u0259 Slovakiya Respublikas\u0131n\u0131n Az\u0259rbaycan Respublikas\u0131na yeni t\u0259yin olunmu\u015f m\u00fcv\u0259qq\u0259ti i\u015fl\u0259r v\u0259kili El\u00e7in Qas\u0131movu q\u0259bul edib. X\u0130N-d\u0259n\u00a0veril\u0259n m\u0259lumata g\u00f6r\u0259, g\u00f6r\u00fc\u015fd\u0259 El\u00e7in Qas\u0131movu Slovakiyan\u0131n Xarici v\u0259 Avropa \u0130\u015fl\u0259ri \u00fczr\u0259 Nazirliyi t\u0259r\u0259find\u0259n \u00fcnvanlanm\u0131\u015f notan\u0131 P\u0259rvin Mirz\u0259zad\u0259y\u0259 t\u0259qdim edib. Notada verilmi\u015f m\u0259lumata \u0259sas\u0259n, 2019-cu ilin 1 oktyabr tarixind\u0259n etibar\u0259n Slovakiya Respublikas\u0131n\u0131n Az\u0259rbaycan Respublikas\u0131nda S\u0259firliyi f\u0259aliyy\u0259t\u0259 ba\u015flay\u0131r. S\u0259fir P\u0259rvin Mirz\u0259zad\u0259 Slovakiyan\u0131n Az\u0259rbaycanda s\u0259firliyinin a\u00e7\u0131lmas\u0131n\u0131n iki \u00f6lk\u0259 aras\u0131nda \u0259m\u0259kda\u015fl\u0131\u011f\u0131n v\u0259 dostlu\u011fun daha da geni\u015fl\u0259ndirilm\u0259si v\u0259 ir\u0259lil\u0259dilm\u0259sin\u0259 t\u0259kan ver\u0259c\u0259yini bildirib.<\/p>\n","protected":false},"author":2,"featured_media":82819,"comment_status":"closed","ping_status":"closed","sticky":false,"template":"","format":"standard","meta":{"om_disable_all_campaigns":false,"_monsterinsights_skip_tracking":false,"_monsterinsights_sitenote_active":false,"_monsterinsights_sitenote_note":"","_monsterinsights_sitenote_category":0},"categories":[4],"tags":[],"aioseo_notices":[],"gutentor_comment":0,"rttpg_featured_image_url":{"full":["https:\/\/arantv.az\/wp-content\/uploads\/2019\/10\/slovakya.jpg",600,446,false],"landscape":["https:\/\/arantv.az\/wp-content\/uploads\/2019\/10\/slovakya.jpg",600,446,false],"portraits":["https:\/\/arantv.az\/wp-content\/uploads\/2019\/10\/slovakya.jpg",600,446,false],"thumbnail":["https:\/\/arantv.az\/wp-content\/uploads\/2019\/10\/slovakya-150x150.jpg",150,150,true],"medium":["https:\/\/arantv.az\/wp-content\/uploads\/2019\/10\/slovakya-300x223.jpg",300,223,true],"large":["https:\/\/arantv.az\/wp-content\/uploads\/2019\/10\/slovakya.jpg",600,446,false],"1536x1536":["https:\/\/arantv.az\/wp-content\/uploads\/2019\/10\/slovakya.jpg",600,446,false],"2048x2048":["https:\/\/arantv.az\/wp-content\/uploads\/2019\/10\/slovakya.jpg",600,446,false],"post-thumbnail":["https:\/\/arantv.az\/wp-content\/uploads\/2019\/10\/slovakya-240x172.jpg",240,172,true],"advps-thumb-one":["https:\/\/arantv.az\/wp-content\/uploads\/2019\/10\/slovakya.jpg",600,446,false]},"rttpg_author":{"display_name":"V\u00fcsal Rafiqo\u011flu","author_link":"https:\/\/arantv.az\/?author=2"},"rttpg_comment":0,"rttpg_category":"<a href=\"https:\/\/arantv.az\/?cat=4\" rel=\"category\">Siyas\u0259t<\/a>","rttpg_excerpt":"X\u0130N-in D\u00f6vl\u0259t Protokolu idar\u0259sinin r\u0259isi, s\u0259fir P\u0259rvin Mirz\u0259zad\u0259 Slovakiya Respublikas\u0131n\u0131n Az\u0259rbaycan Respublikas\u0131na yeni t\u0259yin olunmu\u015f m\u00fcv\u0259qq\u0259ti i\u015fl\u0259r v\u0259kili El\u00e7in Qas\u0131movu q\u0259bul edib. X\u0130N-d\u0259n\u00a0veril\u0259n m\u0259lumata g\u00f6r\u0259, g\u00f6r\u00fc\u015fd\u0259 El\u00e7in Qas\u0131movu Slovakiyan\u0131n Xarici v\u0259 Avropa \u0130\u015fl\u0259ri \u00fczr\u0259 Nazirliyi t\u0259r\u0259find\u0259n \u00fcnvanlanm\u0131\u015f notan\u0131 P\u0259rvin Mirz\u0259zad\u0259y\u0259 t\u0259qdim edib. Notada verilmi\u015f m\u0259lumata \u0259sas\u0259n, 2019-cu ilin 1 oktyabr tarixind\u0259n etibar\u0259n Slovakiya Respublikas\u0131n\u0131n Az\u0259rbaycan&hellip;","_links":{"self":[{"href":"https:\/\/arantv.az\/index.php?rest_route=\/wp\/v2\/posts\/82818"}],"collection":[{"href":"https:\/\/arantv.az\/index.php?rest_route=\/wp\/v2\/posts"}],"about":[{"href":"https:\/\/arantv.az\/index.php?rest_route=\/wp\/v2\/types\/post"}],"author":[{"embeddable":true,"href":"https:\/\/arantv.az\/index.php?rest_route=\/wp\/v2\/users\/2"}],"replies":[{"embeddable":true,"href":"https:\/\/arantv.az\/index.php?rest_route=%2Fwp%2Fv2%2Fcomments&post=82818"}],"version-history":[{"count":0,"href":"https:\/\/arantv.az\/index.php?rest_route=\/wp\/v2\/posts\/82818\/revisions"}],"wp:featuredmedia":[{"embeddable":true,"href":"https:\/\/arantv.az\/index.php?rest_route=\/wp\/v2\/media\/82819"}],"wp:attachment":[{"href":"https:\/\/arantv.az\/index.php?rest_route=%2Fwp%2Fv2%2Fmedia&parent=82818"}],"wp:term":[{"taxonomy":"category","embeddable":true,"href":"https:\/\/arantv.az\/index.php?rest_route=%2Fwp%2Fv2%2Fcategories&post=82818"},{"taxonomy":"post_tag","embeddable":true,"href":"https:\/\/arantv.az\/index.php?rest_route=%2Fwp%2Fv2%2Ftags&post=82818"}],"curies":[{"name":"wp","href":"https:\/\/api.w.org\/{rel}","templated":true}]}}