{"id":82848,"date":"2019-10-02T07:48:29","date_gmt":"2019-10-02T04:48:29","guid":{"rendered":"http:\/\/arantv.az\/?p=82848"},"modified":"2019-10-02T07:48:29","modified_gmt":"2019-10-02T04:48:29","slug":"qonsu-qonsunu-kur%c9%99yind%c9%99n-bicaqladi","status":"publish","type":"post","link":"https:\/\/arantv.az\/?p=82848","title":{"rendered":"Qon\u015fu qon\u015funu k\u00fcr\u0259yind\u0259n b\u0131\u00e7aqlad\u0131"},"content":{"rendered":"<p>Ab\u015feronda b\u0131\u00e7aqlanma hadis\u0259si ba\u015f verib.<\/p>\n<p><strong>ARANTV.AZ<\/strong>\u00a0x\u0259b\u0259r verir ki, Pirk\u00fc\u015fk\u00fcl q\u0259s\u0259b\u0259sind\u0259 2 qon\u015fu aras\u0131nda m\u00fcbahis\u0259 yaran\u0131b.<\/p>\n<p>\u018flb\u0259yaxa davaya \u00e7evril\u0259n m\u00fcbahis\u0259 zaman\u0131 1989-cu il t\u0259v\u0259ll\u00fcdl\u00fc \u018fliyev Ruslan \u018fli o\u011fluna qon\u015fusu t\u0259r\u0259find\u0259n b\u0131\u00e7aqla x\u0259sar\u0259t yetirilib.<\/p>\n<div id=\"AdviadNativeVideo0\" class=\"AdviadNativeVideo\"><\/div>\n<p>Yaral\u0131 a\u011f\u0131r v\u0259ziyy\u0259td\u0259 x\u0259st\u0259xanaya \u00e7atd\u0131r\u0131laraq c\u0259rrahi \u0259m\u0259liyyat edilib.<\/p>\n<p>K\u00fcr\u0259k nahiy\u0259sinin k\u0259silmi\u015f-de\u015filmi\u015f yaras\u0131 diaqnozu qoyulan R.\u018fliyev reanimasiya \u015f\u00f6b\u0259sin\u0259 yerl\u0259\u015fdirilib.<\/p>\n<p>Faktla ba\u011fl\u0131 Ab\u015feron Rayon Polis \u0130dar\u0259sind\u0259 ara\u015fd\u0131rma apar\u0131l\u0131r.oxu.az<\/p>\n","protected":false},"excerpt":{"rendered":"<p>Ab\u015feronda b\u0131\u00e7aqlanma hadis\u0259si ba\u015f verib. ARANTV.AZ\u00a0x\u0259b\u0259r verir ki, Pirk\u00fc\u015fk\u00fcl q\u0259s\u0259b\u0259sind\u0259 2 qon\u015fu aras\u0131nda m\u00fcbahis\u0259 yaran\u0131b. \u018flb\u0259yaxa davaya \u00e7evril\u0259n m\u00fcbahis\u0259 zaman\u0131 1989-cu il t\u0259v\u0259ll\u00fcdl\u00fc \u018fliyev Ruslan \u018fli o\u011fluna qon\u015fusu t\u0259r\u0259find\u0259n b\u0131\u00e7aqla x\u0259sar\u0259t yetirilib. Yaral\u0131 a\u011f\u0131r v\u0259ziyy\u0259td\u0259 x\u0259st\u0259xanaya \u00e7atd\u0131r\u0131laraq c\u0259rrahi \u0259m\u0259liyyat edilib. K\u00fcr\u0259k nahiy\u0259sinin k\u0259silmi\u015f-de\u015filmi\u015f yaras\u0131 diaqnozu qoyulan R.\u018fliyev reanimasiya \u015f\u00f6b\u0259sin\u0259 yerl\u0259\u015fdirilib. Faktla ba\u011fl\u0131 Ab\u015feron Rayon Polis \u0130dar\u0259sind\u0259 ara\u015fd\u0131rma apar\u0131l\u0131r.oxu.az<\/p>\n","protected":false},"author":2,"featured_media":82849,"comment_status":"closed","ping_status":"closed","sticky":false,"template":"","format":"standard","meta":{"om_disable_all_campaigns":false,"_monsterinsights_skip_tracking":false,"_monsterinsights_sitenote_active":false,"_monsterinsights_sitenote_note":"","_monsterinsights_sitenote_category":0},"categories":[3],"tags":[],"aioseo_notices":[],"gutentor_comment":0,"rttpg_featured_image_url":{"full":["https:\/\/arantv.az\/wp-content\/uploads\/2019\/10\/bicaq2.jpg",620,349,false],"landscape":["https:\/\/arantv.az\/wp-content\/uploads\/2019\/10\/bicaq2.jpg",620,349,false],"portraits":["https:\/\/arantv.az\/wp-content\/uploads\/2019\/10\/bicaq2.jpg",620,349,false],"thumbnail":["https:\/\/arantv.az\/wp-content\/uploads\/2019\/10\/bicaq2-150x150.jpg",150,150,true],"medium":["https:\/\/arantv.az\/wp-content\/uploads\/2019\/10\/bicaq2-300x169.jpg",300,169,true],"large":["https:\/\/arantv.az\/wp-content\/uploads\/2019\/10\/bicaq2.jpg",620,349,false],"1536x1536":["https:\/\/arantv.az\/wp-content\/uploads\/2019\/10\/bicaq2.jpg",620,349,false],"2048x2048":["https:\/\/arantv.az\/wp-content\/uploads\/2019\/10\/bicaq2.jpg",620,349,false],"post-thumbnail":["https:\/\/arantv.az\/wp-content\/uploads\/2019\/10\/bicaq2-240x172.jpg",240,172,true],"advps-thumb-one":["https:\/\/arantv.az\/wp-content\/uploads\/2019\/10\/bicaq2.jpg",620,349,false]},"rttpg_author":{"display_name":"V\u00fcsal Rafiqo\u011flu","author_link":"https:\/\/arantv.az\/?author=2"},"rttpg_comment":0,"rttpg_category":"<a href=\"https:\/\/arantv.az\/?cat=3\" rel=\"category\">Kriminal<\/a>","rttpg_excerpt":"Ab\u015feronda b\u0131\u00e7aqlanma hadis\u0259si ba\u015f verib. ARANTV.AZ\u00a0x\u0259b\u0259r verir ki, Pirk\u00fc\u015fk\u00fcl q\u0259s\u0259b\u0259sind\u0259 2 qon\u015fu aras\u0131nda m\u00fcbahis\u0259 yaran\u0131b. \u018flb\u0259yaxa davaya \u00e7evril\u0259n m\u00fcbahis\u0259 zaman\u0131 1989-cu il t\u0259v\u0259ll\u00fcdl\u00fc \u018fliyev Ruslan \u018fli o\u011fluna qon\u015fusu t\u0259r\u0259find\u0259n b\u0131\u00e7aqla x\u0259sar\u0259t yetirilib. Yaral\u0131 a\u011f\u0131r v\u0259ziyy\u0259td\u0259 x\u0259st\u0259xanaya \u00e7atd\u0131r\u0131laraq c\u0259rrahi \u0259m\u0259liyyat edilib. K\u00fcr\u0259k nahiy\u0259sinin k\u0259silmi\u015f-de\u015filmi\u015f yaras\u0131 diaqnozu qoyulan R.\u018fliyev reanimasiya \u015f\u00f6b\u0259sin\u0259 yerl\u0259\u015fdirilib. Faktla ba\u011fl\u0131 Ab\u015feron Rayon Polis&hellip;","_links":{"self":[{"href":"https:\/\/arantv.az\/index.php?rest_route=\/wp\/v2\/posts\/82848"}],"collection":[{"href":"https:\/\/arantv.az\/index.php?rest_route=\/wp\/v2\/posts"}],"about":[{"href":"https:\/\/arantv.az\/index.php?rest_route=\/wp\/v2\/types\/post"}],"author":[{"embeddable":true,"href":"https:\/\/arantv.az\/index.php?rest_route=\/wp\/v2\/users\/2"}],"replies":[{"embeddable":true,"href":"https:\/\/arantv.az\/index.php?rest_route=%2Fwp%2Fv2%2Fcomments&post=82848"}],"version-history":[{"count":0,"href":"https:\/\/arantv.az\/index.php?rest_route=\/wp\/v2\/posts\/82848\/revisions"}],"wp:featuredmedia":[{"embeddable":true,"href":"https:\/\/arantv.az\/index.php?rest_route=\/wp\/v2\/media\/82849"}],"wp:attachment":[{"href":"https:\/\/arantv.az\/index.php?rest_route=%2Fwp%2Fv2%2Fmedia&parent=82848"}],"wp:term":[{"taxonomy":"category","embeddable":true,"href":"https:\/\/arantv.az\/index.php?rest_route=%2Fwp%2Fv2%2Fcategories&post=82848"},{"taxonomy":"post_tag","embeddable":true,"href":"https:\/\/arantv.az\/index.php?rest_route=%2Fwp%2Fv2%2Ftags&post=82848"}],"curies":[{"name":"wp","href":"https:\/\/api.w.org\/{rel}","templated":true}]}}