{"id":82852,"date":"2019-10-02T07:49:24","date_gmt":"2019-10-02T04:49:24","guid":{"rendered":"http:\/\/arantv.az\/?p=82852"},"modified":"2019-10-02T07:49:24","modified_gmt":"2019-10-02T04:49:24","slug":"mehriban-%c9%99liyeva-ii-n%c9%99simi-seir-inc%c9%99s%c9%99n%c9%99t-v%c9%99-m%c9%99n%c9%99viyyat-festivalinin-baglanis-qala-tamasasinda-istirak-edib","status":"publish","type":"post","link":"https:\/\/arantv.az\/?p=82852","title":{"rendered":"Mehriban \u018fliyeva II N\u0259simi-\u015feir, inc\u0259s\u0259n\u0259t v\u0259 m\u0259n\u0259viyyat Festival\u0131n\u0131n ba\u011flan\u0131\u015f qala-tama\u015fas\u0131nda i\u015ftirak edib"},"content":{"rendered":"<p>Oktyabr\u0131n 1-d\u0259 Heyd\u0259r \u018fliyev M\u0259rk\u0259zind\u0259 II N\u0259simi-\u015feir, inc\u0259s\u0259n\u0259t v\u0259 m\u0259n\u0259viyyat Festival\u0131n\u0131n ba\u011flan\u0131\u015f qala-tama\u015fas\u0131 olub.<\/p>\n<p><strong>ARANTV.AZ<\/strong> x\u0259b\u0259r verir ki, Az\u0259rbaycan Respublikas\u0131n\u0131n Birinci vitse-prezidenti Mehriban \u018fliyeva t\u0259dbird\u0259 i\u015ftirak edib.<\/p>\n<p>Qala-tama\u015fada Az\u0259rbaycan inc\u0259s\u0259n\u0259t xadiml\u0259rinin, \u00dczeyir Hac\u0131b\u0259yli ad\u0131na Az\u0259rbaycan D\u00f6vl\u0259t Simfonik Orkestrinin, Milli Konservatoriyan\u0131n n\u0259zdind\u0259 yarad\u0131lan q\u0259dim musiqi al\u0259tl\u0259rind\u0259n ibar\u0259t \u201c\u018fsrl\u0259rin s\u0259das\u0131\u201d ansambl\u0131n\u0131n, o c\u00fcml\u0259d\u0259n T\u00fcrkiy\u0259, \u0130ran, \u0130ordaniya v\u0259 M\u0259rake\u015fd\u0259n d\u0259v\u0259t olunan musiqi\u00e7il\u0259rin, AB\u015e-dan caz ifa\u00e7\u0131s\u0131, piano\u00e7u Dan Tepferin, xan\u0259nd\u0259 Elsev\u0259r Muradovun ifalar\u0131 dinl\u0259nilib.<\/p>\n<div id=\"AdviadNativeVideo0\" class=\"AdviadNativeVideo\"><\/div>\n<p>Eyni zamanda, b\u0259st\u0259kar R\u0259hil\u0259 H\u0259s\u0259novan\u0131n simfonik orkestr \u00fc\u00e7\u00fcn \u201cUlduzlara lay-lay\u201d \u0259s\u0259ri, Ayaz Q\u0259mb\u0259rlinin N\u0259simi festival\u0131 \u00fc\u00e7\u00fcn b\u0259st\u0259l\u0259diyi \u201cMozaika\u201d \u0259s\u0259ri t\u0259qdim olunub.<\/p>\n<p>N\u0259fis b\u0259dii v\u0259 video t\u0259rtibatla z\u0259ngin olan qala-tama\u015fa m\u00fcxt\u0259lif m\u0259d\u0259niyy\u0259tl\u0259rin v\u0259 zamanlar\u0131n g\u00f6r\u00fc\u015f\u00fcn\u00fc canland\u0131raraq r\u0259mzi olaraq \u015feir, inc\u0259s\u0259n\u0259t v\u0259 m\u0259n\u0259viyyat d\u00fcnyas\u0131n\u0131 t\u0259qdim edib.<\/p>\n<p>Tama\u015fada, h\u0259m\u00e7inin dahi \u015fair \u0130mad\u0259ddin N\u0259siminin m\u00fcxt\u0259lif ya\u015flardak\u0131 obraz\u0131 aktyorlar\u0131n t\u0259qdimat\u0131nda canland\u0131r\u0131l\u0131b.<\/p>\n<p>Proqram \u0259rzind\u0259 \u0130mad\u0259ddin N\u0259siminin \u015feir d\u00fcnyas\u0131n\u0131n \u00fcmumb\u0259\u015f\u0259riliyi, \u015fairin m\u00fcasir d\u00f6vrl\u0259 s\u0259sl\u0259\u015f\u0259n ruhu n\u00fcmayi\u015f olunub.<\/p>\n<p>Qeyd ed\u0259k ki, II N\u0259simi \u2013 \u015feir, inc\u0259s\u0259n\u0259t v\u0259 m\u0259n\u0259viyyat Festival\u0131 sentyabr\u0131n 28-d\u0259n ba\u015flay\u0131b. Heyd\u0259r \u018fliyev Fondu v\u0259 M\u0259d\u0259niyy\u0259t Nazirliyinin t\u0259\u015fkilat\u00e7\u0131l\u0131\u011f\u0131 il\u0259 realla\u015fan festival dahi Az\u0259rbaycan \u015fairi v\u0259 m\u00fct\u0259f\u0259kkiri \u0130mad\u0259ddin N\u0259siminin yarad\u0131c\u0131l\u0131\u011f\u0131n\u0131n t\u0259dqiqi v\u0259 t\u0259bli\u011fi, onun fikir v\u0259 d\u00fc\u015f\u00fcnc\u0259l\u0259rinin m\u00fcasirlikd\u0259 \u0259ksini izl\u0259m\u0259k m\u0259qs\u0259di da\u015f\u0131y\u0131r. D\u00f6rd g\u00fcn \u0259rzind\u0259 N\u0259simi yarad\u0131c\u0131l\u0131\u011f\u0131na m\u00fcxt\u0259lif istiqam\u0259tl\u0259rd\u0259n diqq\u0259t yetirilib, yeni maraql\u0131 layih\u0259l\u0259r vasit\u0259sil\u0259 dahi \u015fairin yarad\u0131c\u0131l\u0131\u011f\u0131na v\u0259 f\u0259ls\u0259f\u0259sin\u0259 bax\u0131\u015f olub.<\/p>\n<p>Bud\u0259f\u0259ki festival h\u0259m d\u0259 \u015fairin 650 illik yubileyin\u0259 t\u0259sad\u00fcf edib. Qeyd ed\u0259k ki, Az\u0259rbaycan Respublikas\u0131n\u0131n Prezidenti \u0130lham \u018fliyevin S\u0259r\u0259ncam\u0131 il\u0259 Az\u0259rbaycan \u015fairi v\u0259 m\u00fct\u0259f\u0259kkiri \u0130mad\u0259ddin N\u0259siminin anadan olmas\u0131n\u0131n 650 illiyi il\u0259 \u0259laq\u0259dar 2019-cu il \u201cN\u0259simi ili\u201d elan olunub.<\/p>\n<p>Festival g\u00fcnl\u0259rind\u0259 Bak\u0131da v\u0259 \u015fairin do\u011fuldu\u011fu \u015eamax\u0131 \u015f\u0259h\u0259rind\u0259 t\u0259\u015fkil olunan t\u0259dbirl\u0259rd\u0259 N\u0259simi poeziyas\u0131, b\u00f6y\u00fck m\u00fct\u0259f\u0259kkirin f\u0259ls\u0259fi ideyalar\u0131 m\u00fcxt\u0259lif inc\u0259s\u0259n\u0259t n\u00f6vl\u0259ri v\u0259 onlar\u0131n ah\u0259ngi vasit\u0259sil\u0259 t\u0259r\u0259nn\u00fcm edilib.oxu.az<\/p>\n","protected":false},"excerpt":{"rendered":"<p>Oktyabr\u0131n 1-d\u0259 Heyd\u0259r \u018fliyev M\u0259rk\u0259zind\u0259 II N\u0259simi-\u015feir, inc\u0259s\u0259n\u0259t v\u0259 m\u0259n\u0259viyyat Festival\u0131n\u0131n ba\u011flan\u0131\u015f qala-tama\u015fas\u0131 olub. ARANTV.AZ x\u0259b\u0259r verir ki, Az\u0259rbaycan Respublikas\u0131n\u0131n Birinci vitse-prezidenti Mehriban \u018fliyeva t\u0259dbird\u0259 i\u015ftirak edib. Qala-tama\u015fada Az\u0259rbaycan inc\u0259s\u0259n\u0259t xadiml\u0259rinin, \u00dczeyir Hac\u0131b\u0259yli ad\u0131na Az\u0259rbaycan D\u00f6vl\u0259t Simfonik Orkestrinin, Milli Konservatoriyan\u0131n n\u0259zdind\u0259 yarad\u0131lan q\u0259dim musiqi al\u0259tl\u0259rind\u0259n ibar\u0259t \u201c\u018fsrl\u0259rin s\u0259das\u0131\u201d ansambl\u0131n\u0131n, o c\u00fcml\u0259d\u0259n T\u00fcrkiy\u0259, \u0130ran, \u0130ordaniya v\u0259 M\u0259rake\u015fd\u0259n d\u0259v\u0259t olunan musiqi\u00e7il\u0259rin, AB\u015e-dan caz ifa\u00e7\u0131s\u0131, piano\u00e7u Dan Tepferin, xan\u0259nd\u0259 Elsev\u0259r Muradovun ifalar\u0131 dinl\u0259nilib. Eyni zamanda, b\u0259st\u0259kar R\u0259hil\u0259 H\u0259s\u0259novan\u0131n simfonik orkestr \u00fc\u00e7\u00fcn \u201cUlduzlara lay-lay\u201d \u0259s\u0259ri, Ayaz Q\u0259mb\u0259rlinin N\u0259simi festival\u0131 \u00fc\u00e7\u00fcn b\u0259st\u0259l\u0259diyi \u201cMozaika\u201d \u0259s\u0259ri t\u0259qdim&hellip;<\/p>\n","protected":false},"author":2,"featured_media":82853,"comment_status":"closed","ping_status":"closed","sticky":false,"template":"","format":"standard","meta":{"om_disable_all_campaigns":false,"_monsterinsights_skip_tracking":false,"_monsterinsights_sitenote_active":false,"_monsterinsights_sitenote_note":"","_monsterinsights_sitenote_category":0},"categories":[4],"tags":[],"aioseo_notices":[],"gutentor_comment":0,"rttpg_featured_image_url":{"full":["https:\/\/arantv.az\/wp-content\/uploads\/2019\/10\/tedbir.jpg",620,391,false],"landscape":["https:\/\/arantv.az\/wp-content\/uploads\/2019\/10\/tedbir.jpg",620,391,false],"portraits":["https:\/\/arantv.az\/wp-content\/uploads\/2019\/10\/tedbir.jpg",620,391,false],"thumbnail":["https:\/\/arantv.az\/wp-content\/uploads\/2019\/10\/tedbir-150x150.jpg",150,150,true],"medium":["https:\/\/arantv.az\/wp-content\/uploads\/2019\/10\/tedbir-300x189.jpg",300,189,true],"large":["https:\/\/arantv.az\/wp-content\/uploads\/2019\/10\/tedbir.jpg",620,391,false],"1536x1536":["https:\/\/arantv.az\/wp-content\/uploads\/2019\/10\/tedbir.jpg",620,391,false],"2048x2048":["https:\/\/arantv.az\/wp-content\/uploads\/2019\/10\/tedbir.jpg",620,391,false],"post-thumbnail":["https:\/\/arantv.az\/wp-content\/uploads\/2019\/10\/tedbir-240x172.jpg",240,172,true],"advps-thumb-one":["https:\/\/arantv.az\/wp-content\/uploads\/2019\/10\/tedbir.jpg",620,391,false]},"rttpg_author":{"display_name":"V\u00fcsal Rafiqo\u011flu","author_link":"https:\/\/arantv.az\/?author=2"},"rttpg_comment":0,"rttpg_category":"<a href=\"https:\/\/arantv.az\/?cat=4\" rel=\"category\">Siyas\u0259t<\/a>","rttpg_excerpt":"Oktyabr\u0131n 1-d\u0259 Heyd\u0259r \u018fliyev M\u0259rk\u0259zind\u0259 II N\u0259simi-\u015feir, inc\u0259s\u0259n\u0259t v\u0259 m\u0259n\u0259viyyat Festival\u0131n\u0131n ba\u011flan\u0131\u015f qala-tama\u015fas\u0131 olub. ARANTV.AZ x\u0259b\u0259r verir ki, Az\u0259rbaycan Respublikas\u0131n\u0131n Birinci vitse-prezidenti Mehriban \u018fliyeva t\u0259dbird\u0259 i\u015ftirak edib. Qala-tama\u015fada Az\u0259rbaycan inc\u0259s\u0259n\u0259t xadiml\u0259rinin, \u00dczeyir Hac\u0131b\u0259yli ad\u0131na Az\u0259rbaycan D\u00f6vl\u0259t Simfonik Orkestrinin, Milli Konservatoriyan\u0131n n\u0259zdind\u0259 yarad\u0131lan q\u0259dim musiqi al\u0259tl\u0259rind\u0259n ibar\u0259t \u201c\u018fsrl\u0259rin s\u0259das\u0131\u201d ansambl\u0131n\u0131n, o c\u00fcml\u0259d\u0259n T\u00fcrkiy\u0259, \u0130ran, \u0130ordaniya v\u0259&hellip;","_links":{"self":[{"href":"https:\/\/arantv.az\/index.php?rest_route=\/wp\/v2\/posts\/82852"}],"collection":[{"href":"https:\/\/arantv.az\/index.php?rest_route=\/wp\/v2\/posts"}],"about":[{"href":"https:\/\/arantv.az\/index.php?rest_route=\/wp\/v2\/types\/post"}],"author":[{"embeddable":true,"href":"https:\/\/arantv.az\/index.php?rest_route=\/wp\/v2\/users\/2"}],"replies":[{"embeddable":true,"href":"https:\/\/arantv.az\/index.php?rest_route=%2Fwp%2Fv2%2Fcomments&post=82852"}],"version-history":[{"count":0,"href":"https:\/\/arantv.az\/index.php?rest_route=\/wp\/v2\/posts\/82852\/revisions"}],"wp:featuredmedia":[{"embeddable":true,"href":"https:\/\/arantv.az\/index.php?rest_route=\/wp\/v2\/media\/82853"}],"wp:attachment":[{"href":"https:\/\/arantv.az\/index.php?rest_route=%2Fwp%2Fv2%2Fmedia&parent=82852"}],"wp:term":[{"taxonomy":"category","embeddable":true,"href":"https:\/\/arantv.az\/index.php?rest_route=%2Fwp%2Fv2%2Fcategories&post=82852"},{"taxonomy":"post_tag","embeddable":true,"href":"https:\/\/arantv.az\/index.php?rest_route=%2Fwp%2Fv2%2Ftags&post=82852"}],"curies":[{"name":"wp","href":"https:\/\/api.w.org\/{rel}","templated":true}]}}