{"id":82856,"date":"2019-10-02T07:52:28","date_gmt":"2019-10-02T04:52:28","guid":{"rendered":"http:\/\/arantv.az\/?p=82856"},"modified":"2019-10-02T07:52:28","modified_gmt":"2019-10-02T04:52:28","slug":"g%c9%99ncl%c9%99r-fonduna-dord-milyon-manat-ayrildi","status":"publish","type":"post","link":"https:\/\/arantv.az\/?p=82856","title":{"rendered":"G\u0259ncl\u0259r Fonduna d\u00f6rd milyon manat ayr\u0131ld\u0131"},"content":{"rendered":"<p>Prezident \u0130lham \u018fliyev Az\u0259rbaycan Respublikas\u0131n\u0131n G\u0259ncl\u0259r Fondunun f\u0259aliyy\u0259tinin d\u0259st\u0259kl\u0259nm\u0259si il\u0259 ba\u011fl\u0131 \u0259lav\u0259 t\u0259dbirl\u0259r haqq\u0131nda s\u0259r\u0259ncam\u00a0<a href=\"https:\/\/azertag.az\/xeber\/Azerbaycan_Respublikasinin_Gencler_Fondunun_fealiyyetinin_desteklenmesi_ile_bagli_elave_tedbirler_haqqinda__Azerbaycan_Respublikasi_Prezidentinin_Serencami-1337167\" target=\"_blank\" rel=\"noopener\">imzalay\u0131b<\/a>.<\/p>\n<div id=\"AdviadNativeVideo0\" class=\"AdviadNativeVideo\"><\/div>\n<p>S\u0259r\u0259ncama \u0259sas\u0259n, \u00f6lk\u0259nin \u015f\u0259h\u0259r v\u0259 rayonlar\u0131nda f\u0259aliyy\u0259t g\u00f6st\u0259r\u0259n Heyd\u0259r \u018fliyev m\u0259rk\u0259zl\u0259rind\u0259 G\u0259ncl\u0259rin \u0130nki\u015faf v\u0259 Karyera M\u0259rk\u0259zinin n\u00fcmay\u0259nd\u0259likl\u0259rinin yarad\u0131lmas\u0131 v\u0259 f\u0259aliyy\u0259tinin t\u0259min edilm\u0259si m\u0259qs\u0259dil\u0259 Az\u0259rbaycan Respublikas\u0131n\u0131n 2019-cu il d\u00f6vl\u0259t b\u00fcdc\u0259sind\u0259 n\u0259z\u0259rd\u0259 tutulmu\u015f Az\u0259rbaycan Respublikas\u0131 Prezidentinin ehtiyat fondundan Az\u0259rbaycan Respublikas\u0131n\u0131n G\u0259ncl\u0259r Fonduna d\u00f6rd\u00a0milyon manat ayr\u0131l\u0131b.<\/p>\n<p>Maliyy\u0259 Nazirliyi m\u00fcvafiq m\u0259bl\u0259\u011fd\u0259 maliyy\u0259l\u0259\u015fm\u0259ni t\u0259min etm\u0259lidir.<\/p>\n","protected":false},"excerpt":{"rendered":"<p>Prezident \u0130lham \u018fliyev Az\u0259rbaycan Respublikas\u0131n\u0131n G\u0259ncl\u0259r Fondunun f\u0259aliyy\u0259tinin d\u0259st\u0259kl\u0259nm\u0259si il\u0259 ba\u011fl\u0131 \u0259lav\u0259 t\u0259dbirl\u0259r haqq\u0131nda s\u0259r\u0259ncam\u00a0imzalay\u0131b. S\u0259r\u0259ncama \u0259sas\u0259n, \u00f6lk\u0259nin \u015f\u0259h\u0259r v\u0259 rayonlar\u0131nda f\u0259aliyy\u0259t g\u00f6st\u0259r\u0259n Heyd\u0259r \u018fliyev m\u0259rk\u0259zl\u0259rind\u0259 G\u0259ncl\u0259rin \u0130nki\u015faf v\u0259 Karyera M\u0259rk\u0259zinin n\u00fcmay\u0259nd\u0259likl\u0259rinin yarad\u0131lmas\u0131 v\u0259 f\u0259aliyy\u0259tinin t\u0259min edilm\u0259si m\u0259qs\u0259dil\u0259 Az\u0259rbaycan Respublikas\u0131n\u0131n 2019-cu il d\u00f6vl\u0259t b\u00fcdc\u0259sind\u0259 n\u0259z\u0259rd\u0259 tutulmu\u015f Az\u0259rbaycan Respublikas\u0131 Prezidentinin ehtiyat fondundan Az\u0259rbaycan Respublikas\u0131n\u0131n G\u0259ncl\u0259r Fonduna d\u00f6rd\u00a0milyon manat ayr\u0131l\u0131b. Maliyy\u0259 Nazirliyi m\u00fcvafiq m\u0259bl\u0259\u011fd\u0259 maliyy\u0259l\u0259\u015fm\u0259ni t\u0259min etm\u0259lidir.<\/p>\n","protected":false},"author":2,"featured_media":82857,"comment_status":"closed","ping_status":"closed","sticky":false,"template":"","format":"standard","meta":{"om_disable_all_campaigns":false,"_monsterinsights_skip_tracking":false,"_monsterinsights_sitenote_active":false,"_monsterinsights_sitenote_note":"","_monsterinsights_sitenote_category":0},"categories":[4],"tags":[],"aioseo_notices":[],"gutentor_comment":0,"rttpg_featured_image_url":{"full":["https:\/\/arantv.az\/wp-content\/uploads\/2019\/10\/409257661.jpg",620,389,false],"landscape":["https:\/\/arantv.az\/wp-content\/uploads\/2019\/10\/409257661.jpg",620,389,false],"portraits":["https:\/\/arantv.az\/wp-content\/uploads\/2019\/10\/409257661.jpg",620,389,false],"thumbnail":["https:\/\/arantv.az\/wp-content\/uploads\/2019\/10\/409257661-150x150.jpg",150,150,true],"medium":["https:\/\/arantv.az\/wp-content\/uploads\/2019\/10\/409257661-300x188.jpg",300,188,true],"large":["https:\/\/arantv.az\/wp-content\/uploads\/2019\/10\/409257661.jpg",620,389,false],"1536x1536":["https:\/\/arantv.az\/wp-content\/uploads\/2019\/10\/409257661.jpg",620,389,false],"2048x2048":["https:\/\/arantv.az\/wp-content\/uploads\/2019\/10\/409257661.jpg",620,389,false],"post-thumbnail":["https:\/\/arantv.az\/wp-content\/uploads\/2019\/10\/409257661-240x172.jpg",240,172,true],"advps-thumb-one":["https:\/\/arantv.az\/wp-content\/uploads\/2019\/10\/409257661.jpg",620,389,false]},"rttpg_author":{"display_name":"V\u00fcsal Rafiqo\u011flu","author_link":"https:\/\/arantv.az\/?author=2"},"rttpg_comment":0,"rttpg_category":"<a href=\"https:\/\/arantv.az\/?cat=4\" rel=\"category\">Siyas\u0259t<\/a>","rttpg_excerpt":"Prezident \u0130lham \u018fliyev Az\u0259rbaycan Respublikas\u0131n\u0131n G\u0259ncl\u0259r Fondunun f\u0259aliyy\u0259tinin d\u0259st\u0259kl\u0259nm\u0259si il\u0259 ba\u011fl\u0131 \u0259lav\u0259 t\u0259dbirl\u0259r haqq\u0131nda s\u0259r\u0259ncam\u00a0imzalay\u0131b. S\u0259r\u0259ncama \u0259sas\u0259n, \u00f6lk\u0259nin \u015f\u0259h\u0259r v\u0259 rayonlar\u0131nda f\u0259aliyy\u0259t g\u00f6st\u0259r\u0259n Heyd\u0259r \u018fliyev m\u0259rk\u0259zl\u0259rind\u0259 G\u0259ncl\u0259rin \u0130nki\u015faf v\u0259 Karyera M\u0259rk\u0259zinin n\u00fcmay\u0259nd\u0259likl\u0259rinin yarad\u0131lmas\u0131 v\u0259 f\u0259aliyy\u0259tinin t\u0259min edilm\u0259si m\u0259qs\u0259dil\u0259 Az\u0259rbaycan Respublikas\u0131n\u0131n 2019-cu il d\u00f6vl\u0259t b\u00fcdc\u0259sind\u0259 n\u0259z\u0259rd\u0259 tutulmu\u015f Az\u0259rbaycan Respublikas\u0131 Prezidentinin ehtiyat fondundan Az\u0259rbaycan Respublikas\u0131n\u0131n G\u0259ncl\u0259r Fonduna&hellip;","_links":{"self":[{"href":"https:\/\/arantv.az\/index.php?rest_route=\/wp\/v2\/posts\/82856"}],"collection":[{"href":"https:\/\/arantv.az\/index.php?rest_route=\/wp\/v2\/posts"}],"about":[{"href":"https:\/\/arantv.az\/index.php?rest_route=\/wp\/v2\/types\/post"}],"author":[{"embeddable":true,"href":"https:\/\/arantv.az\/index.php?rest_route=\/wp\/v2\/users\/2"}],"replies":[{"embeddable":true,"href":"https:\/\/arantv.az\/index.php?rest_route=%2Fwp%2Fv2%2Fcomments&post=82856"}],"version-history":[{"count":0,"href":"https:\/\/arantv.az\/index.php?rest_route=\/wp\/v2\/posts\/82856\/revisions"}],"wp:featuredmedia":[{"embeddable":true,"href":"https:\/\/arantv.az\/index.php?rest_route=\/wp\/v2\/media\/82857"}],"wp:attachment":[{"href":"https:\/\/arantv.az\/index.php?rest_route=%2Fwp%2Fv2%2Fmedia&parent=82856"}],"wp:term":[{"taxonomy":"category","embeddable":true,"href":"https:\/\/arantv.az\/index.php?rest_route=%2Fwp%2Fv2%2Fcategories&post=82856"},{"taxonomy":"post_tag","embeddable":true,"href":"https:\/\/arantv.az\/index.php?rest_route=%2Fwp%2Fv2%2Ftags&post=82856"}],"curies":[{"name":"wp","href":"https:\/\/api.w.org\/{rel}","templated":true}]}}