{"id":82872,"date":"2019-10-02T07:58:03","date_gmt":"2019-10-02T04:58:03","guid":{"rendered":"http:\/\/arantv.az\/?p=82872"},"modified":"2019-10-02T07:58:03","modified_gmt":"2019-10-02T04:58:03","slug":"%c9%99rdogandan-az%c9%99rbaycanla-bagli-muhum-mesaj","status":"publish","type":"post","link":"https:\/\/arantv.az\/?p=82872","title":{"rendered":"\u018frdo\u011fandan Az\u0259rbaycanla ba\u011fl\u0131 m\u00fch\u00fcm &#8211; MESAJ"},"content":{"rendered":"<p>T\u00fcrkiy\u0259 yaln\u0131z qon\u015fular\u0131 il\u0259 deyil, b\u00fct\u00fcn qarda\u015f v\u0259 dostlar\u0131n\u0131n m\u0259s\u0259l\u0259l\u0259ri il\u0259 maraqlanmaq m\u0259cburiyy\u0259tind\u0259dir.<\/p>\n<p><a href=\"https:\/\/www.aa.com.tr\/tr\/turkiye\/cumhurbaskani-erdogan-terorle-arasina-mesafe-koyan-kesimleri-ortak-paydada-bulusmaya-davet-ediyoruz\/1598903\" target=\"_blank\" rel=\"noopener\">\u201cAnadolu\u201d<\/a>\u00a0agentliyi x\u0259b\u0259r verir ki, bunu T\u00fcrkiy\u0259 Prezidenti R\u0259c\u0259b Tayyib \u018frdo\u011fan T\u00fcrkiy\u0259 B\u00f6y\u00fck Mill\u0259t M\u0259clisinin 27-ci \u00e7a\u011f\u0131r\u0131\u015f 3-c\u00fc qanunverici ilinin a\u00e7\u0131l\u0131\u015f\u0131 m\u0259rasimind\u0259 \u00e7\u0131x\u0131\u015f\u0131 zaman\u0131\u00a0deyib.<\/p>\n<div id=\"AdviadNativeVideo0\" class=\"AdviadNativeVideo\"><\/div>\n<p>O bildirib ki, T\u00fcrkiy\u0259 Suriyaya, F\u0259l\u0259stin\u0259, Liviyaya, Pakistana, \u018ffqan\u0131stana arxa \u00e7evirm\u0259yib. R.T.\u018frdo\u011fan daha sonra \u0259lav\u0259 edib:<\/p>\n<p>\u201cBiz \u0130ran\u0131, \u0130raq\u0131 g\u00f6rm\u0259zd\u0259n g\u0259lmirik. Az\u0259rbaycandan Qazax\u0131stana, \u00d6zb\u0259kistandan T\u00fcrkm\u0259nistana, Q\u0131r\u011f\u0131z\u0131standan Kr\u0131ma q\u0259d\u0259r Asiya co\u011frafiyas\u0131n\u0131n he\u00e7 bir yerin\u0259 bigan\u0259 qalmayaca\u011f\u0131q\u201d.<\/p>\n","protected":false},"excerpt":{"rendered":"<p>T\u00fcrkiy\u0259 yaln\u0131z qon\u015fular\u0131 il\u0259 deyil, b\u00fct\u00fcn qarda\u015f v\u0259 dostlar\u0131n\u0131n m\u0259s\u0259l\u0259l\u0259ri il\u0259 maraqlanmaq m\u0259cburiyy\u0259tind\u0259dir. \u201cAnadolu\u201d\u00a0agentliyi x\u0259b\u0259r verir ki, bunu T\u00fcrkiy\u0259 Prezidenti R\u0259c\u0259b Tayyib \u018frdo\u011fan T\u00fcrkiy\u0259 B\u00f6y\u00fck Mill\u0259t M\u0259clisinin 27-ci \u00e7a\u011f\u0131r\u0131\u015f 3-c\u00fc qanunverici ilinin a\u00e7\u0131l\u0131\u015f\u0131 m\u0259rasimind\u0259 \u00e7\u0131x\u0131\u015f\u0131 zaman\u0131\u00a0deyib. O bildirib ki, T\u00fcrkiy\u0259 Suriyaya, F\u0259l\u0259stin\u0259, Liviyaya, Pakistana, \u018ffqan\u0131stana arxa \u00e7evirm\u0259yib. R.T.\u018frdo\u011fan daha sonra \u0259lav\u0259 edib: \u201cBiz \u0130ran\u0131, \u0130raq\u0131 g\u00f6rm\u0259zd\u0259n g\u0259lmirik. Az\u0259rbaycandan Qazax\u0131stana, \u00d6zb\u0259kistandan T\u00fcrkm\u0259nistana, Q\u0131r\u011f\u0131z\u0131standan Kr\u0131ma q\u0259d\u0259r Asiya co\u011frafiyas\u0131n\u0131n he\u00e7 bir yerin\u0259 bigan\u0259 qalmayaca\u011f\u0131q\u201d.<\/p>\n","protected":false},"author":2,"featured_media":82873,"comment_status":"closed","ping_status":"closed","sticky":false,"template":"","format":"standard","meta":{"om_disable_all_campaigns":false,"_monsterinsights_skip_tracking":false,"_monsterinsights_sitenote_active":false,"_monsterinsights_sitenote_note":"","_monsterinsights_sitenote_category":0},"categories":[7],"tags":[],"aioseo_notices":[],"gutentor_comment":0,"rttpg_featured_image_url":{"full":["https:\/\/arantv.az\/wp-content\/uploads\/2019\/10\/2019_09_yasama_4.jpg",620,427,false],"landscape":["https:\/\/arantv.az\/wp-content\/uploads\/2019\/10\/2019_09_yasama_4.jpg",620,427,false],"portraits":["https:\/\/arantv.az\/wp-content\/uploads\/2019\/10\/2019_09_yasama_4.jpg",620,427,false],"thumbnail":["https:\/\/arantv.az\/wp-content\/uploads\/2019\/10\/2019_09_yasama_4-150x150.jpg",150,150,true],"medium":["https:\/\/arantv.az\/wp-content\/uploads\/2019\/10\/2019_09_yasama_4-300x207.jpg",300,207,true],"large":["https:\/\/arantv.az\/wp-content\/uploads\/2019\/10\/2019_09_yasama_4.jpg",620,427,false],"1536x1536":["https:\/\/arantv.az\/wp-content\/uploads\/2019\/10\/2019_09_yasama_4.jpg",620,427,false],"2048x2048":["https:\/\/arantv.az\/wp-content\/uploads\/2019\/10\/2019_09_yasama_4.jpg",620,427,false],"post-thumbnail":["https:\/\/arantv.az\/wp-content\/uploads\/2019\/10\/2019_09_yasama_4-240x172.jpg",240,172,true],"advps-thumb-one":["https:\/\/arantv.az\/wp-content\/uploads\/2019\/10\/2019_09_yasama_4.jpg",620,427,false]},"rttpg_author":{"display_name":"V\u00fcsal Rafiqo\u011flu","author_link":"https:\/\/arantv.az\/?author=2"},"rttpg_comment":0,"rttpg_category":"<a href=\"https:\/\/arantv.az\/?cat=7\" rel=\"category\">D\u00fcnya<\/a>","rttpg_excerpt":"T\u00fcrkiy\u0259 yaln\u0131z qon\u015fular\u0131 il\u0259 deyil, b\u00fct\u00fcn qarda\u015f v\u0259 dostlar\u0131n\u0131n m\u0259s\u0259l\u0259l\u0259ri il\u0259 maraqlanmaq m\u0259cburiyy\u0259tind\u0259dir. \u201cAnadolu\u201d\u00a0agentliyi x\u0259b\u0259r verir ki, bunu T\u00fcrkiy\u0259 Prezidenti R\u0259c\u0259b Tayyib \u018frdo\u011fan T\u00fcrkiy\u0259 B\u00f6y\u00fck Mill\u0259t M\u0259clisinin 27-ci \u00e7a\u011f\u0131r\u0131\u015f 3-c\u00fc qanunverici ilinin a\u00e7\u0131l\u0131\u015f\u0131 m\u0259rasimind\u0259 \u00e7\u0131x\u0131\u015f\u0131 zaman\u0131\u00a0deyib. O bildirib ki, T\u00fcrkiy\u0259 Suriyaya, F\u0259l\u0259stin\u0259, Liviyaya, Pakistana, \u018ffqan\u0131stana arxa \u00e7evirm\u0259yib. R.T.\u018frdo\u011fan daha sonra \u0259lav\u0259 edib: \u201cBiz \u0130ran\u0131, \u0130raq\u0131&hellip;","_links":{"self":[{"href":"https:\/\/arantv.az\/index.php?rest_route=\/wp\/v2\/posts\/82872"}],"collection":[{"href":"https:\/\/arantv.az\/index.php?rest_route=\/wp\/v2\/posts"}],"about":[{"href":"https:\/\/arantv.az\/index.php?rest_route=\/wp\/v2\/types\/post"}],"author":[{"embeddable":true,"href":"https:\/\/arantv.az\/index.php?rest_route=\/wp\/v2\/users\/2"}],"replies":[{"embeddable":true,"href":"https:\/\/arantv.az\/index.php?rest_route=%2Fwp%2Fv2%2Fcomments&post=82872"}],"version-history":[{"count":0,"href":"https:\/\/arantv.az\/index.php?rest_route=\/wp\/v2\/posts\/82872\/revisions"}],"wp:featuredmedia":[{"embeddable":true,"href":"https:\/\/arantv.az\/index.php?rest_route=\/wp\/v2\/media\/82873"}],"wp:attachment":[{"href":"https:\/\/arantv.az\/index.php?rest_route=%2Fwp%2Fv2%2Fmedia&parent=82872"}],"wp:term":[{"taxonomy":"category","embeddable":true,"href":"https:\/\/arantv.az\/index.php?rest_route=%2Fwp%2Fv2%2Fcategories&post=82872"},{"taxonomy":"post_tag","embeddable":true,"href":"https:\/\/arantv.az\/index.php?rest_route=%2Fwp%2Fv2%2Ftags&post=82872"}],"curies":[{"name":"wp","href":"https:\/\/api.w.org\/{rel}","templated":true}]}}