{"id":828835,"date":"2025-09-29T06:33:52","date_gmt":"2025-09-29T02:33:52","guid":{"rendered":"https:\/\/arantv.az\/?p=828835"},"modified":"2025-09-29T06:33:52","modified_gmt":"2025-09-29T02:33:52","slug":"az%c9%99rbaycana-qarsi-daha-bir-t%c9%99xribat-bu-foto-saxtadir","status":"publish","type":"post","link":"https:\/\/arantv.az\/?p=828835","title":{"rendered":"Az\u0259rbaycana qar\u015f\u0131 daha bir t\u0259xribat &#8211; Bu foto saxtad\u0131r"},"content":{"rendered":"<p><strong>Sosial \u015f\u0259b\u0259k\u0259l\u0259rin T\u00fcrkiy\u0259 seqmentind\u0259 Az\u0259rbaycana qar\u015f\u0131 n\u00f6vb\u0259ti qarayaxma kampaniyas\u0131 ba\u015flay\u0131b.<\/strong><\/p>\n<p>\u018fsas\u0259n Feysbuk v\u0259 &#8220;X&#8221; sosial \u015f\u0259b\u0259k\u0259l\u0259rind\u0259 \u0130srail Ba\u015f naziri Benyamin Netanyahunun BMT Ba\u015f Assambleyas\u0131nda \u00e7\u0131x\u0131\u015f\u0131 zaman\u0131 Az\u0259rbaycan n\u00fcmay\u0259nd\u0259 hey\u0259tinin guya \u0259l \u00e7ald\u0131\u011f\u0131 haqda m\u0259lumat tirajlan\u0131r.<\/p>\n<p><strong>Halbuki s\u00f6z\u00fcged\u0259n g\u00f6r\u00fcnt\u00fcl\u0259r Az\u0259rbaycan Prezidenti \u0130lham \u018fliyevin \u00e7\u0131x\u0131\u015f\u0131 zaman\u0131 \u00e7\u0259kilib.<\/strong><\/p>\n<p>Xat\u0131rladaq ki, Benyamin Netanyahunun BMT Ba\u015f Assambleyas\u0131nda \u00e7\u0131x\u0131\u015f\u0131 zaman\u0131 \u0259sas\u0259n m\u00fcs\u0259lman \u00f6lk\u0259l\u0259rinin diplomatlar\u0131 zal\u0131 t\u0259rk edib.<\/p>\n<p>Bundan \u0259vv\u0259l T\u00fcrkiy\u0259nin b\u0259zi media qurumlar\u0131nda guya Bak\u0131n\u0131n \u0130srailin &#8220;Eurovision&#8221;dan uzaqla\u015fd\u0131r\u0131laca\u011f\u0131 t\u0259qdird\u0259 Az\u0259rbaycan\u0131n da bu yar\u0131\u015fmadan imtina ed\u0259c\u0259yini bildirdiyi haqda yalan yay\u0131l\u0131b.\\\\Modern.az<\/p>\n<p>&nbsp;<\/p>\n","protected":false},"excerpt":{"rendered":"<p>Sosial \u015f\u0259b\u0259k\u0259l\u0259rin T\u00fcrkiy\u0259 seqmentind\u0259 Az\u0259rbaycana qar\u015f\u0131 n\u00f6vb\u0259ti qarayaxma kampaniyas\u0131 ba\u015flay\u0131b. \u018fsas\u0259n Feysbuk v\u0259 &#8220;X&#8221; sosial \u015f\u0259b\u0259k\u0259l\u0259rind\u0259 \u0130srail Ba\u015f naziri Benyamin Netanyahunun BMT Ba\u015f Assambleyas\u0131nda \u00e7\u0131x\u0131\u015f\u0131 zaman\u0131 Az\u0259rbaycan n\u00fcmay\u0259nd\u0259 hey\u0259tinin guya \u0259l \u00e7ald\u0131\u011f\u0131 haqda m\u0259lumat tirajlan\u0131r. Halbuki s\u00f6z\u00fcged\u0259n g\u00f6r\u00fcnt\u00fcl\u0259r Az\u0259rbaycan Prezidenti \u0130lham \u018fliyevin \u00e7\u0131x\u0131\u015f\u0131 zaman\u0131 \u00e7\u0259kilib. Xat\u0131rladaq ki, Benyamin Netanyahunun BMT Ba\u015f Assambleyas\u0131nda \u00e7\u0131x\u0131\u015f\u0131 zaman\u0131 \u0259sas\u0259n m\u00fcs\u0259lman \u00f6lk\u0259l\u0259rinin diplomatlar\u0131 zal\u0131 t\u0259rk edib. Bundan \u0259vv\u0259l T\u00fcrkiy\u0259nin b\u0259zi media qurumlar\u0131nda guya Bak\u0131n\u0131n \u0130srailin &#8220;Eurovision&#8221;dan uzaqla\u015fd\u0131r\u0131laca\u011f\u0131 t\u0259qdird\u0259 Az\u0259rbaycan\u0131n da bu yar\u0131\u015fmadan imtina ed\u0259c\u0259yini bildirdiyi haqda yalan yay\u0131l\u0131b.\\\\Modern.az &nbsp;<\/p>\n","protected":false},"author":2,"featured_media":828836,"comment_status":"closed","ping_status":"closed","sticky":false,"template":"","format":"standard","meta":{"om_disable_all_campaigns":false,"_monsterinsights_skip_tracking":false,"_monsterinsights_sitenote_active":false,"_monsterinsights_sitenote_note":"","_monsterinsights_sitenote_category":0},"categories":[4],"tags":[],"aioseo_notices":[],"gutentor_comment":0,"rttpg_featured_image_url":{"full":["https:\/\/arantv.az\/wp-content\/uploads\/2025\/09\/6320daa15c2dd07e4227c6bc7c9ee361.jpg",870,500,false],"landscape":["https:\/\/arantv.az\/wp-content\/uploads\/2025\/09\/6320daa15c2dd07e4227c6bc7c9ee361.jpg",870,500,false],"portraits":["https:\/\/arantv.az\/wp-content\/uploads\/2025\/09\/6320daa15c2dd07e4227c6bc7c9ee361.jpg",870,500,false],"thumbnail":["https:\/\/arantv.az\/wp-content\/uploads\/2025\/09\/6320daa15c2dd07e4227c6bc7c9ee361-500x280.jpg",500,280,true],"medium":["https:\/\/arantv.az\/wp-content\/uploads\/2025\/09\/6320daa15c2dd07e4227c6bc7c9ee361-635x365.jpg",635,365,true],"large":["https:\/\/arantv.az\/wp-content\/uploads\/2025\/09\/6320daa15c2dd07e4227c6bc7c9ee361-840x483.jpg",640,368,true],"1536x1536":["https:\/\/arantv.az\/wp-content\/uploads\/2025\/09\/6320daa15c2dd07e4227c6bc7c9ee361.jpg",870,500,false],"2048x2048":["https:\/\/arantv.az\/wp-content\/uploads\/2025\/09\/6320daa15c2dd07e4227c6bc7c9ee361.jpg",870,500,false],"post-thumbnail":["https:\/\/arantv.az\/wp-content\/uploads\/2025\/09\/6320daa15c2dd07e4227c6bc7c9ee361-240x172.jpg",240,172,true],"advps-thumb-one":["https:\/\/arantv.az\/wp-content\/uploads\/2025\/09\/6320daa15c2dd07e4227c6bc7c9ee361.jpg",870,500,false]},"rttpg_author":{"display_name":"V\u00fcsal Rafiqo\u011flu","author_link":"https:\/\/arantv.az\/?author=2"},"rttpg_comment":0,"rttpg_category":"<a href=\"https:\/\/arantv.az\/?cat=4\" rel=\"category\">Siyas\u0259t<\/a>","rttpg_excerpt":"Sosial \u015f\u0259b\u0259k\u0259l\u0259rin T\u00fcrkiy\u0259 seqmentind\u0259 Az\u0259rbaycana qar\u015f\u0131 n\u00f6vb\u0259ti qarayaxma kampaniyas\u0131 ba\u015flay\u0131b. \u018fsas\u0259n Feysbuk v\u0259 &#8220;X&#8221; sosial \u015f\u0259b\u0259k\u0259l\u0259rind\u0259 \u0130srail Ba\u015f naziri Benyamin Netanyahunun BMT Ba\u015f Assambleyas\u0131nda \u00e7\u0131x\u0131\u015f\u0131 zaman\u0131 Az\u0259rbaycan n\u00fcmay\u0259nd\u0259 hey\u0259tinin guya \u0259l \u00e7ald\u0131\u011f\u0131 haqda m\u0259lumat tirajlan\u0131r. Halbuki s\u00f6z\u00fcged\u0259n g\u00f6r\u00fcnt\u00fcl\u0259r Az\u0259rbaycan Prezidenti \u0130lham \u018fliyevin \u00e7\u0131x\u0131\u015f\u0131 zaman\u0131 \u00e7\u0259kilib. Xat\u0131rladaq ki, Benyamin Netanyahunun BMT Ba\u015f Assambleyas\u0131nda \u00e7\u0131x\u0131\u015f\u0131 zaman\u0131 \u0259sas\u0259n&hellip;","_links":{"self":[{"href":"https:\/\/arantv.az\/index.php?rest_route=\/wp\/v2\/posts\/828835"}],"collection":[{"href":"https:\/\/arantv.az\/index.php?rest_route=\/wp\/v2\/posts"}],"about":[{"href":"https:\/\/arantv.az\/index.php?rest_route=\/wp\/v2\/types\/post"}],"author":[{"embeddable":true,"href":"https:\/\/arantv.az\/index.php?rest_route=\/wp\/v2\/users\/2"}],"replies":[{"embeddable":true,"href":"https:\/\/arantv.az\/index.php?rest_route=%2Fwp%2Fv2%2Fcomments&post=828835"}],"version-history":[{"count":2,"href":"https:\/\/arantv.az\/index.php?rest_route=\/wp\/v2\/posts\/828835\/revisions"}],"predecessor-version":[{"id":828838,"href":"https:\/\/arantv.az\/index.php?rest_route=\/wp\/v2\/posts\/828835\/revisions\/828838"}],"wp:featuredmedia":[{"embeddable":true,"href":"https:\/\/arantv.az\/index.php?rest_route=\/wp\/v2\/media\/828836"}],"wp:attachment":[{"href":"https:\/\/arantv.az\/index.php?rest_route=%2Fwp%2Fv2%2Fmedia&parent=828835"}],"wp:term":[{"taxonomy":"category","embeddable":true,"href":"https:\/\/arantv.az\/index.php?rest_route=%2Fwp%2Fv2%2Fcategories&post=828835"},{"taxonomy":"post_tag","embeddable":true,"href":"https:\/\/arantv.az\/index.php?rest_route=%2Fwp%2Fv2%2Ftags&post=828835"}],"curies":[{"name":"wp","href":"https:\/\/api.w.org\/{rel}","templated":true}]}}