{"id":828896,"date":"2025-09-29T21:59:23","date_gmt":"2025-09-29T17:59:23","guid":{"rendered":"https:\/\/arantv.az\/?p=828896"},"modified":"2025-09-29T21:59:23","modified_gmt":"2025-09-29T17:59:23","slug":"turkiy%c9%99-mediasinin-az%c9%99rbaycanla-bagli-saxta-x%c9%99b%c9%99r-kampaniyasi-ankara-niy%c9%99-susur-t%c9%99hlil","status":"publish","type":"post","link":"https:\/\/arantv.az\/?p=828896","title":{"rendered":"T\u00fcrkiy\u0259 mediasin\u0131n Az\u0259rbaycanla ba\u011fl\u0131 saxta x\u0259b\u0259r kampaniyas\u0131: Ankara niy\u0259 susur? &#8211; T\u018fHL\u0130L"},"content":{"rendered":"<p><strong>Son aylarda T\u00fcrkiy\u0259 medias\u0131nda Az\u0259rbaycanla ba\u011fl\u0131 yay\u0131lan saxta v\u0259 t\u0259hrif olunmu\u015f x\u0259b\u0259rl\u0259rin say\u0131 artmaqdad\u0131r. Art\u0131q bu i\u015fin t\u0259sad\u00fcf, hans\u0131sa media qorqan\u0131n\u0131n \u015f\u0259xsi t\u0259\u015f\u0259bb\u00fcs\u00fc olmas\u0131na inanmaq \u00e7ox \u00e7\u0259tindir. \u018fvv\u0259ll\u0259r bunun hans\u0131sa media qurulu\u015funun \u00f6z\u00fcn\u00fcn, yaxud m\u00fc\u0259yy\u0259n q\u00fcvv\u0259l\u0259rin t\u0259xribat\u0131 hesab edirdiks\u0259, indi bu vasit\u0259 il\u0259 m\u0259qs\u0259dy\u00f6nl\u00fc m\u0259\u015f\u011ful olundu\u011funa inan\u0131r\u0131q.<\/strong><\/p>\n<p>\u00c7\u00fcnki davaml\u0131 t\u0259kzibl\u0259r\u0259, Az\u0259rbaycan t\u0259r\u0259finin a\u00e7\u0131qlamalar\u0131na baxmayaraq, saxta x\u0259b\u0259rl\u0259rin tirajlanmas\u0131 davam edir.<\/p>\n<p><strong>Az\u0259rbaycan\u0131n r\u0259smi b\u0259yanatlar\u0131<\/strong><\/p>\n<p><img src=\"https:\/\/media.gov.az\/uploads\/thumbs\/2025\/07\/fake-4-500x316.jpg\" alt=\"B\u0259yanatlar v\u0259 a\u00e7\u0131qlamalar | Media Agentliyi\" \/><\/p>\n<p>Bu ilin \u0259vv\u0259lind\u0259n ba\u015flayaraq, m\u00fcxt\u0259lif vaxtlarda T\u00fcrkiy\u0259 medias\u0131nda Az\u0259rbaycanla ba\u011fl\u0131 saxta x\u0259b\u0259rl\u0259r yay\u0131lma\u011fa ba\u015flad\u0131. Bu ay\u0131n \u0259vv\u0259lind\u0259n is\u0259 \u201csaxta x\u0259b\u0259r kampaniyas\u0131\u201d daha da g\u00fccl\u0259nib. T\u00fcrkiy\u0259nin b\u0259zi media subyektl\u0259rind\u0259 v\u0259 sosial media hesablar\u0131nda Az\u0259rbaycan d\u00f6vl\u0259ti ad\u0131ndan \u201c<a href=\"https:\/\/anlikhaber.com.tr\/azerbaycandan-skandal-eurovision-resti-israil-yoksa-biz-de-yokuz-4601\" target=\"_blank\" rel=\"noopener\">Eurovision 2026<\/a>&#8220;da \u0130srail yoxdursa, biz d\u0259 yoxuq\u201d ba\u015fl\u0131\u011f\u0131 il\u0259 saxta x\u0259b\u0259rl\u0259r tirajlanma\u011fa ba\u015flad\u0131.\u00a0\u018fvv\u0259lc\u0259 bu m\u0259lumat T\u00fcrkiy\u0259nin \u00e7ox oxunmayan, tiraj\u0131 z\u0259if\u00a0<a href=\"https:\/\/www.haber7.com\/medya\/haber\/3563184-israile-darbe-ustune-darbe-5-ulkeden-biz-yokuz-resti-gozler-azerbaycana-cevrildi?fbclid=IwY2xjawNHNIdleHRuA2FlbQIxMABicmlkETExTVZFaWN5UER2UkJLMWZJAR7LKw56hxhi2Vd2VBjreDqGnhRXGwynuMwa2ICxutptjtYqjTDZksUFK42Y7g_aem_HRg4kEePwuPIaJ8o14VsJA\" target=\"_blank\" rel=\"noopener\">saytlar\u0131nda<\/a>\u00a0yay\u0131ld\u0131.\u00a0<a class=\"hyperlink\" href=\"https:\/\/apa.az\/\" target=\"_blank\" rel=\"noopener\">APA<\/a>\u00a0agentliyi x\u0259b\u0259r\u0259 reaksiya verdi v\u0259 m\u0259lumat\u0131n saxta oldu\u011funu yazd\u0131.<\/p>\n<p>Amma T\u00fcrkiy\u0259d\u0259ki h\u0259mkarlar\u0131m\u0131z sakitl\u0259\u015fm\u0259dil\u0259r. Bu saxta x\u0259b\u0259r daha tirajl\u0131 saytlara, daha sonra is\u0259 televiziya m\u00fczakir\u0259l\u0259rin\u0259 da\u015f\u0131nd\u0131. Az\u0259rbaycan\u0131n Media Agentliyi\u00a0<a href=\"https:\/\/media.gov.az\/azerbaycan-respublikasinin-medianin-inkisafi-agentliyinin-aciqlamasi-24\/\" target=\"_blank\" rel=\"noopener\">a\u00e7\u0131qlama yayd\u0131 v\u0259 bildirdi ki, bu, saxta x\u0259b\u0259rdir<\/a>.<\/p>\n<p><img src=\"https:\/\/apa.az\/storage\/news\/upload\/1_1759154017.jpg\" alt=\"\" \/><\/p>\n<p>T\u00fcrk h\u0259mkarlar\u0131m\u0131z yen\u0259 d\u0259 davam etdil\u0259r. Bu d\u0259f\u0259 Avroviziya U\u015faq Yar\u0131\u015fmas\u0131n\u0131n m\u0259tbuat konfrans\u0131nda Az\u0259rbaycan medias\u0131n\u0131n sual\u0131na cavab olaraq T\u0259\u015fkilat Komit\u0259si bir daha b\u0259yan etdi ki, n\u0259 bel\u0259 m\u00fczakir\u0259 olub, n\u0259 d\u0259 bu c\u00fcr q\u0259rar. Bu, saxta x\u0259b\u0259rdir!<\/p>\n<p>Bu a\u00e7\u0131qlamadan sonra is\u0259 T\u00fcrkiy\u0259nin \u201cH\u00fcrriyy\u0259t\u201d v\u0259 \u201cSabah\u201d q\u0259zetl\u0259ri yenid\u0259n eyni yalan\u0131 t\u0259krarlad\u0131lar. Az\u0259rbaycan Media Agentliyinin direktor m\u00fcavini\u00a0<a href=\"https:\/\/apa.az\/media\/media-turkiye-mediasinda-yayilan-saxta-xeberler-birge-media-platformasinin-mahiyyetine-ziddir-918547\" target=\"_blank\" rel=\"noopener\">Natiq M\u0259mm\u0259dli\u00a0<\/a><a class=\"hyperlink\" href=\"https:\/\/apa.az\/\" target=\"_blank\" rel=\"noopener\">APA<\/a>-ya verdiyi m\u00fcsahib\u0259d\u0259 bildirdi ki, bu c\u00fcr m\u0259lumatlar ikit\u0259r\u0259fli m\u00fcnasib\u0259tl\u0259rimiz\u0259 v\u0259 ortaq media platformas\u0131 anlay\u0131\u015f\u0131na ziddir: \u201cAz\u0259rbaycan t\u0259r\u0259fi d\u0259f\u0259l\u0259rl\u0259 bildirib ki, bu x\u0259b\u0259rl\u0259r feykdir\u201d.<\/p>\n<p>T\u00fcrkiy\u0259d\u0259 d\u0259, Az\u0259rbaycanda da, y\u0259qin el\u0259 d\u00fcnyada da \u201cSabah\u201d v\u0259 \u201cH\u00fcriyy\u0259t\u201d q\u0259zetl\u0259rinin, o c\u00fcml\u0259d\u0259n bu feyk x\u0259b\u0259ri m\u00fczakir\u0259 ed\u0259n televiziyalar\u0131n haz\u0131rk\u0131 T\u00fcrkiy\u0259 hakimiyy\u0259tin\u0259 yax\u0131n oldu\u011funu ham\u0131 bilir.<\/p>\n<p><strong>BMT g\u00f6r\u00fcnt\u00fcl\u0259ri v\u0259 dezinformasiya<\/strong><\/p>\n<p><strong><img src=\"https:\/\/apa.az\/storage\/news\/upload\/2_1759153973.jpeg\" alt=\"\" \/><\/strong><\/p>\n<p>T\u0259\u0259cc\u00fcbl\u00fcs\u00fc odur ki, yenid\u0259n daba bir ba\u015f verm\u0259mi\u015f m\u0259s\u0259l\u0259y\u0259 dair \u2013 BMT-d\u0259 b\u00fct\u00fcn d\u00fcnyan\u0131n g\u00f6z\u00fc qar\u015f\u0131s\u0131nda ya\u015fanm\u0131\u015f hadis\u0259 T\u00fcrkiy\u0259 medias\u0131nda t\u0259hrif edildi. T\u00fcrkiy\u0259nin b\u0259zi media v\u0259 sosial \u015f\u0259b\u0259k\u0259 seqmentl\u0259rind\u0259 yay\u0131lan m\u0259lumatda bir s\u0131ra \u00f6lk\u0259l\u0259r t\u0259r\u0259find\u0259n BMT Ba\u015f Assambleyas\u0131nda \u00e7\u0131x\u0131\u015f\u0131 boykot edil\u0259n \u0130srail ba\u015f naziri Netanyahunu dinl\u0259y\u0259nl\u0259r aras\u0131nda Az\u0259rbaycan\u0131n r\u0259smi n\u00fcmay\u0259nd\u0259 hey\u0259tinin oldu\u011funu iddia ed\u0259n saxta foto v\u0259 x\u0259b\u0259r yay\u0131ld\u0131. Halbuki BMT-nin m\u00fczakir\u0259l\u0259ri canl\u0131 yay\u0131mlan\u0131r, BMT-nin sayt\u0131nda da bunlara baxmaq m\u00fcmk\u00fcnd\u00fcr. H\u0259r k\u0259s izl\u0259y\u0259 bil\u0259r. Eyni zamanda BMT sessiyas\u0131nda b\u00fct\u00fcn d\u00fcnya medias\u0131 i\u015ftirak edib, yaln\u0131z T\u00fcrkiy\u0259 medias\u0131 yox. Orada Az\u0259rbaycan da b\u00f6y\u00fck bir media hey\u0259ti il\u0259 t\u0259msil olunub. Az\u0259rbaycan\u0131n apar\u0131c\u0131 agentlikl\u0259ri v\u0259 televiziya kanallar\u0131 Prezidentin s\u0259f\u0259rini Nyu Yorkdan i\u015f\u0131qland\u0131r\u0131blar. Bel\u0259 a\u00e7\u0131q bir t\u0259dbird\u0259, h\u0259r k\u0259sin g\u00f6z\u00fc qar\u015f\u0131s\u0131nda nec\u0259 olur ki, bu c\u00fcr saxta x\u0259b\u0259rl\u0259r haz\u0131rlan\u0131b yay\u0131la bilir? H\u0259r k\u0259s Netanyahu \u00e7\u0131x\u0131\u015f ed\u0259nd\u0259 zalda Az\u0259rbaycan n\u00fcmay\u0259nd\u0259 hey\u0259tinin olmad\u0131\u011f\u0131n\u0131 g\u00f6r\u00fcb. Bu \u015f\u0259kill\u0259ri montaj edib saxta foto il\u0259 x\u0259b\u0259r yaymaq T\u00fcrkiy\u0259 medias\u0131na n\u0259 \u00fcst\u00fcnl\u00fck qazand\u0131ra bil\u0259r?<\/p>\n<p><strong>T\u00fcrkiy\u0259 r\u0259smil\u0259ri niy\u0259 susur?<\/strong><\/p>\n<p>T\u00fcrkiy\u0259d\u0259 Prezident Administrasiyas\u0131 n\u0259zdind\u0259 dezinformasiyaya qar\u015f\u0131 m\u00fcbariz\u0259 aparamaq \u00fc\u00e7\u00fcn yeni qurum yarad\u0131l\u0131b. Bundan \u0259lav\u0259, T\u00fcrkiy\u0259d\u0259 Bas\u0131n Yay\u0131n v\u0259 \u0130nformasiya qurumu (Bas\u0131n-Yay\u0131n ve Enformasyon Genel M\u00fcd\u00fcrl\u00fc\u011f\u00fc) f\u0259aliyy\u0259t g\u00f6st\u0259rir. Bu qurumlar\u0131n m\u00f6vcudlu\u011fu onu g\u00f6st\u0259rir ki, T\u00fcrkiy\u0259 hakimiyy\u0259ti saxta x\u0259b\u0259r m\u0259s\u0259l\u0259sin\u0259 h\u0259ssas yana\u015f\u0131r. Amma nec\u0259 olur ki, T\u00fcrkiy\u0259nin daxilind\u0259 adi bir saxta x\u0259b\u0259r v\u0259 ya foto il\u0259 ba\u011fl\u0131 d\u0259rhal a\u00e7\u0131qlama ver\u0259n bu qurumlar Az\u0259rbaycanla ba\u011fl\u0131 yay\u0131lan saxta m\u0259lumatlara m\u00fcnasib\u0259t bildirmirl\u0259r? \u00dcst\u0259lik, Az\u0259rbaycan\u0131n r\u0259smi qurumlar\u0131n\u0131n v\u0259 etibarl\u0131 medias\u0131n\u0131n bununla ba\u011fl\u0131 yayd\u0131\u011f\u0131 a\u00e7\u0131qlamalara da m\u0259h\u0259l qoyulmur?<\/p>\n<p>Yeri g\u0259llmi\u015fk\u0259n,\u00a0<a class=\"hyperlink\" href=\"https:\/\/apa.az\/\" target=\"_blank\" rel=\"noopener\">APA<\/a>\u00a0T\u00fcrkiy\u0259nin bu qurumlar\u0131na son vaxtlar ba\u015f vermi\u015f saxta x\u0259b\u0259rl\u0259r v\u0259 onlara reaksiya verilm\u0259m\u0259sinin s\u0259b\u0259bi il\u0259 ba\u011fl\u0131 sor\u011fu \u00fcnvanlaylb. H\u0259l\u0259lik sor\u011fuya he\u00e7 bir cavab verilm\u0259yib.<\/p>\n<p><strong>Ortaq media platformas\u0131na ehtiyac qal\u0131rm\u0131?<\/strong><\/p>\n<p><img src=\"https:\/\/apa.az\/storage\/news\/upload\/33_1759154091.webp\" alt=\"\" \/><\/p>\n<p>Az\u0259rbaycan v\u0259 T\u00fcrkiy\u0259 informasiya m\u00fcbadil\u0259si, h\u0259r iki \u00f6lk\u0259nin media qurumlar\u0131n\u0131n daha s\u0131x \u0259m\u0259kda\u015fl\u0131\u011f\u0131 v\u0259 SAXTA X\u018fB\u018fRL\u018fR\u018f qar\u015f\u0131 birg\u0259 m\u00fcbariz\u0259 aparmaq \u00fc\u00e7\u00fcn ortaq media platformas\u0131 yarad\u0131b. Bu platforman\u0131n \u0259sas m\u0259qs\u0259di iki \u00f6lk\u0259 medias\u0131n\u0131n \u00fc\u00e7\u00fcnc\u00fc \u00f6lk\u0259l\u0259rin media vasit\u0259l\u0259rin\u0259 ehtiyac olmadan informasiya m\u00fcbadil\u0259si etm\u0259k \u00fc\u00e7\u00fcn f\u0259aliyy\u0259t g\u00f6st\u0259rm\u0259k, bel\u0259likl\u0259 d\u0259 saxta x\u0259b\u0259rin v\u0259 informasiya diversiyalar\u0131n\u0131n qar\u015f\u0131s\u0131n\u0131 almaqd\u0131r. \u018fg\u0259r feyk x\u0259b\u0259rl\u0259r T\u00fcrkiy\u0259 medias\u0131n\u0131n \u00f6z\u00fc t\u0259r\u0259find\u0259n davaml\u0131 yay\u0131lacaqsa, Az\u0259rbaycan medias\u0131n\u0131n yayd\u0131\u011f\u0131 a\u00e7\u0131qlamalar da n\u0259z\u0259r\u0259 al\u0131nmayacaqsa, onda ortaq media platformas\u0131n\u0131n \u0259h\u0259miyy\u0259tind\u0259n dan\u0131\u015fma\u011f\u0131n m\u0259nas\u0131 qalm\u0131r.<\/p>\n<p><strong>\u0130ran v\u0259 Rusiya medias\u0131ndan sonra T\u00fcrkiy\u0259 medias\u0131<\/strong><\/p>\n<p>T\u00fcrkiy\u0259 medias\u0131n\u0131n Az\u0259rbaycanda \u00f6z n\u00fcfuz dair\u0259sini itirm\u0259k ist\u0259yinin n\u0259 il\u0259 ba\u011fl\u0131 olmas\u0131 sual do\u011furur. BMT-nin t\u0259dbirini i\u015f\u0131qland\u0131ran h\u0259r bir media qurumunun qeydl\u0259rind\u0259 d\u0259 \u0259ks olunub ki, Netanyahu \u00e7\u0131x\u0131\u015f ed\u0259rk\u0259n Az\u0259rbaycan n\u00fcmay\u0259nd\u0259 hey\u0259ti zalda olmay\u0131b. El\u0259c\u0259 d\u0259 \u201cEurovision\u201dla ba\u011fl\u0131 saxta x\u0259b\u0259rl\u0259r.<\/p>\n<p><img src=\"https:\/\/media.gov.az\/uploads\/2025\/09\/6b531398-28e9-4fec-a5a7-8aec162f1541.jpeg\" \/><\/p>\n<p>Bel\u0259 olan halda T\u00fcrkiy\u0259 medias\u0131n\u0131n Az\u0259rbaycanla ba\u011fl\u0131 yayd\u0131\u011f\u0131 yalan x\u0259b\u0259rl\u0259r \u00f6lk\u0259d\u0259 onlara olan inam\u0131 itirir. Rusiya v\u0259 \u0130ran medias\u0131 kimi etibars\u0131z m\u0259nb\u0259 status al\u0131r. \u00c7\u00fcnki bu g\u00fcn Rusiya v\u0259 \u0130ran medias\u0131nda yaz\u0131lanlar\u0131n bizim \u00fc\u00e7\u00fcn he\u00e7 bir \u0259h\u0259miyy\u0259ti yoxdur. Dem\u0259k olar ki, onlara istinad edilmir. Bel\u0259likl\u0259, T\u00fcrkiy\u0259 medias\u0131 da n\u00fcfuzunu itirir v\u0259 Az\u0259rbaycan c\u0259miyy\u0259tind\u0259 ona etimad qalm\u0131r. Sual budur: bu T\u00fcrkiy\u0259 medias\u0131na niy\u0259 laz\u0131md\u0131r?<\/p>\n<p><strong>Q\u0131rm\u0131z\u0131 x\u0259tl\u0259r\u0259 h\u00f6rm\u0259t<\/strong><\/p>\n<p>Az\u0259rbaycan medias\u0131n\u0131n bildikl\u0259ri, ara\u015fd\u0131rmaq ist\u0259y\u0259rk\u0259n \u0259ld\u0259 etdikl\u0259ri h\u0259mi\u015f\u0259 sensasiya yarada bilir. Bu g\u00fcn Az\u0259rbaycan medias\u0131 xarici m\u0259nb\u0259l\u0259r \u00fc\u00e7\u00fcn \u00f6z\u00fc m\u00fcst\u0259qil istinad m\u0259nb\u0259yidir.<\/p>\n<p>Bu media \u0130srail v\u0259 T\u00fcrkiy\u0259nin Aral\u0131q d\u0259nizind\u0259ki da\u015f\u0131malar\u0131 v\u0259 maraqlar\u0131, iqtisadi \u0259m\u0259kda\u015fl\u0131q maraqlar\u0131, b\u0259zi hallarda regional m\u0259s\u0259l\u0259l\u0259rd\u0259ki qeyri-r\u0259smi dialoqlar\u0131 bar\u0259d\u0259 yaza, ara\u015fd\u0131ra bil\u0259r. Bu, he\u00e7 d\u0259 \u00e7\u0259tin deyil. Nec\u0259 ki, biz Rusiya, \u0130ran v\u0259 Fransa il\u0259 ba\u011fl\u0131 Kremld\u0259, Yeliseyd\u0259, Tehranda m\u00fczakir\u0259 olunan ara\u015fd\u0131rmalar, x\u0259b\u0259rl\u0259r ortaya qoya bilmi\u015fik. Ankaraya da s\u0259s salmaq olar.<\/p>\n<p>Amma Az\u0259rbaycan h\u0259mi\u015f\u0259 h\u0259m d\u00f6vl\u0259t, h\u0259m d\u0259 media siyas\u0259tind\u0259 q\u0131rm\u0131z\u0131 x\u0259tl\u0259ri qoruma\u011f\u0131 bacar\u0131b. T\u00f6vsiy\u0259 olunan odur ki, T\u00fcrkiy\u0259 d\u0259 bu m\u0259s\u0259l\u0259y\u0259 h\u0259ssas yana\u015fs\u0131n. \u018fks halda, he\u00e7 bir \u0259sas\u0131 olmayan, saxta x\u0259b\u0259rl\u0259rl\u0259 T\u00fcrkiy\u0259 medias\u0131 Az\u0259rbaycanda m\u00f6vqeyini tamamil\u0259 itir\u0259 bil\u0259r.<\/p>\n","protected":false},"excerpt":{"rendered":"<p>Son aylarda T\u00fcrkiy\u0259 medias\u0131nda Az\u0259rbaycanla ba\u011fl\u0131 yay\u0131lan saxta v\u0259 t\u0259hrif olunmu\u015f x\u0259b\u0259rl\u0259rin say\u0131 artmaqdad\u0131r. Art\u0131q bu i\u015fin t\u0259sad\u00fcf, hans\u0131sa media qorqan\u0131n\u0131n \u015f\u0259xsi t\u0259\u015f\u0259bb\u00fcs\u00fc olmas\u0131na inanmaq \u00e7ox \u00e7\u0259tindir. \u018fvv\u0259ll\u0259r bunun hans\u0131sa media qurulu\u015funun \u00f6z\u00fcn\u00fcn, yaxud m\u00fc\u0259yy\u0259n q\u00fcvv\u0259l\u0259rin t\u0259xribat\u0131 hesab edirdiks\u0259, indi bu vasit\u0259 il\u0259 m\u0259qs\u0259dy\u00f6nl\u00fc m\u0259\u015f\u011ful olundu\u011funa inan\u0131r\u0131q. \u00c7\u00fcnki davaml\u0131 t\u0259kzibl\u0259r\u0259, Az\u0259rbaycan t\u0259r\u0259finin a\u00e7\u0131qlamalar\u0131na baxmayaraq, saxta x\u0259b\u0259rl\u0259rin tirajlanmas\u0131 davam edir. Az\u0259rbaycan\u0131n r\u0259smi b\u0259yanatlar\u0131 Bu ilin \u0259vv\u0259lind\u0259n ba\u015flayaraq, m\u00fcxt\u0259lif vaxtlarda T\u00fcrkiy\u0259 medias\u0131nda Az\u0259rbaycanla ba\u011fl\u0131 saxta x\u0259b\u0259rl\u0259r yay\u0131lma\u011fa ba\u015flad\u0131. Bu ay\u0131n \u0259vv\u0259lind\u0259n is\u0259 \u201csaxta x\u0259b\u0259r kampaniyas\u0131\u201d daha da g\u00fccl\u0259nib. T\u00fcrkiy\u0259nin b\u0259zi media subyektl\u0259rind\u0259&hellip;<\/p>\n","protected":false},"author":2,"featured_media":828897,"comment_status":"closed","ping_status":"closed","sticky":false,"template":"","format":"standard","meta":{"om_disable_all_campaigns":false,"_monsterinsights_skip_tracking":false,"_monsterinsights_sitenote_active":false,"_monsterinsights_sitenote_note":"","_monsterinsights_sitenote_category":0},"categories":[19],"tags":[],"aioseo_notices":[],"gutentor_comment":0,"rttpg_featured_image_url":{"full":["https:\/\/arantv.az\/wp-content\/uploads\/2025\/09\/417e5fcaff902b6f0c69a6e7a641117b.jpg",870,500,false],"landscape":["https:\/\/arantv.az\/wp-content\/uploads\/2025\/09\/417e5fcaff902b6f0c69a6e7a641117b.jpg",870,500,false],"portraits":["https:\/\/arantv.az\/wp-content\/uploads\/2025\/09\/417e5fcaff902b6f0c69a6e7a641117b.jpg",870,500,false],"thumbnail":["https:\/\/arantv.az\/wp-content\/uploads\/2025\/09\/417e5fcaff902b6f0c69a6e7a641117b-500x280.jpg",500,280,true],"medium":["https:\/\/arantv.az\/wp-content\/uploads\/2025\/09\/417e5fcaff902b6f0c69a6e7a641117b-635x365.jpg",635,365,true],"large":["https:\/\/arantv.az\/wp-content\/uploads\/2025\/09\/417e5fcaff902b6f0c69a6e7a641117b-840x483.jpg",640,368,true],"1536x1536":["https:\/\/arantv.az\/wp-content\/uploads\/2025\/09\/417e5fcaff902b6f0c69a6e7a641117b.jpg",870,500,false],"2048x2048":["https:\/\/arantv.az\/wp-content\/uploads\/2025\/09\/417e5fcaff902b6f0c69a6e7a641117b.jpg",870,500,false],"post-thumbnail":["https:\/\/arantv.az\/wp-content\/uploads\/2025\/09\/417e5fcaff902b6f0c69a6e7a641117b-240x172.jpg",240,172,true],"advps-thumb-one":["https:\/\/arantv.az\/wp-content\/uploads\/2025\/09\/417e5fcaff902b6f0c69a6e7a641117b.jpg",870,500,false]},"rttpg_author":{"display_name":"V\u00fcsal Rafiqo\u011flu","author_link":"https:\/\/arantv.az\/?author=2"},"rttpg_comment":0,"rttpg_category":"<a href=\"https:\/\/arantv.az\/?cat=19\" rel=\"category\">G\u00fcnd\u0259m<\/a>","rttpg_excerpt":"Son aylarda T\u00fcrkiy\u0259 medias\u0131nda Az\u0259rbaycanla ba\u011fl\u0131 yay\u0131lan saxta v\u0259 t\u0259hrif olunmu\u015f x\u0259b\u0259rl\u0259rin say\u0131 artmaqdad\u0131r. Art\u0131q bu i\u015fin t\u0259sad\u00fcf, hans\u0131sa media qorqan\u0131n\u0131n \u015f\u0259xsi t\u0259\u015f\u0259bb\u00fcs\u00fc olmas\u0131na inanmaq \u00e7ox \u00e7\u0259tindir. \u018fvv\u0259ll\u0259r bunun hans\u0131sa media qurulu\u015funun \u00f6z\u00fcn\u00fcn, yaxud m\u00fc\u0259yy\u0259n q\u00fcvv\u0259l\u0259rin t\u0259xribat\u0131 hesab edirdiks\u0259, indi bu vasit\u0259 il\u0259 m\u0259qs\u0259dy\u00f6nl\u00fc m\u0259\u015f\u011ful olundu\u011funa inan\u0131r\u0131q. \u00c7\u00fcnki davaml\u0131 t\u0259kzibl\u0259r\u0259, Az\u0259rbaycan t\u0259r\u0259finin a\u00e7\u0131qlamalar\u0131na baxmayaraq, saxta&hellip;","_links":{"self":[{"href":"https:\/\/arantv.az\/index.php?rest_route=\/wp\/v2\/posts\/828896"}],"collection":[{"href":"https:\/\/arantv.az\/index.php?rest_route=\/wp\/v2\/posts"}],"about":[{"href":"https:\/\/arantv.az\/index.php?rest_route=\/wp\/v2\/types\/post"}],"author":[{"embeddable":true,"href":"https:\/\/arantv.az\/index.php?rest_route=\/wp\/v2\/users\/2"}],"replies":[{"embeddable":true,"href":"https:\/\/arantv.az\/index.php?rest_route=%2Fwp%2Fv2%2Fcomments&post=828896"}],"version-history":[{"count":1,"href":"https:\/\/arantv.az\/index.php?rest_route=\/wp\/v2\/posts\/828896\/revisions"}],"predecessor-version":[{"id":828898,"href":"https:\/\/arantv.az\/index.php?rest_route=\/wp\/v2\/posts\/828896\/revisions\/828898"}],"wp:featuredmedia":[{"embeddable":true,"href":"https:\/\/arantv.az\/index.php?rest_route=\/wp\/v2\/media\/828897"}],"wp:attachment":[{"href":"https:\/\/arantv.az\/index.php?rest_route=%2Fwp%2Fv2%2Fmedia&parent=828896"}],"wp:term":[{"taxonomy":"category","embeddable":true,"href":"https:\/\/arantv.az\/index.php?rest_route=%2Fwp%2Fv2%2Fcategories&post=828896"},{"taxonomy":"post_tag","embeddable":true,"href":"https:\/\/arantv.az\/index.php?rest_route=%2Fwp%2Fv2%2Ftags&post=828896"}],"curies":[{"name":"wp","href":"https:\/\/api.w.org\/{rel}","templated":true}]}}