{"id":829061,"date":"2025-09-30T10:24:08","date_gmt":"2025-09-30T06:24:08","guid":{"rendered":"https:\/\/arantv.az\/?p=829061"},"modified":"2025-09-30T10:24:08","modified_gmt":"2025-09-30T06:24:08","slug":"az%c9%99rbaycan-iqlim-f%c9%99aliyy%c9%99tinin-qlobal-m%c9%99rk%c9%99zin%c9%99-cevrilir","status":"publish","type":"post","link":"https:\/\/arantv.az\/?p=829061","title":{"rendered":"Az\u0259rbaycan iqlim f\u0259aliyy\u0259tinin qlobal m\u0259rk\u0259zin\u0259 \u00e7evrilir"},"content":{"rendered":"<p><em><strong>Bak\u0131 \u0130qlim F\u0259aliyy\u0259ti H\u0259ft\u0259si 2025<\/strong><\/em><\/p>\n<p>Az\u0259rbaycan\u0131n paytaxt\u0131 Bak\u0131 \u015f\u0259h\u0259ri ikinci d\u0259f\u0259 olaraq \u0130qlim F\u0259aliyy\u0259ti H\u0259ft\u0259sin\u0259 (Baku Climate Action Week -BCAW) ev sahibliyi edir. D\u00fcnya Braziliyada ke\u00e7iril\u0259c\u0259k COP30 iqlim konfrans\u0131na haz\u0131rla\u015fd\u0131\u011f\u0131 bir d\u00f6n\u0259md\u0259 Bak\u0131 \u0130qlim F\u0259aliyy\u0259ti H\u0259ft\u0259si2025 Az\u0259rbaycan\u0131n iqlim sah\u0259sind\u0259ki ard\u0131c\u0131l liderliyini v\u0259 \u00f6hd\u0259likl\u0259rin\u0259 sadiqliyini ayd\u0131n \u015f\u0259kild\u0259 ortaya qoyur. \u0130lk d\u0259f\u0259 bu t\u0259\u015f\u0259bb\u00fcs COP29 beyn\u0259lxalq iqlim konfrans\u0131na ev sahibliyi etm\u0259y\u0259 haz\u0131rla\u015fan Az\u0259rbaycan \u00fc\u00e7\u00fcn m\u00fch\u00fcm bir m\u0259rh\u0259l\u0259 kimi h\u0259yata ke\u00e7irilmi\u015fdi. O zaman ke\u00e7iril\u0259n t\u0259dbirl\u0259r iqlim d\u0259yi\u015fm\u0259l\u0259ri il\u0259 m\u00fcbariz\u0259d\u0259 qlobal h\u0259mr\u0259yliyin v\u0259 milli \u00f6hd\u0259likl\u0259rin aktuall\u0131\u011f\u0131n\u0131 bir daha g\u00fcnd\u0259m\u0259 g\u0259tirmi\u015fdi. Bud\u0259f\u0259ki \u0130qlim F\u0259aliyy\u0259ti H\u0259ft\u0259si is\u0259 29 sentyabr -3 oktyabr tarixl\u0259rini \u0259hat\u0259 ed\u0259c\u0259k. T\u0259dbir \u00e7\u0259r\u00e7iv\u0259sind\u0259 iqlim d\u0259yi\u015fikliyi, dayan\u0131ql\u0131 inki\u015faf, ya\u015f\u0131l enerji, karbon emissiyalar\u0131n\u0131n azald\u0131lmas\u0131, ekosisteml\u0259rin qorunmas\u0131 v\u0259 bu sah\u0259d\u0259 yerli v\u0259 beyn\u0259lxalq \u0259m\u0259kda\u015fl\u0131q imkanlar\u0131 m\u00f6vzusunda geni\u015f m\u00fczakir\u0259l\u0259r apar\u0131lacaq. H\u0259m\u00e7inin m\u00fcxt\u0259lif panel sessiyalar, tematik forumlar, yerli v\u0259 beyn\u0259lxalq m\u00fct\u0259x\u0259ssisl\u0259rin i\u015ftirak\u0131 il\u0259 seminarlar t\u0259\u015fkil olunacaq.<\/p>\n<p>\u0130qlim F\u0259aliyy\u0259ti H\u0259ft\u0259sinin \u0259sas m\u0259qs\u0259di Az\u0259rbaycan\u0131n iqlim g\u00fcnd\u0259liyini daha da g\u00fccl\u0259ndirm\u0259k, ictimaiyy\u0259tin bu m\u0259s\u0259l\u0259y\u0259 diqq\u0259tini art\u0131rmaq v\u0259 qlobal iqlim \u00e7a\u011f\u0131r\u0131\u015flar\u0131na qar\u015f\u0131 birg\u0259 h\u0259ll yollar\u0131 axtarmaqd\u0131r. T\u0259dbirin r\u0259smi v\u0259 qeyri-r\u0259smi i\u015ftirak\u00e7\u0131lar\u0131 s\u0131ras\u0131nda d\u00f6vl\u0259t qurumlar\u0131n\u0131n n\u00fcmay\u0259nd\u0259l\u0259ri, beyn\u0259lxalq t\u0259\u015fkilatlar, elm v\u0259 t\u0259hsil m\u00fc\u0259ssis\u0259l\u0259ri, v\u0259t\u0259nda\u015f c\u0259miyy\u0259ti n\u00fcmay\u0259nd\u0259l\u0259ri v\u0259 ekoloji f\u0259allar yer alacaq. BCAW2025 t\u0259dbirl\u0259rinin h\u0259m \u00f6lk\u0259, h\u0259m d\u0259 region \u00fc\u00e7\u00fcn strateji \u0259h\u0259miyy\u0259ti daha da art\u0131r. Bu, Az\u0259rbaycan\u0131n iqlim diplomatiyas\u0131nda artan rolunu v\u0259 dayan\u0131ql\u0131 g\u0259l\u0259c\u0259k namin\u0259 atd\u0131\u011f\u0131 add\u0131mlar\u0131n ciddiliyini bir daha n\u00fcmayi\u015f etdirir.<\/p>\n<p>BCAW2025-in proqram\u0131 olduqca z\u0259ngindir v\u0259 m\u00fcxt\u0259lif istiqam\u0259tl\u0259ri \u0259hat\u0259 edir. T\u0259dbir \u00e7\u0259r\u00e7iv\u0259sind\u0259 enerji, iqlim maliyy\u0259si, adaptasiya strategiyalar\u0131, ki\u00e7ik v\u0259 orta biznes m\u00fc\u0259ssis\u0259l\u0259rinin iqlim \u00e7a\u011f\u0131r\u0131\u015flar\u0131na uy\u011funla\u015fmas\u0131, el\u0259c\u0259 d\u0259 \u0259dal\u0259tli ke\u00e7id (just transition) m\u00f6vzular\u0131nda y\u00fcks\u0259k s\u0259viyy\u0259li siyasi dialoqlar t\u0259\u015fkil olunur. Bu sessiyalarda yerli v\u0259 beyn\u0259lxalq siyas\u0259t\u00e7il\u0259r, h\u00f6kum\u0259t n\u00fcmay\u0259nd\u0259l\u0259ri v\u0259 q\u0259rarverici \u015f\u0259xsl\u0259r iqlim g\u00fcnd\u0259liyinin prioritetl\u0259rini m\u00fczakir\u0259 edirl\u0259r. BCAW2025 \u00e7\u0259r\u00e7iv\u0259sind\u0259 ke\u00e7iril\u0259c\u0259k panel m\u00fczakir\u0259l\u0259r, seminarlar, tematik sessiyalar v\u0259 ekoloji t\u0259\u015f\u0259bb\u00fcsl\u0259r vasit\u0259sil\u0259 i\u015ftirak\u00e7\u0131lar ya\u015f\u0131l enerji, karbon neytrall\u0131\u011f\u0131, \u015f\u0259h\u0259r m\u00fchitind\u0259 dayan\u0131ql\u0131l\u0131q, t\u0259miz texnologiyalar v\u0259 iqlim \u0259dal\u0259ti kimi m\u00fch\u00fcm m\u00f6vzular\u0131 m\u00fczakir\u0259 edirl\u0259r. T\u0259dbir d\u00fcnya liderl\u0259rini, apar\u0131c\u0131 iqlim m\u00fct\u0259x\u0259ssisl\u0259rini, s\u0259rmay\u0259\u00e7il\u0259ri, sahibkarlar\u0131, g\u0259ncl\u0259ri v\u0259 m\u00fcxt\u0259lif icmalar\u0131 bir araya g\u0259tir\u0259r\u0259k iqlim b\u00f6hran\u0131na qar\u015f\u0131 ortaq v\u0259 innovativ h\u0259ll yollar\u0131 axtar\u0131\u015f\u0131na t\u00f6hf\u0259 verir. \u0130qlim d\u0259yi\u015fiklikl\u0259rinin qlobal t\u0259sirl\u0259rin\u0259 qar\u015f\u0131 regional s\u0259viyy\u0259d\u0259 cavabverm\u0259 imkanlar\u0131n\u0131 g\u00fccl\u0259ndir\u0259n BCAW2025, h\u0259m\u00e7inin ya\u015f\u0131l iqtisadiyyat, t\u0259miz enerji, ekoloji texnologiyalar v\u0259 iqlim \u0259dal\u0259ti sah\u0259sind\u0259 \u0259m\u0259kda\u015fl\u0131qlar\u0131 t\u0259\u015fviq edir. Bu platforma vasit\u0259sil\u0259 i\u015ftirak\u00e7\u0131lar \u00f6z bilik v\u0259 t\u0259cr\u00fcb\u0259l\u0259rini b\u00f6l\u00fc\u015fm\u0259k, u\u011furlu layih\u0259l\u0259r\u0259 start verm\u0259k v\u0259 g\u0259l\u0259c\u0259k n\u0259sill\u0259r \u00fc\u00e7\u00fcn daha dayan\u0131ql\u0131 h\u0259yat qurmaq m\u0259qs\u0259dil\u0259 birg\u0259 f\u0259aliyy\u0259t imkanlar\u0131n\u0131 m\u00fczakir\u0259 edirl\u0259r.<\/p>\n<p>\u201c\u0130qlim b\u00f6hran\u0131 art\u0131q uzaq g\u0259l\u0259c\u0259yin problemi deyil, bug\u00fcnk\u00fc reall\u0131qd\u0131r. \u0130qlim d\u0259yi\u015fikliyi davaml\u0131 \u015f\u0259kild\u0259 h\u0259yat\u0131m\u0131z\u0131 t\u0259sirl\u0259ndirir, t\u0259bi\u0259ti v\u0259 ekosisteml\u0259ri z\u0259ifl\u0259dir. Onun \u0259traf m\u00fchit\u0259 m\u0259nfi t\u0259sirl\u0259ri g\u00fcnd\u0259n-g\u00fcn\u0259 daha a\u00e7\u0131q \u015f\u0259kild\u0259 \u00fcz\u0259 \u00e7\u0131x\u0131r. Bu reall\u0131q biz\u0259 g\u00f6st\u0259rir ki, h\u0259r bir \u00f6lk\u0259 v\u0259 c\u0259miyy\u0259t q\u0259tiyy\u0259tli add\u0131mlar atmal\u0131d\u0131r.\u201d<\/p>\n<p>Bu s\u00f6zl\u0259ri Az\u0259rbaycan\u0131n iqtisadiyyat nazirinin m\u00fcavini S\u0259m\u0259d B\u0259\u015firli Bak\u0131 \u0130qlim F\u0259aliyy\u0259ti H\u0259ft\u0259sinin (BCAW2025) a\u00e7\u0131l\u0131\u015f m\u0259rasimind\u0259 deyib.<\/p>\n<p>O qeyd edib ki, ke\u00e7\u0259n il COP29-un Bak\u0131da ke\u00e7irilm\u0259si il\u0259 Az\u0259rbaycan b\u00f6y\u00fck bir m\u0259suliyy\u0259tin da\u015f\u0131y\u0131c\u0131s\u0131na \u00e7evrilib. Bu m\u0259suliyy\u0259t yaln\u0131z dialoqlar \u00fc\u00e7\u00fcn platforma yaratmaqla bitm\u0259yib. \u018fsas h\u0259d\u0259f real n\u0259tic\u0259l\u0259r \u0259ld\u0259 etm\u0259k olub. COP29 zaman\u0131 q\u0259bul edil\u0259n q\u0259rarlar v\u0259 qurulan \u00e7oxt\u0259r\u0259fli t\u0259r\u0259fda\u015fl\u0131qlar bunun \u0259n bariz n\u00fcmun\u0259si olub. \u201cAz\u0259rbaycan art\u0131q 2030-cu il\u0259 q\u0259d\u0259r olan milli f\u0259aliyy\u0259t proqram\u0131nda iqlim h\u0259d\u0259fl\u0259rini m\u00fc\u0259yy\u0259nl\u0259\u015fdirib. Buraya b\u0259rpaolunan enerji m\u0259nb\u0259l\u0259rinin inki\u015faf\u0131, tullant\u0131lar\u0131n azald\u0131lmas\u0131, ekoloji davaml\u0131l\u0131\u011f\u0131n g\u00fccl\u0259ndirilm\u0259si v\u0259 iqtisadiyyat\u0131n \u015fax\u0259l\u0259ndirilm\u0259si daxildir. Bu siyas\u0259t bu g\u00fcn \u00f6z m\u00fcsb\u0259t n\u0259tic\u0259l\u0259rini g\u00f6st\u0259rm\u0259y\u0259 ba\u015flay\u0131b. Son ill\u0259rd\u0259 qeyri-neft sektoruna aid m\u0259hsullar\u0131n ixrac\u0131nda m\u00fc\u015fahid\u0259 edil\u0259n art\u0131m \u00f6lk\u0259mizin yeni iqtisadi model\u0259 ke\u00e7idinin g\u00f6st\u0259ricisidir\u201d,- dey\u0259 S. B\u0259\u015firli vur\u011fulay\u0131b.<\/p>\n<p>O, \u0259lav\u0259 edib ki, Az\u0259rbaycan b\u00fct\u00fcn t\u0259r\u0259fda\u015flarla \u0259m\u0259kda\u015fl\u0131\u011fa a\u00e7\u0131qd\u0131r. Bak\u0131 \u0130qlim F\u0259aliyy\u0259ti H\u0259ft\u0259si bu bax\u0131mdan unikal bir platformad\u0131r. Burada d\u00f6vl\u0259tl\u0259r, beyn\u0259lxalq t\u0259\u015fkilatlar, \u00f6z\u0259l sektorun v\u0259 v\u0259t\u0259nda\u015f c\u0259miyy\u0259tinin n\u00fcmay\u0259nd\u0259l\u0259ri bir araya g\u0259l\u0259r\u0259k ideyalar\u0131n\u0131, t\u0259cr\u00fcb\u0259l\u0259rini v\u0259 h\u0259ll yollar\u0131n\u0131 b\u00f6l\u00fc\u015f\u00fcrl\u0259r. Bu m\u00fczakir\u0259l\u0259r n\u0259tic\u0259sind\u0259 yeni t\u0259\u015f\u0259bb\u00fcsl\u0259r yaran\u0131r, daha g\u00fccl\u00fc \u0259m\u0259kda\u015fl\u0131qlar formala\u015f\u0131r: \u201cBilirik ki, iqlim b\u00f6hran\u0131 yaln\u0131z bir \u00f6lk\u0259nin s\u0259yi il\u0259 h\u0259ll edil\u0259 bilm\u0259z. Bu, qlobal h\u0259mr\u0259ylik v\u0259 birg\u0259 m\u0259suliyy\u0259t t\u0259l\u0259b edir. Az\u0259rbaycan COP29-dan sonra da bu m\u0259suliyy\u0259ti \u00f6z \u00fcz\u0259rin\u0259 g\u00f6t\u00fcr\u00fcb v\u0259 beyn\u0259lxalq t\u0259r\u0259fda\u015flarla birlikd\u0259 i\u015fl\u0259m\u0259y\u0259 davam edir. Biz inan\u0131r\u0131q ki, at\u0131lan h\u0259r bir add\u0131m, q\u0259bul edil\u0259n h\u0259r bir q\u0259rar g\u0259l\u0259c\u0259k n\u0259sill\u0259r \u00fc\u00e7\u00fcn daha sa\u011flam, daha ya\u015f\u0131l v\u0259 daha davaml\u0131 d\u00fcnya qurma\u011fa xidm\u0259t ed\u0259c\u0259k\u201d.<\/p>\n<p>Bak\u0131 \u0130qlim F\u0259aliyy\u0259ti H\u0259ft\u0259si 2025 h\u0259m regional \u0259m\u0259kda\u015fl\u0131\u011f\u0131 g\u00fccl\u0259ndirm\u0259k, h\u0259m d\u0259 qlobal iqlim m\u0259qs\u0259dl\u0259rin\u0259 \u00e7atmaq \u00fc\u00e7\u00fcn vacib bir platformad\u0131r. Burada ir\u0259li s\u00fcr\u00fcl\u0259n t\u0259\u015f\u0259bb\u00fcsl\u0259r, qurulan t\u0259r\u0259fda\u015fl\u0131qlar v\u0259 q\u0259bul edil\u0259n q\u0259rarlar yax\u0131n ill\u0259rd\u0259 iqlim siyas\u0259tinin formala\u015fmas\u0131nda m\u00fch\u00fcm t\u0259sir\u0259 malik olacaq. T\u0259dbir \u00e7\u0259r\u00e7iv\u0259sind\u0259 iqlim sah\u0259sind\u0259 f\u0259aliyy\u0259t g\u00f6st\u0259r\u0259n startaplar v\u0259 innovativ layih\u0259l\u0259r \u00fc\u00e7\u00fcn platforma rolunu oynay\u0131r.<\/p>\n<p>S\u0259naye v\u0259 innovasiya liderl\u0259ri, h\u0259m\u00e7inin ya\u015f\u0131l texnologiyalar sah\u0259sind\u0259 f\u0259aliyy\u0259t g\u00f6st\u0259r\u0259n sahibkarlar m\u00fcxt\u0259lif sah\u0259l\u0259r \u00fczr\u0259 t\u0259\u015fkil edil\u0259n sektorial d\u0259yirmi masalarda i\u015ftirak edirl\u0259r. Burada konkret texnoloji h\u0259ll\u0259r, biznes modell\u0259ri, investisiya imkanlar\u0131 v\u0259 ya\u015f\u0131l ke\u00e7idin iqtisadi \u0259saslar\u0131 \u0259traf\u0131nda fikir m\u00fcbadil\u0259si apar\u0131l\u0131r.<\/p>\n<p>T\u0259dbirin diqq\u0259t\u00e7\u0259k\u0259n yenilikl\u0259rind\u0259n biri is\u0259 iqlim idar\u0259\u00e7iliyin\u0259 v\u0259 f\u0259aliyy\u0259tin\u0259 yeni bax\u0131\u015f buca\u011f\u0131 g\u0259tir\u0259n sessiyalar\u0131n g\u0259ncl\u0259rin moderatorlu\u011fu il\u0259 t\u0259\u015fkilidir. Bu sessiyalar g\u0259nc liderl\u0259rin v\u0259 ekof\u0259allar\u0131n t\u0259\u015f\u0259bb\u00fcsl\u0259rini \u00f6n\u0259 \u00e7\u0131xar\u0131r, onlar\u0131n bax\u0131\u015flar\u0131n\u0131n siyas\u0259t v\u0259 q\u0259rarvericilik prosesl\u0259rin\u0259 inteqrasiyas\u0131n\u0131 t\u0259\u015fviq edir. BCAW2025 g\u0259ncl\u0259rin iqlim m\u00f6vzusunda t\u0259kc\u0259 i\u015ftirak\u00e7\u0131 deyil, h\u0259m d\u0259 d\u0259yi\u015fimin apar\u0131c\u0131 q\u00fcvv\u0259si kimi \u00e7\u0131x\u0131\u015f etm\u0259sin\u0259 geni\u015f imkan yarad\u0131r.<\/p>\n<p>T\u0259dbirin m\u0259qs\u0259di yaln\u0131z m\u00f6vcud probleml\u0259ri m\u00fczakir\u0259 etm\u0259kl\u0259 kifay\u0259tl\u0259nm\u0259k deyil, eyni zamanda, iqlim d\u0259yi\u015fiklikl\u0259rin\u0259 qar\u015f\u0131 m\u00fcbariz\u0259d\u0259 innovativ v\u0259 praktik h\u0259ll yollar\u0131n\u0131n m\u00fc\u0259yy\u0259n edilm\u0259si, t\u0259tbiqi v\u0259 geni\u015fl\u0259ndirilm\u0259sidir. Bu bax\u0131mdan h\u0259ft\u0259 \u0259rzind\u0259 \u00f6z\u0259l sektor n\u00fcmay\u0259nd\u0259l\u0259ri, elmi t\u0259dqiqat qurumlar\u0131, v\u0259t\u0259nda\u015f c\u0259miyy\u0259ti v\u0259 beyn\u0259lxalq t\u0259\u015fkilatlar aras\u0131nda m\u00f6hk\u0259m t\u0259r\u0259fda\u015fl\u0131qlar\u0131n qurulmas\u0131 \u0259sas prioritetl\u0259rd\u0259n biri olacaq. \u018fm\u0259kda\u015fl\u0131q imkanlar\u0131n\u0131n geni\u015fl\u0259ndirilm\u0259si v\u0259 elmi \u0259sasl\u0131 yana\u015fmalar\u0131n iqlim siyas\u0259tin\u0259 inteqrasiyas\u0131 t\u0259dbirin m\u0259rk\u0259zi x\u0259ttini t\u0259\u015fkil ed\u0259c\u0259k. X\u00fcsusil\u0259 a\u015fa\u011f\u0131 karbonlu iqtisadiyyat\u0131n qurulmas\u0131, b\u0259rpaolunan enerji m\u0259nb\u0259l\u0259rinin t\u0259tbiqi, enerji s\u0259m\u0259r\u0259liliyi kimi konkret layih\u0259l\u0259rin v\u0259 t\u0259\u015f\u0259bb\u00fcsl\u0259rin ir\u0259li s\u00fcr\u00fclm\u0259si n\u0259z\u0259rd\u0259 tutulur.<\/p>\n<p>G\u00f6r\u00fcnd\u00fcy\u00fc kimi, Bak\u0131 \u0130qlim F\u0259aliyy\u0259ti H\u0259ft\u0259si 2025 t\u0259kc\u0259 bir t\u0259dbirl\u0259r silsil\u0259si deyil, h\u0259m d\u0259 iqlim sah\u0259sind\u0259 daha g\u00fccl\u00fc, m\u0259qs\u0259dy\u00f6nl\u00fc v\u0259 \u0259laq\u0259l\u0259ndirilmi\u015f f\u0259aliyy\u0259t \u00fc\u00e7\u00fcn regional v\u0259 qlobal miqyasda \u00f6n\u0259mli bir platforma rolunu oynay\u0131r. Bu \u00e7\u0259r\u00e7iv\u0259d\u0259 apar\u0131lan m\u00fczakir\u0259l\u0259r, qurulan \u0259m\u0259kda\u015fl\u0131qlar v\u0259 ir\u0259li s\u00fcr\u00fcl\u0259n t\u0259\u015f\u0259bb\u00fcsl\u0259r is\u0259 Az\u0259rbaycan\u0131n iqlim liderliyini daha da m\u00f6hk\u0259ml\u0259ndirir, dayan\u0131ql\u0131 g\u0259l\u0259c\u0259yin qurulmas\u0131na \u0259h\u0259miyy\u0259tli t\u00f6hf\u0259 verir.<\/p>\n<p><strong>\u015e\u0259msiyy\u0259 \u018fliq\u0131z\u0131, \u201c\u0130ki sahil\u201d<\/strong><\/p>\n","protected":false},"excerpt":{"rendered":"<p>Bak\u0131 \u0130qlim F\u0259aliyy\u0259ti H\u0259ft\u0259si 2025 Az\u0259rbaycan\u0131n paytaxt\u0131 Bak\u0131 \u015f\u0259h\u0259ri ikinci d\u0259f\u0259 olaraq \u0130qlim F\u0259aliyy\u0259ti H\u0259ft\u0259sin\u0259 (Baku Climate Action Week -BCAW) ev sahibliyi edir. D\u00fcnya Braziliyada ke\u00e7iril\u0259c\u0259k COP30 iqlim konfrans\u0131na haz\u0131rla\u015fd\u0131\u011f\u0131 bir d\u00f6n\u0259md\u0259 Bak\u0131 \u0130qlim F\u0259aliyy\u0259ti H\u0259ft\u0259si2025 Az\u0259rbaycan\u0131n iqlim sah\u0259sind\u0259ki ard\u0131c\u0131l liderliyini v\u0259 \u00f6hd\u0259likl\u0259rin\u0259 sadiqliyini ayd\u0131n \u015f\u0259kild\u0259 ortaya qoyur. \u0130lk d\u0259f\u0259 bu t\u0259\u015f\u0259bb\u00fcs COP29 beyn\u0259lxalq iqlim konfrans\u0131na ev sahibliyi etm\u0259y\u0259 haz\u0131rla\u015fan Az\u0259rbaycan \u00fc\u00e7\u00fcn m\u00fch\u00fcm bir m\u0259rh\u0259l\u0259 kimi h\u0259yata ke\u00e7irilmi\u015fdi. O zaman ke\u00e7iril\u0259n t\u0259dbirl\u0259r iqlim d\u0259yi\u015fm\u0259l\u0259ri il\u0259 m\u00fcbariz\u0259d\u0259 qlobal h\u0259mr\u0259yliyin v\u0259 milli \u00f6hd\u0259likl\u0259rin aktuall\u0131\u011f\u0131n\u0131 bir daha g\u00fcnd\u0259m\u0259 g\u0259tirmi\u015fdi. Bud\u0259f\u0259ki \u0130qlim F\u0259aliyy\u0259ti H\u0259ft\u0259si&hellip;<\/p>\n","protected":false},"author":2,"featured_media":829062,"comment_status":"closed","ping_status":"closed","sticky":false,"template":"","format":"standard","meta":{"om_disable_all_campaigns":false,"_monsterinsights_skip_tracking":false,"_monsterinsights_sitenote_active":false,"_monsterinsights_sitenote_note":"","_monsterinsights_sitenote_category":0},"categories":[19],"tags":[],"aioseo_notices":[],"gutentor_comment":0,"rttpg_featured_image_url":{"full":["https:\/\/arantv.az\/wp-content\/uploads\/2025\/09\/139f0874175915728616944111310566976.jpg",975,540,false],"landscape":["https:\/\/arantv.az\/wp-content\/uploads\/2025\/09\/139f0874175915728616944111310566976.jpg",975,540,false],"portraits":["https:\/\/arantv.az\/wp-content\/uploads\/2025\/09\/139f0874175915728616944111310566976.jpg",975,540,false],"thumbnail":["https:\/\/arantv.az\/wp-content\/uploads\/2025\/09\/139f0874175915728616944111310566976-500x280.jpg",500,280,true],"medium":["https:\/\/arantv.az\/wp-content\/uploads\/2025\/09\/139f0874175915728616944111310566976-660x365.jpg",660,365,true],"large":["https:\/\/arantv.az\/wp-content\/uploads\/2025\/09\/139f0874175915728616944111310566976-840x465.jpg",640,354,true],"1536x1536":["https:\/\/arantv.az\/wp-content\/uploads\/2025\/09\/139f0874175915728616944111310566976.jpg",975,540,false],"2048x2048":["https:\/\/arantv.az\/wp-content\/uploads\/2025\/09\/139f0874175915728616944111310566976.jpg",975,540,false],"post-thumbnail":["https:\/\/arantv.az\/wp-content\/uploads\/2025\/09\/139f0874175915728616944111310566976-240x172.jpg",240,172,true],"advps-thumb-one":["https:\/\/arantv.az\/wp-content\/uploads\/2025\/09\/139f0874175915728616944111310566976.jpg",975,540,false]},"rttpg_author":{"display_name":"V\u00fcsal Rafiqo\u011flu","author_link":"https:\/\/arantv.az\/?author=2"},"rttpg_comment":0,"rttpg_category":"<a href=\"https:\/\/arantv.az\/?cat=19\" rel=\"category\">G\u00fcnd\u0259m<\/a>","rttpg_excerpt":"Bak\u0131 \u0130qlim F\u0259aliyy\u0259ti H\u0259ft\u0259si 2025 Az\u0259rbaycan\u0131n paytaxt\u0131 Bak\u0131 \u015f\u0259h\u0259ri ikinci d\u0259f\u0259 olaraq \u0130qlim F\u0259aliyy\u0259ti H\u0259ft\u0259sin\u0259 (Baku Climate Action Week -BCAW) ev sahibliyi edir. D\u00fcnya Braziliyada ke\u00e7iril\u0259c\u0259k COP30 iqlim konfrans\u0131na haz\u0131rla\u015fd\u0131\u011f\u0131 bir d\u00f6n\u0259md\u0259 Bak\u0131 \u0130qlim F\u0259aliyy\u0259ti H\u0259ft\u0259si2025 Az\u0259rbaycan\u0131n iqlim sah\u0259sind\u0259ki ard\u0131c\u0131l liderliyini v\u0259 \u00f6hd\u0259likl\u0259rin\u0259 sadiqliyini ayd\u0131n \u015f\u0259kild\u0259 ortaya qoyur. \u0130lk d\u0259f\u0259 bu t\u0259\u015f\u0259bb\u00fcs COP29 beyn\u0259lxalq iqlim&hellip;","_links":{"self":[{"href":"https:\/\/arantv.az\/index.php?rest_route=\/wp\/v2\/posts\/829061"}],"collection":[{"href":"https:\/\/arantv.az\/index.php?rest_route=\/wp\/v2\/posts"}],"about":[{"href":"https:\/\/arantv.az\/index.php?rest_route=\/wp\/v2\/types\/post"}],"author":[{"embeddable":true,"href":"https:\/\/arantv.az\/index.php?rest_route=\/wp\/v2\/users\/2"}],"replies":[{"embeddable":true,"href":"https:\/\/arantv.az\/index.php?rest_route=%2Fwp%2Fv2%2Fcomments&post=829061"}],"version-history":[{"count":1,"href":"https:\/\/arantv.az\/index.php?rest_route=\/wp\/v2\/posts\/829061\/revisions"}],"predecessor-version":[{"id":829063,"href":"https:\/\/arantv.az\/index.php?rest_route=\/wp\/v2\/posts\/829061\/revisions\/829063"}],"wp:featuredmedia":[{"embeddable":true,"href":"https:\/\/arantv.az\/index.php?rest_route=\/wp\/v2\/media\/829062"}],"wp:attachment":[{"href":"https:\/\/arantv.az\/index.php?rest_route=%2Fwp%2Fv2%2Fmedia&parent=829061"}],"wp:term":[{"taxonomy":"category","embeddable":true,"href":"https:\/\/arantv.az\/index.php?rest_route=%2Fwp%2Fv2%2Fcategories&post=829061"},{"taxonomy":"post_tag","embeddable":true,"href":"https:\/\/arantv.az\/index.php?rest_route=%2Fwp%2Fv2%2Ftags&post=829061"}],"curies":[{"name":"wp","href":"https:\/\/api.w.org\/{rel}","templated":true}]}}