{"id":829071,"date":"2025-09-30T12:19:13","date_gmt":"2025-09-30T08:19:13","guid":{"rendered":"https:\/\/arantv.az\/?p=829071"},"modified":"2025-09-30T12:19:13","modified_gmt":"2025-09-30T08:19:13","slug":"spiker-prezidentin-bmt-bas-assambleyasindaki-cixisindan-danisdi","status":"publish","type":"post","link":"https:\/\/arantv.az\/?p=829071","title":{"rendered":"Spiker Prezidentin BMT Ba\u015f Assambleyas\u0131ndak\u0131 \u00e7\u0131x\u0131\u015f\u0131ndan DANI\u015eDI"},"content":{"rendered":"<p><strong>Milli M\u0259clisin bu g\u00fcn ke\u00e7iril\u0259n iclas\u0131nda spiker<\/strong><strong>\u00a0Sahib\u0259 Qafarova pay\u0131z sessiyas\u0131n\u0131n ilk iclas\u0131nda Az\u0259rbaycan Respublikas\u0131n\u0131n Prezidenti \u0130lham \u018fliyevin<\/strong><strong>\u00a0BMT Ba\u015f Assambleyas\u0131ndak\u0131 \u00e7\u0131x\u0131\u015f\u0131 bar\u0259d\u0259 dan\u0131\u015f\u0131b.<\/strong><\/p>\n<p><strong>Musavat.com<\/strong>-un m\u0259lumat\u0131na g\u00f6r\u0259, spiker bildirib ki, d\u00f6vl\u0259timizin ba\u015f\u00e7\u0131s\u0131 BMT k\u00fcrs\u00fcs\u00fcnd\u0259n \u00e7\u0131x\u0131\u015f ed\u0259r\u0259k Az\u0259rbaycan\u0131n art\u0131q qalib \u00f6lk\u0259 statusunda oldu\u011funu b\u0259yan etdi.<\/p>\n<p><strong>Parlament s\u0259dri ard\u0131nca deyib:<\/strong><\/p>\n<p>\u201cD\u00f6vl\u0259t ba\u015f\u00e7\u0131s\u0131 b\u0259yan etdi ki, Az\u0259rbaycan onillikl\u0259r \u0259rzind\u0259 i\u015f\u011fala m\u0259ruz qalan \u00f6lk\u0259 statusundan qalib v\u0259 lider \u00f6lk\u0259 statusuna ke\u00e7ib. S\u00fclh sazi\u015finin paraflanmas\u0131 v\u0259 \u0259ld\u0259 edilmi\u015f dig\u0259r raz\u0131la\u015fmalar d\u00f6vl\u0259timizin \u00f6z milli maraqlar\u0131n\u0131 h\u0259m g\u00fcc yolu il\u0259 m\u00fcdafi\u0259 etm\u0259k, h\u0259m d\u0259 h\u00fcquqi v\u0259 siyasi al\u0259tl\u0259rin k\u00f6m\u0259yi il\u0259 t\u0259sbit etm\u0259k qabiliyy\u0259tini n\u00fcmayi\u015f etdirib. S\u00fclh sazi\u015fi h\u0259m d\u0259 onu g\u00f6st\u0259rib ki, dayan\u0131ql\u0131l\u0131q yaln\u0131z beyn\u0259lxalq h\u00fcquq normalar\u0131 \u0259sas\u0131nda m\u00fcmk\u00fcnd\u00fcr. Prezidentin \u00e7\u0131x\u0131\u015f\u0131nda azad edilmi\u015f \u0259razil\u0259rin minalardan t\u0259mizl\u0259nm\u0259sin\u0259, b\u0259rpas\u0131na, ke\u00e7mi\u015f m\u0259cburi k\u00f6\u00e7k\u00fcnl\u0259rin \u00f6z yurdlar\u0131na qaytar\u0131lmas\u0131na, infrastrukturuna inki\u015faf\u0131na b\u00f6y\u00fck diqq\u0259t yetirildi\u201d.<\/p>\n<p><strong>Spiker qeyd edib ki, Milli M\u0259clis \u00f6t\u0259n sessiyalar\u0131 u\u011furla ba\u015fa vurub, Prezident \u0130lham \u018fliyevin daxili v\u0259 xarici siyas\u0259tini qanunvericilik s\u0259viyy\u0259sind\u0259 d\u0259st\u0259kl\u0259m\u0259k \u00fc\u00e7\u00fcn laz\u0131mi t\u0259dbirl\u0259r g\u00f6r\u00fcl\u00fcb:<\/strong><\/p>\n<p>\u201cMilli M\u0259clisin bu il \u00fc\u00e7\u00fcn yaz v\u0259 iki n\u00f6vb\u0259d\u0259nk\u0259nar sessiyas\u0131 ba\u015f tutub. H\u0259m\u00e7inin Va\u015finqton raz\u0131la\u015fmalar\u0131 il\u0259 ba\u011fl\u0131 x\u00fcsusi iclas ke\u00e7irilib. Son 3 sessiyada 22 iclas ke\u00e7irilib, \u00fcmumilikd\u0259, 110 qanun v\u0259 q\u0259rar q\u0259bul edilib.<\/p>\n<p>Sessiyalararas\u0131 d\u00f6vrd\u0259 is\u0259 20 deputat 10 xarici \u00f6lk\u0259y\u0259 23 s\u0259f\u0259r edib. Onlar 5 beyn\u0259lxalq t\u0259\u015fkilat\u0131n t\u0259dbirl\u0259rind\u0259 i\u015ftirak edibl\u0259r. Sessiyalararas\u0131 d\u00f6vrd\u0259 h\u0259m\u00e7inin 23 \u00f6lk\u0259nin n\u00fcmay\u0259nd\u0259 hey\u0259ti Milli M\u0259clisd\u0259 olub\u201d.<\/p>\n","protected":false},"excerpt":{"rendered":"<p>Milli M\u0259clisin bu g\u00fcn ke\u00e7iril\u0259n iclas\u0131nda spiker\u00a0Sahib\u0259 Qafarova pay\u0131z sessiyas\u0131n\u0131n ilk iclas\u0131nda Az\u0259rbaycan Respublikas\u0131n\u0131n Prezidenti \u0130lham \u018fliyevin\u00a0BMT Ba\u015f Assambleyas\u0131ndak\u0131 \u00e7\u0131x\u0131\u015f\u0131 bar\u0259d\u0259 dan\u0131\u015f\u0131b. Musavat.com-un m\u0259lumat\u0131na g\u00f6r\u0259, spiker bildirib ki, d\u00f6vl\u0259timizin ba\u015f\u00e7\u0131s\u0131 BMT k\u00fcrs\u00fcs\u00fcnd\u0259n \u00e7\u0131x\u0131\u015f ed\u0259r\u0259k Az\u0259rbaycan\u0131n art\u0131q qalib \u00f6lk\u0259 statusunda oldu\u011funu b\u0259yan etdi. Parlament s\u0259dri ard\u0131nca deyib: \u201cD\u00f6vl\u0259t ba\u015f\u00e7\u0131s\u0131 b\u0259yan etdi ki, Az\u0259rbaycan onillikl\u0259r \u0259rzind\u0259 i\u015f\u011fala m\u0259ruz qalan \u00f6lk\u0259 statusundan qalib v\u0259 lider \u00f6lk\u0259 statusuna ke\u00e7ib. S\u00fclh sazi\u015finin paraflanmas\u0131 v\u0259 \u0259ld\u0259 edilmi\u015f dig\u0259r raz\u0131la\u015fmalar d\u00f6vl\u0259timizin \u00f6z milli maraqlar\u0131n\u0131 h\u0259m g\u00fcc yolu il\u0259 m\u00fcdafi\u0259 etm\u0259k, h\u0259m d\u0259 h\u00fcquqi v\u0259 siyasi al\u0259tl\u0259rin k\u00f6m\u0259yi&hellip;<\/p>\n","protected":false},"author":2,"featured_media":829072,"comment_status":"closed","ping_status":"closed","sticky":false,"template":"","format":"standard","meta":{"om_disable_all_campaigns":false,"_monsterinsights_skip_tracking":false,"_monsterinsights_sitenote_active":false,"_monsterinsights_sitenote_note":"","_monsterinsights_sitenote_category":0},"categories":[4],"tags":[],"aioseo_notices":[],"gutentor_comment":0,"rttpg_featured_image_url":{"full":["https:\/\/arantv.az\/wp-content\/uploads\/2025\/09\/f0e3604e0785ba2f260130e3d4314709.jpg",824,500,false],"landscape":["https:\/\/arantv.az\/wp-content\/uploads\/2025\/09\/f0e3604e0785ba2f260130e3d4314709.jpg",824,500,false],"portraits":["https:\/\/arantv.az\/wp-content\/uploads\/2025\/09\/f0e3604e0785ba2f260130e3d4314709.jpg",824,500,false],"thumbnail":["https:\/\/arantv.az\/wp-content\/uploads\/2025\/09\/f0e3604e0785ba2f260130e3d4314709-500x280.jpg",500,280,true],"medium":["https:\/\/arantv.az\/wp-content\/uploads\/2025\/09\/f0e3604e0785ba2f260130e3d4314709-602x365.jpg",602,365,true],"large":["https:\/\/arantv.az\/wp-content\/uploads\/2025\/09\/f0e3604e0785ba2f260130e3d4314709.jpg",640,388,false],"1536x1536":["https:\/\/arantv.az\/wp-content\/uploads\/2025\/09\/f0e3604e0785ba2f260130e3d4314709.jpg",824,500,false],"2048x2048":["https:\/\/arantv.az\/wp-content\/uploads\/2025\/09\/f0e3604e0785ba2f260130e3d4314709.jpg",824,500,false],"post-thumbnail":["https:\/\/arantv.az\/wp-content\/uploads\/2025\/09\/f0e3604e0785ba2f260130e3d4314709-240x172.jpg",240,172,true],"advps-thumb-one":["https:\/\/arantv.az\/wp-content\/uploads\/2025\/09\/f0e3604e0785ba2f260130e3d4314709.jpg",824,500,false]},"rttpg_author":{"display_name":"V\u00fcsal Rafiqo\u011flu","author_link":"https:\/\/arantv.az\/?author=2"},"rttpg_comment":0,"rttpg_category":"<a href=\"https:\/\/arantv.az\/?cat=4\" rel=\"category\">Siyas\u0259t<\/a>","rttpg_excerpt":"Milli M\u0259clisin bu g\u00fcn ke\u00e7iril\u0259n iclas\u0131nda spiker\u00a0Sahib\u0259 Qafarova pay\u0131z sessiyas\u0131n\u0131n ilk iclas\u0131nda Az\u0259rbaycan Respublikas\u0131n\u0131n Prezidenti \u0130lham \u018fliyevin\u00a0BMT Ba\u015f Assambleyas\u0131ndak\u0131 \u00e7\u0131x\u0131\u015f\u0131 bar\u0259d\u0259 dan\u0131\u015f\u0131b. Musavat.com-un m\u0259lumat\u0131na g\u00f6r\u0259, spiker bildirib ki, d\u00f6vl\u0259timizin ba\u015f\u00e7\u0131s\u0131 BMT k\u00fcrs\u00fcs\u00fcnd\u0259n \u00e7\u0131x\u0131\u015f ed\u0259r\u0259k Az\u0259rbaycan\u0131n art\u0131q qalib \u00f6lk\u0259 statusunda oldu\u011funu b\u0259yan etdi. Parlament s\u0259dri ard\u0131nca deyib: \u201cD\u00f6vl\u0259t ba\u015f\u00e7\u0131s\u0131 b\u0259yan etdi ki, Az\u0259rbaycan onillikl\u0259r \u0259rzind\u0259 i\u015f\u011fala&hellip;","_links":{"self":[{"href":"https:\/\/arantv.az\/index.php?rest_route=\/wp\/v2\/posts\/829071"}],"collection":[{"href":"https:\/\/arantv.az\/index.php?rest_route=\/wp\/v2\/posts"}],"about":[{"href":"https:\/\/arantv.az\/index.php?rest_route=\/wp\/v2\/types\/post"}],"author":[{"embeddable":true,"href":"https:\/\/arantv.az\/index.php?rest_route=\/wp\/v2\/users\/2"}],"replies":[{"embeddable":true,"href":"https:\/\/arantv.az\/index.php?rest_route=%2Fwp%2Fv2%2Fcomments&post=829071"}],"version-history":[{"count":1,"href":"https:\/\/arantv.az\/index.php?rest_route=\/wp\/v2\/posts\/829071\/revisions"}],"predecessor-version":[{"id":829073,"href":"https:\/\/arantv.az\/index.php?rest_route=\/wp\/v2\/posts\/829071\/revisions\/829073"}],"wp:featuredmedia":[{"embeddable":true,"href":"https:\/\/arantv.az\/index.php?rest_route=\/wp\/v2\/media\/829072"}],"wp:attachment":[{"href":"https:\/\/arantv.az\/index.php?rest_route=%2Fwp%2Fv2%2Fmedia&parent=829071"}],"wp:term":[{"taxonomy":"category","embeddable":true,"href":"https:\/\/arantv.az\/index.php?rest_route=%2Fwp%2Fv2%2Fcategories&post=829071"},{"taxonomy":"post_tag","embeddable":true,"href":"https:\/\/arantv.az\/index.php?rest_route=%2Fwp%2Fv2%2Ftags&post=829071"}],"curies":[{"name":"wp","href":"https:\/\/api.w.org\/{rel}","templated":true}]}}