{"id":829096,"date":"2025-09-30T12:25:23","date_gmt":"2025-09-30T08:25:23","guid":{"rendered":"https:\/\/arantv.az\/?p=829096"},"modified":"2025-09-30T12:25:23","modified_gmt":"2025-09-30T08:25:23","slug":"az%c9%99rbaycanin-qosulmasi-gozl%c9%99nil%c9%99n-sazis-t%c9%99hluk%c9%99d%c9%99","status":"publish","type":"post","link":"https:\/\/arantv.az\/?p=829096","title":{"rendered":"Az\u0259rbaycan\u0131n qo\u015fulmas\u0131 g\u00f6zl\u0259nil\u0259n sazi\u015f t\u0259hl\u00fck\u0259d\u0259"},"content":{"rendered":"<h3><strong>Yax\u0131n \u015e\u0259rq hadis\u0259l\u0259ri \u201c\u0130brahim raz\u0131la\u015fmas\u0131\u201dn\u0131 risk\u0259 at\u0131b &#8211; Bak\u0131 \u00fc\u00e7\u00fcn bu anla\u015fman\u0131n \u00f6n\u0259mi<\/strong><\/h3>\n<p><strong>Yax\u0131n \u015e\u0259rqd\u0259 v\u0259ziyy\u0259t getdikc\u0259 daha dramatik xarakter almaqdad\u0131r. Bu durumda diqq\u0259t \u00e7\u0259k\u0259n m\u0259qamlardan biri d\u0259 \u201c\u0130brahim sazi\u015fl\u0259ri\u201dnin taleyinin nec\u0259 olaca\u011f\u0131d\u0131r.<\/strong><\/p>\n<p><strong>B\u0259lli ki, Az\u0259rbaycan\u0131n \u201c\u0130brahim sazi\u015fl\u0259rin\u0259\u201dn\u0259 qo\u015fulmas\u0131 son vaxtlar beyn\u0259lxalq siyasi dair\u0259l\u0259rin v\u0259 median\u0131n mara\u011f\u0131ndad\u0131r. Bu bar\u0259d\u0259 \u201cBak\u0131-X\u0259b\u0259r\u201d yaz\u0131b. N\u0259\u015fr qeyd edib ki, bu g\u00fcnl\u0259rd\u0259 AB\u015e-nin \u0130sraild\u0259ki ke\u00e7mi\u015f s\u0259firi Daniel \u015eapiro da AB\u015e-d\u0259 Senat dinl\u0259m\u0259l\u0259rind\u0259 \u00e7\u0131x\u0131\u015f ed\u0259r\u0259k Az\u0259rbaycan\u0131n \u201c\u0130brahim sazi\u015fl\u0259ri\u201dn\u0259 qo\u015fulmaq potensial\u0131n\u0131 izah edib: \u201cB\u0259z\u0259n insanlar soru\u015furlar:<\/strong>\u00a0&#8220;\u0130brahim sazi\u015fl\u0259ri&#8221; nec\u0259 geni\u015fl\u0259n\u0259 bil\u0259r? B\u0259lk\u0259 d\u0259 Az\u0259rbaycan? Az\u0259rbaycan art\u0131q uzun ill\u0259rdir ki, \u0130sraill\u0259 diplomatik m\u00fcnasib\u0259tl\u0259ri saxlay\u0131r v\u0259 bu raz\u0131la\u015fmalardan xeyli \u0259vv\u0259l \u0130sraill\u0259 \u0259laq\u0259l\u0259ri olan apar\u0131c\u0131 m\u00fcs\u0259lman \u00f6lk\u0259l\u0259rind\u0259n biridir. Az\u0259rbaycan\u0131n bu raz\u0131la\u015fmalara qo\u015fulmas\u0131n\u0131n strateji \u0259h\u0259miyy\u0259ti dan\u0131lmazd\u0131r. \u0130srailin dig\u0259r \u0259r\u0259b v\u0259 m\u00fcs\u0259lman \u00f6lk\u0259l\u0259ri, o c\u00fcml\u0259d\u0259n C\u0259nubi v\u0259 M\u0259rk\u0259zi Asiyadak\u0131 b\u0259zi d\u00f6vl\u0259tl\u0259rl\u0259 \u0259laq\u0259l\u0259rinin m\u00f6hk\u0259ml\u0259nm\u0259si \u00fc\u00e7\u00fcn d\u0259 burada k\u00f6rp\u00fcl\u0259r qurmaq potensial\u0131 m\u00f6vcuddur&#8221;.<\/p>\n<p>Bununla bel\u0259, q\u0259zet t\u0259hlil edir ki, prosesl\u0259rin gedi\u015fi \u201c\u0130brahim sazi\u015fl\u0259ri\u201dnin taleyini ciddi sual alt\u0131na al\u0131r. Bu fonda diqq\u0259t\u00e7\u0259k\u0259n daha bir hal odur ki, \u201c\u018fr\u0259b NATO\u201dsu konsepsiyas\u0131 da \u201c\u0130brahim sazi\u015fl\u0259ri\u201d il\u0259 birlikd\u0259 t\u0259hdid alt\u0131na d\u00fc\u015f\u00fcb. \u0130srailin Q\u0259t\u0259r\u0259 endirdiyi z\u0259rb\u0259l\u0259r\u0259 cavab olaraq Misirin t\u0259klif etdiyi \u201c\u018fr\u0259b NATO\u201dsu projesi ilkin m\u0259rh\u0259l\u0259d\u0259c\u0259 iflasa u\u011fray\u0131b.<\/p>\n<p>S\u0259udiyy\u0259 \u018fr\u0259bistan\u0131 art\u0131q ikit\u0259r\u0259fli kanallar vasit\u0259sil\u0259 AB\u015e administrasiyas\u0131na \u201c\u0130brahim sazi\u015fl\u0259ri\u201dn\u0259 qo\u015fulma prosesini tamamil\u0259 donduraca\u011f\u0131 bar\u0259d\u0259 x\u0259b\u0259rdarl\u0131q edib. AB\u015e hakimiyy\u0259ti \u0259vv\u0259ll\u0259r krall\u0131\u011f\u0131 bu sazi\u015fl\u0259rin geni\u015fl\u0259ndirilm\u0259si \u00fc\u00e7\u00fcn \u0259n perspektivli namiz\u0259d kimi g\u00f6r\u00fcrd\u00fc. 2020-ci ild\u0259 proses\u0259 \u00f6nc\u00fcll\u00fck ed\u0259n \u018fmirlikl\u0259r is\u0259 AB\u015e-ni \u201c\u0130brahim sazi\u015fl\u0259ri\u201dnd\u0259n \u00e7\u0131xmaqla h\u0259d\u0259l\u0259yib. Diplomatik m\u0259nb\u0259 \u201cLe Figaro\u201dya bildirib: \u201cB\u018f\u018f Prezidenti M\u0259h\u0259mm\u0259d bin Zayed Al Nahyan AB\u015e prezident administrasiyas\u0131na &#8220;son d\u0259r\u0259c\u0259 ayd\u0131n siqnal&#8221; g\u00f6nd\u0259rib. \u0130srail \u0130ordan \u00e7ay\u0131n\u0131n q\u0259rb sahilini ilhaq ets\u0259, \u201c\u0130brahim sazi\u015fl\u0259ri\u201d yenid\u0259n m\u00fczakir\u0259 olunacaq&#8221;.<\/p>\n<p><strong>G\u00f6r\u00fcnd\u00fcy\u00fc kimi, Az\u0259rbaycan\u0131n qo\u015fulmas\u0131 g\u00f6zl\u0259nil\u0259n sazi\u015f t\u0259hl\u00fck\u0259d\u0259dir. B\u0259s onu hans\u0131 g\u00fcc m\u0259rk\u0259zi xilas ed\u0259 bil\u0259r? Az\u0259rbaycan\u0131n \u201c\u0130brahim raz\u0131la\u015fmas\u0131\u201dna qo\u015fulmas\u0131na n\u0259 d\u0259r\u0259c\u0259d\u0259 \u0259\u015fh\u0259d\u00fc-ehtiyac var?<\/strong><\/p>\n<p><strong><img loading=\"lazy\" src=\"https:\/\/cdn.musavat.com\/news\/thumbnails\/8d443ab8114e7a20a5f93b3f85133243.jpg\" width=\"698\" height=\"465\" \/><\/strong><\/p>\n<p><strong>Az\u0259r H\u00fcseynov<\/strong><\/p>\n<p>A\u011e Partiya ba\u015fqan\u0131n\u0131n m\u00fc\u015faviri, siyasi \u015f\u0259rh\u00e7i Az\u0259r H\u00fcseynov \u201cYeni M\u00fcsavat\u201da bildirdi ki, Az\u0259rbaycan \u0130sraill\u0259 h\u0259rbi-texniki \u0259m\u0259kda\u015fl\u0131q qurub, k\u0259nd t\u0259s\u0259rr\u00fcfat\u0131 v\u0259 texnologiya sah\u0259sind\u0259 t\u0259r\u0259fda\u015fl\u0131q edir, \u0259r\u0259b d\u00fcnyas\u0131 il\u0259 d\u0259 s\u0131x \u0259laq\u0259l\u0259r m\u00f6vcuddur: \u201cSon ill\u0259rd\u0259 beyn\u0259lxalq g\u00fcnd\u0259md\u0259 diqq\u0259t \u00e7\u0259k\u0259n m\u0259s\u0259l\u0259l\u0259rd\u0259n biri d\u0259 AB\u015e-nin t\u0259\u015f\u0259bb\u00fcs\u00fc il\u0259 yarad\u0131lm\u0131\u015f &#8220;\u0130brahim sazi\u015fl\u0259ri&#8221;dir. Bu sazi\u015fl\u0259rin \u0259sas m\u0259qs\u0259di \u0130sraill\u0259 \u0259r\u0259b \u00f6lk\u0259l\u0259ri aras\u0131nda m\u00fcnasib\u0259tl\u0259rin normalla\u015fd\u0131r\u0131lmas\u0131, b\u00f6lg\u0259d\u0259 \u0259m\u0259kda\u015fl\u0131q v\u0259 sabitliyin g\u00fccl\u0259ndirilm\u0259si idi. \u0130lk m\u0259rh\u0259l\u0259d\u0259 Birl\u0259\u015fmi\u015f \u018fr\u0259b \u018fmirlikl\u0259ri, B\u0259hreyn, M\u0259rake\u015f v\u0259 Sudan bu sazi\u015fl\u0259r\u0259 qo\u015fuldu. AB\u015e bu t\u0259\u015f\u0259bb\u00fcs\u00fc Yax\u0131n \u015e\u0259rqd\u0259 yeni t\u0259hl\u00fck\u0259sizlik arxitekturas\u0131n\u0131n \u0259sas\u0131 kimi t\u0259qdim edirdi. \u0130srail is\u0259 \u0259r\u0259b d\u00fcnyas\u0131 il\u0259 diplomatik \u0259laq\u0259l\u0259r qurmaqla h\u0259m beyn\u0259lxalq imicini g\u00fccl\u0259ndirm\u0259k, h\u0259m d\u0259 \u0130ran\u0131n t\u0259sirini balansla\u015fd\u0131rmaq ist\u0259yirdi. Az\u0259rbaycan\u0131n ad\u0131 da bu sazi\u015fl\u0259r kontekstind\u0259 tez-tez \u00e7\u0259kilm\u0259y\u0259 ba\u015flad\u0131. Bunun \u0259sas s\u0259b\u0259bi Az\u0259rbaycan\u0131n h\u0259m \u0130sraill\u0259, h\u0259m d\u0259 \u0130slam d\u00fcnyas\u0131 il\u0259 m\u00f6hk\u0259m m\u00fcnasib\u0259tl\u0259rinin olmas\u0131 idi. AB\u015e-nin ke\u00e7mi\u015f \u0130srail s\u0259firi Daniel \u015eapiro a\u00e7\u0131q \u015f\u0259kild\u0259 b\u0259yan etmi\u015fdi ki, Az\u0259rbaycan\u0131n \u201c\u0130brahim sazi\u015fl\u0259ri\u201dn\u0259 qo\u015fulmas\u0131 strateji bax\u0131mdan m\u00fch\u00fcm ola bil\u0259r&#8221;.<\/p>\n<p><strong>A.H\u00fcseynov qeyd etdi ki, Yax\u0131n \u015e\u0259rqd\u0259 v\u0259ziyy\u0259t tamamil\u0259 d\u0259yi\u015fib:<\/strong>\u00a0\u201c\u0130srailin Q\u0259zzada h\u0259yata ke\u00e7irdiyi h\u0259rbi \u0259m\u0259liyyatlar n\u0259tic\u0259sind\u0259 b\u00f6lg\u0259d\u0259 geni\u015fmiqyasl\u0131 humanitar f\u0259lak\u0259t ba\u015f verin, minl\u0259rl\u0259 insan h\u0259yat\u0131n\u0131 itirib, y\u00fcz minl\u0259rl\u0259 insan is\u0259 m\u0259cburi k\u00f6\u00e7k\u00fcn v\u0259ziyy\u0259tin\u0259 d\u00fc\u015f\u00fcb. Q\u0259zzadak\u0131 bu dramatik v\u0259ziyy\u0259t \u0259r\u0259b \u00f6lk\u0259l\u0259rind\u0259 ciddi naraz\u0131l\u0131q yarad\u0131b v\u0259 \u0130srailin siyas\u0259tin\u0259 qar\u015f\u0131 s\u0259rt t\u0259nqidl\u0259r s\u0259sl\u0259ndirilib\u201d.<\/p>\n<p><strong>Onun s\u00f6zl\u0259rin\u0259 g\u00f6r\u0259, Misirin t\u0259\u015f\u0259bb\u00fcs\u00fc il\u0259 g\u00fcnd\u0259m\u0259 g\u0259l\u0259n v\u0259 \u201c\u0259r\u0259b \u00f6lk\u0259l\u0259rinin ortaq m\u00fcdafi\u0259 alyans\u0131\u201d kimi t\u0259qdim edil\u0259n \u201c\u018fr\u0259b NATO\u201dsu layih\u0259si b\u00f6lg\u0259d\u0259 t\u0259hl\u00fck\u0259sizlik arxitekturas\u0131n\u0131n d\u0259yi\u015fdirilm\u0259si \u00fc\u00e7\u00fcn n\u0259z\u0259rd\u0259 tutulmu\u015fdu:<\/strong>\u00a0\u201cLakin \u0130srailin Q\u0259t\u0259r\u0259 endirdiyi h\u0259rbi z\u0259rb\u0259l\u0259r v\u0259 b\u00f6lg\u0259d\u0259 artan qar\u015f\u0131durmalar bu layih\u0259nin realla\u015fmas\u0131na imkan verm\u0259di, n\u0259tic\u0259d\u0259 t\u0259\u015f\u0259bb\u00fcs iflasa u\u011frad\u0131. S\u0259udiyy\u0259 \u018fr\u0259bistan\u0131 AB\u015e il\u0259 m\u00fcnasib\u0259tl\u0259rd\u0259 a\u00e7\u0131q \u015f\u0259kild\u0259 m\u00f6vqeyini ortaya qoyaraq sazi\u015fl\u0259r\u0259 qo\u015fulma prosesini dondurdu\u011funu b\u0259yan etdi. Birl\u0259\u015fmi\u015f \u018fr\u0259b \u018fmirlikl\u0259ri is\u0259 \u0130srailin \u0130ordan \u00e7ay\u0131n\u0131n q\u0259rb sahilini ilhaq etm\u0259si hal\u0131nda &#8220;\u0130brahim sazi\u015fl\u0259ri&#8221;nd\u0259n \u00e7\u0131xaca\u011f\u0131n\u0131 bildirdi. Bu a\u00e7\u0131qlamalar b\u00f6lg\u0259d\u0259 \u0130sraill\u0259 \u0259r\u0259b \u00f6lk\u0259l\u0259ri aras\u0131nda normalla\u015fma prosesini sual alt\u0131na sald\u0131 v\u0259 \u201c\u0130brahim sazi\u015fl\u0259ri\u201dnin davaml\u0131l\u0131\u011f\u0131 ciddi \u015f\u0259kild\u0259 \u015f\u00fcbh\u0259 do\u011furdu. \u018fslind\u0259 \u0259r\u0259b \u00f6lk\u0259l\u0259rinin \u0259ks\u0259riyy\u0259ti art\u0131q bu sazi\u015fl\u0259rin yaln\u0131z geosiyasi maraqlar namin\u0259 formala\u015fd\u0131\u011f\u0131n\u0131 v\u0259 real dayan\u0131ql\u0131 \u0259m\u0259kda\u015fl\u0131q bazas\u0131n\u0131n olmad\u0131\u011f\u0131n\u0131 etiraf etm\u0259y\u0259 m\u0259cbur qald\u0131lar.<\/p>\n<p>Az\u0259rbaycan \u00fc\u00e7\u00fcn is\u0259 \u0259sas prinsip praqmatizmdir. Xarici siyas\u0259td\u0259 h\u0259r hans\u0131 beyn\u0259lxalq sazi\u015f\u0259 qo\u015fulmaq yaln\u0131z milli maraqlara, t\u0259hl\u00fck\u0259sizlik t\u0259l\u0259bl\u0259rin\u0259 v\u0259 d\u00f6vl\u0259tin uzunm\u00fcdd\u0259tli inki\u015faf h\u0259d\u0259fl\u0259rin\u0259 uy\u011fun oldu\u011fu halda m\u00fcmk\u00fcnd\u00fcr. Az\u0259rbaycan\u0131n m\u00fcst\u0259qilliyinin qorunmas\u0131, \u0259razi b\u00fct\u00f6vl\u00fcy\u00fcn\u00fcn t\u0259min edilm\u0259si v\u0259 milli maraqlar\u0131n m\u00fcdafi\u0259si xarici siyas\u0259td\u0259 d\u0259yi\u015fm\u0259z prioritetl\u0259r olaraq qal\u0131r. Bu s\u0259b\u0259bd\u0259n Bak\u0131 \u201c\u0130brahim sazi\u015fl\u0259ri\u201d v\u0259 ya dig\u0259r regional t\u0259\u015f\u0259bb\u00fcsl\u0259r\u0259 ehtiyatl\u0131 yana\u015f\u0131r, beyn\u0259lxalq t\u0259zyiql\u0259r\u0259 baxmayaraq yaln\u0131z m\u0259qs\u0259d\u0259uy\u011fun hesab etdiyi hallarda i\u015ftirak q\u0259rar\u0131 verir. Az\u0259rbaycan \u00fc\u00e7\u00fcn \u0259sas olan beyn\u0259lxalq h\u00fcquqa s\u00f6yk\u0259n\u0259n m\u00f6vqe v\u0259 regional balans\u0131n qorunmas\u0131d\u0131r. Bu yana\u015fma \u00f6lk\u0259nin h\u0259m \u0130slam d\u00fcnyas\u0131, h\u0259m d\u0259 Q\u0259rb v\u0259 dig\u0259r t\u0259r\u0259fda\u015flarla m\u00fcnasib\u0259tl\u0259rind\u0259 sabitlik v\u0259 etibarl\u0131l\u0131q yaratmaqla yana\u015f\u0131, Az\u0259rbaycan\u0131n beyn\u0259lxalq arenada m\u00fcst\u0259qil v\u0259 praqmatik siyas\u0259t y\u00fcr\u00fctm\u0259sini t\u0259min edir&#8221;.<\/p>\n<p><strong>Cavan\u015fir ABBASLI,<\/strong><br \/>\n<strong>\u201cYeni M\u00fcsavat\u201d<\/strong><\/p>\n","protected":false},"excerpt":{"rendered":"<p>Yax\u0131n \u015e\u0259rq hadis\u0259l\u0259ri \u201c\u0130brahim raz\u0131la\u015fmas\u0131\u201dn\u0131 risk\u0259 at\u0131b &#8211; Bak\u0131 \u00fc\u00e7\u00fcn bu anla\u015fman\u0131n \u00f6n\u0259mi Yax\u0131n \u015e\u0259rqd\u0259 v\u0259ziyy\u0259t getdikc\u0259 daha dramatik xarakter almaqdad\u0131r. Bu durumda diqq\u0259t \u00e7\u0259k\u0259n m\u0259qamlardan biri d\u0259 \u201c\u0130brahim sazi\u015fl\u0259ri\u201dnin taleyinin nec\u0259 olaca\u011f\u0131d\u0131r. B\u0259lli ki, Az\u0259rbaycan\u0131n \u201c\u0130brahim sazi\u015fl\u0259rin\u0259\u201dn\u0259 qo\u015fulmas\u0131 son vaxtlar beyn\u0259lxalq siyasi dair\u0259l\u0259rin v\u0259 median\u0131n mara\u011f\u0131ndad\u0131r. Bu bar\u0259d\u0259 \u201cBak\u0131-X\u0259b\u0259r\u201d yaz\u0131b. N\u0259\u015fr qeyd edib ki, bu g\u00fcnl\u0259rd\u0259 AB\u015e-nin \u0130sraild\u0259ki ke\u00e7mi\u015f s\u0259firi Daniel \u015eapiro da AB\u015e-d\u0259 Senat dinl\u0259m\u0259l\u0259rind\u0259 \u00e7\u0131x\u0131\u015f ed\u0259r\u0259k Az\u0259rbaycan\u0131n \u201c\u0130brahim sazi\u015fl\u0259ri\u201dn\u0259 qo\u015fulmaq potensial\u0131n\u0131 izah edib: \u201cB\u0259z\u0259n insanlar soru\u015furlar:\u00a0&#8220;\u0130brahim sazi\u015fl\u0259ri&#8221; nec\u0259 geni\u015fl\u0259n\u0259 bil\u0259r? B\u0259lk\u0259 d\u0259 Az\u0259rbaycan? Az\u0259rbaycan art\u0131q uzun ill\u0259rdir&hellip;<\/p>\n","protected":false},"author":2,"featured_media":829097,"comment_status":"closed","ping_status":"closed","sticky":false,"template":"","format":"standard","meta":{"om_disable_all_campaigns":false,"_monsterinsights_skip_tracking":false,"_monsterinsights_sitenote_active":false,"_monsterinsights_sitenote_note":"","_monsterinsights_sitenote_category":0},"categories":[19],"tags":[],"aioseo_notices":[],"gutentor_comment":0,"rttpg_featured_image_url":{"full":["https:\/\/arantv.az\/wp-content\/uploads\/2025\/09\/b8f9e7c4bf13520125f4bef4c1e63969.jpg",870,500,false],"landscape":["https:\/\/arantv.az\/wp-content\/uploads\/2025\/09\/b8f9e7c4bf13520125f4bef4c1e63969.jpg",870,500,false],"portraits":["https:\/\/arantv.az\/wp-content\/uploads\/2025\/09\/b8f9e7c4bf13520125f4bef4c1e63969.jpg",870,500,false],"thumbnail":["https:\/\/arantv.az\/wp-content\/uploads\/2025\/09\/b8f9e7c4bf13520125f4bef4c1e63969-500x280.jpg",500,280,true],"medium":["https:\/\/arantv.az\/wp-content\/uploads\/2025\/09\/b8f9e7c4bf13520125f4bef4c1e63969-635x365.jpg",635,365,true],"large":["https:\/\/arantv.az\/wp-content\/uploads\/2025\/09\/b8f9e7c4bf13520125f4bef4c1e63969-840x483.jpg",640,368,true],"1536x1536":["https:\/\/arantv.az\/wp-content\/uploads\/2025\/09\/b8f9e7c4bf13520125f4bef4c1e63969.jpg",870,500,false],"2048x2048":["https:\/\/arantv.az\/wp-content\/uploads\/2025\/09\/b8f9e7c4bf13520125f4bef4c1e63969.jpg",870,500,false],"post-thumbnail":["https:\/\/arantv.az\/wp-content\/uploads\/2025\/09\/b8f9e7c4bf13520125f4bef4c1e63969-240x172.jpg",240,172,true],"advps-thumb-one":["https:\/\/arantv.az\/wp-content\/uploads\/2025\/09\/b8f9e7c4bf13520125f4bef4c1e63969.jpg",870,500,false]},"rttpg_author":{"display_name":"V\u00fcsal Rafiqo\u011flu","author_link":"https:\/\/arantv.az\/?author=2"},"rttpg_comment":0,"rttpg_category":"<a href=\"https:\/\/arantv.az\/?cat=19\" rel=\"category\">G\u00fcnd\u0259m<\/a>","rttpg_excerpt":"Yax\u0131n \u015e\u0259rq hadis\u0259l\u0259ri \u201c\u0130brahim raz\u0131la\u015fmas\u0131\u201dn\u0131 risk\u0259 at\u0131b &#8211; Bak\u0131 \u00fc\u00e7\u00fcn bu anla\u015fman\u0131n \u00f6n\u0259mi Yax\u0131n \u015e\u0259rqd\u0259 v\u0259ziyy\u0259t getdikc\u0259 daha dramatik xarakter almaqdad\u0131r. Bu durumda diqq\u0259t \u00e7\u0259k\u0259n m\u0259qamlardan biri d\u0259 \u201c\u0130brahim sazi\u015fl\u0259ri\u201dnin taleyinin nec\u0259 olaca\u011f\u0131d\u0131r. B\u0259lli ki, Az\u0259rbaycan\u0131n \u201c\u0130brahim sazi\u015fl\u0259rin\u0259\u201dn\u0259 qo\u015fulmas\u0131 son vaxtlar beyn\u0259lxalq siyasi dair\u0259l\u0259rin v\u0259 median\u0131n mara\u011f\u0131ndad\u0131r. Bu bar\u0259d\u0259 \u201cBak\u0131-X\u0259b\u0259r\u201d yaz\u0131b. N\u0259\u015fr qeyd edib ki,&hellip;","_links":{"self":[{"href":"https:\/\/arantv.az\/index.php?rest_route=\/wp\/v2\/posts\/829096"}],"collection":[{"href":"https:\/\/arantv.az\/index.php?rest_route=\/wp\/v2\/posts"}],"about":[{"href":"https:\/\/arantv.az\/index.php?rest_route=\/wp\/v2\/types\/post"}],"author":[{"embeddable":true,"href":"https:\/\/arantv.az\/index.php?rest_route=\/wp\/v2\/users\/2"}],"replies":[{"embeddable":true,"href":"https:\/\/arantv.az\/index.php?rest_route=%2Fwp%2Fv2%2Fcomments&post=829096"}],"version-history":[{"count":2,"href":"https:\/\/arantv.az\/index.php?rest_route=\/wp\/v2\/posts\/829096\/revisions"}],"predecessor-version":[{"id":829099,"href":"https:\/\/arantv.az\/index.php?rest_route=\/wp\/v2\/posts\/829096\/revisions\/829099"}],"wp:featuredmedia":[{"embeddable":true,"href":"https:\/\/arantv.az\/index.php?rest_route=\/wp\/v2\/media\/829097"}],"wp:attachment":[{"href":"https:\/\/arantv.az\/index.php?rest_route=%2Fwp%2Fv2%2Fmedia&parent=829096"}],"wp:term":[{"taxonomy":"category","embeddable":true,"href":"https:\/\/arantv.az\/index.php?rest_route=%2Fwp%2Fv2%2Fcategories&post=829096"},{"taxonomy":"post_tag","embeddable":true,"href":"https:\/\/arantv.az\/index.php?rest_route=%2Fwp%2Fv2%2Ftags&post=829096"}],"curies":[{"name":"wp","href":"https:\/\/api.w.org\/{rel}","templated":true}]}}