{"id":829106,"date":"2025-09-30T12:29:05","date_gmt":"2025-09-30T08:29:05","guid":{"rendered":"https:\/\/arantv.az\/?p=829106"},"modified":"2025-09-30T12:29:05","modified_gmt":"2025-09-30T08:29:05","slug":"minaaxtaranlara-veteran-statusu-veril%c9%99-bil%c9%99rmi","status":"publish","type":"post","link":"https:\/\/arantv.az\/?p=829106","title":{"rendered":"Minaaxtaranlara \u201cveteran\u201d statusu veril\u0259 bil\u0259rmi?"},"content":{"rendered":"<h3><strong>Milli M\u0259clis h\u00f6kum\u0259td\u0259n t\u0259klif g\u00f6zl\u0259yir &#8211; ekspertl\u0259r d\u0259 d\u0259st\u0259kl\u0259yir<\/strong><\/h3>\n<p><strong>Az\u0259rbaycan\u0131n azad olunmu\u015f \u0259razil\u0259rind\u0259 apar\u0131lan minat\u0259mizl\u0259m\u0259 \u0259m\u0259liyyatlar\u0131 \u00f6lk\u0259nin t\u0259hl\u00fck\u0259sizliyi v\u0259 b\u0259rpa-quruculuq prosesinin \u0259sas \u015f\u0259rtl\u0259rind\u0259n biridir. V\u0259t\u0259n m\u00fcharib\u0259sind\u0259 i\u015ftirak ed\u0259n minaaxtaranlara \u201cm\u00fcharib\u0259 veteran\u0131\u201d statusunun verilm\u0259si t\u0259klifi d\u0259 son g\u00fcnl\u0259r g\u00fcnd\u0259m\u0259 g\u0259lib. Bu m\u0259s\u0259l\u0259 \u201cMinalar \u018fleyhin\u0259 Az\u0259rbaycan Kampaniyas\u0131\u201d \u0130ctimai Birliyinin kasetli sursatlarla ba\u011fl\u0131 hesabat\u0131nda \u00f6z \u0259ksini tap\u0131b. Hesabatda bildirilir ki, mina \u0259m\u0259liyyatlar\u0131 zaman\u0131 yaralanan \u015f\u0259xsl\u0259r\u0259 \u201cm\u00fcharib\u0259 \u0259lili\u201d, V\u0259t\u0259n m\u00fcharib\u0259si d\u00f6vr\u00fcnd\u0259 f\u0259aliyy\u0259t g\u00f6st\u0259r\u0259n minaaxtaranlara is\u0259 \u201cm\u00fcharib\u0259 veteran\u0131\u201d statusu verilm\u0259si m\u0259s\u0259l\u0259si n\u0259z\u0259rd\u0259n ke\u00e7irilm\u0259lidir. Bu, h\u0259m onlar\u0131n t\u0259hl\u00fck\u0259li \u0259m\u0259yin\u0259 d\u00f6vl\u0259t s\u0259viyy\u0259sind\u0259 d\u0259y\u0259r verilm\u0259si, h\u0259m d\u0259 sosial m\u00fcdafi\u0259 bax\u0131m\u0131ndan m\u00fch\u00fcm add\u0131m ola bil\u0259r.<\/strong><\/p>\n<p>Mina t\u0259mizl\u0259m\u0259 \u0259m\u0259liyyatlar\u0131n\u0131 \u0259sas\u0259n Az\u0259rbaycan Respublikas\u0131n\u0131n Minat\u0259mizl\u0259m\u0259 Agentliyi (ANAMA), M\u00fcdafi\u0259 Nazirliyi, F\u00f6vq\u0259lad\u0259 Hallar Nazirliyi, D\u00f6vl\u0259t S\u0259rh\u0259d Xidm\u0259ti v\u0259 d\u00f6rd \u00f6z\u0259l \u015firk\u0259t h\u0259yata ke\u00e7irir.<\/p>\n<p>2020-ci ilin noyabr\u0131ndan 2025-ci ilin sentyabr\u0131na q\u0259d\u0259r apar\u0131lan \u0259m\u0259liyyatlar n\u0259tic\u0259sind\u0259 C\u0259bray\u0131l, Qubadl\u0131 v\u0259 Z\u0259ngilan rayonlar\u0131 da daxil olmaqla, \u00fcmumilikd\u0259 228,689.9 hektar \u0259razi mina v\u0259 m\u00fcharib\u0259nin dig\u0259r partlay\u0131c\u0131 qur\u011fular\u0131ndan t\u0259mizl\u0259nib. Bu m\u00fcdd\u0259td\u0259 210,655 \u0259d\u0259d partlay\u0131c\u0131 qur\u011fu a\u015fkarlanaraq z\u0259r\u0259rsizl\u0259\u015fdirilib. \u018fm\u0259liyyatlarda h\u0259m x\u00fcsusi t\u0259lim g\u00f6rm\u00fc\u015f itl\u0259r, h\u0259m d\u0259 m\u00fcasir mexaniki texnika istifad\u0259 olunub.<\/p>\n<p>R\u0259smi m\u0259lumata g\u00f6r\u0259, t\u0259kc\u0259 2025-ci ilin ilk yeddi ay\u0131nda 15 mina hadis\u0259si ba\u015f verib, n\u0259tic\u0259d\u0259 20 n\u0259f\u0259r x\u0259sar\u0259t al\u0131b. 2020-ci ild\u0259n b\u0259ri \u00fcmumilikd\u0259 70 n\u0259f\u0259r h\u0259lak olub, 332 n\u0259f\u0259r is\u0259 m\u00fcxt\u0259lif b\u0259d\u0259n x\u0259sar\u0259tl\u0259ri al\u0131b. Daha geni\u015f miqyasda baxd\u0131qda is\u0259, 1991-ci ild\u0259n bu g\u00fcn\u0259 q\u0259d\u0259r 3 400-d\u0259n \u00e7ox v\u0259t\u0259nda\u015f mina v\u0259 PHS qurban\u0131 olub.<\/p>\n<p>\u018fld\u0259 olunan n\u0259tic\u0259l\u0259r m\u00fch\u00fcm olsa da, i\u015f h\u0259l\u0259 d\u0259 tam ba\u015fa \u00e7atmay\u0131b. Erm\u0259nistan\u0131n qeyri-d\u0259qiq v\u0259 natamam mina x\u0259rit\u0259l\u0259ri, h\u0259m\u00e7inin azad edilmi\u015f \u0259razil\u0259rin da\u011fl\u0131q v\u0259 m\u00fcr\u0259kk\u0259b relyefi i\u015fin s\u00fcr\u0259tini l\u0259ngidir. M\u00fct\u0259x\u0259ssisl\u0259rin hesablamalar\u0131na g\u00f6r\u0259, m\u00f6vcud resurslarla b\u00fct\u00fcn torpaqlar\u0131n tam \u015f\u0259kild\u0259 minalardan t\u0259mizl\u0259nm\u0259si \u0259n az\u0131 30 il \u00e7\u0259k\u0259 bil\u0259r.<\/p>\n<p><strong>D\u00fcnya t\u0259cr\u00fcb\u0259si g\u00f6st\u0259rir ki, minat\u0259mizl\u0259m\u0259 \u0259m\u0259liyyatlar\u0131nda i\u015ftirak ed\u0259n \u015f\u0259xsl\u0259r\u0259 bir \u00e7ox \u00f6lk\u0259d\u0259 x\u00fcsusi status verilir. M\u0259s\u0259l\u0259n, Bosniya v\u0259 Herseqovinada 1990-c\u0131 ild\u0259 m\u00fcharib\u0259d\u0259n sonra minaaxtaranlar \u201cd\u00f6vl\u0259tin m\u00fcdafi\u0259sin\u0259 xidm\u0259t ed\u0259n \u015f\u0259xsl\u0259r\u201d kateqoriyas\u0131na daxil edilib v\u0259 sosial t\u0259minatlarla \u0259hat\u0259 olunublar.<\/strong><\/p>\n<p>Kambocada uzun ill\u0259r davam ed\u0259n m\u00fcnaqi\u015f\u0259l\u0259rd\u0259n sonra minat\u0259mizl\u0259y\u0259nl\u0259r milli q\u0259hr\u0259man statusuna yax\u0131n sosial imtiyazlara sahibdirl\u0259r, onlar\u0131n ail\u0259l\u0259rin\u0259 d\u0259 x\u00fcsusi g\u00fcz\u0259\u015ftl\u0259r t\u0259tbiq olunur.<\/p>\n<p>\u018ffqan\u0131standa BMT-nin d\u0259st\u0259yi il\u0259 h\u0259yata ke\u00e7iril\u0259n proqramlarda minaaxtaranlar r\u0259smi olaraq \u201cs\u00fclh\u00fcn qorunmas\u0131 \u00fc\u00e7\u00fcn \u00e7al\u0131\u015fan m\u00fclki q\u0259hr\u0259manlar\u201d adland\u0131r\u0131l\u0131r v\u0259 d\u00f6vl\u0259t t\u0259r\u0259find\u0259n m\u00fckafatland\u0131r\u0131l\u0131r.<\/p>\n<p>Xorvatiyada is\u0259 Avropa \u0130ttifaq\u0131na inteqrasiya prosesi \u00e7\u0259r\u00e7iv\u0259sind\u0259 minat\u0259mizl\u0259y\u0259nl\u0259r\u0259 sosial paketl\u0259r t\u0259qdim olunub, onlara \u0259lav\u0259 tibbi s\u0131\u011forta v\u0259 g\u00fcz\u0259\u015ftl\u0259r verilir.<\/p>\n<p>Bu n\u00fcmun\u0259l\u0259r g\u00f6st\u0259rir ki, minaaxtaranlar\u0131n \u0259m\u0259yin\u0259 d\u00f6vl\u0259t s\u0259viyy\u0259sind\u0259 qiym\u0259t verilm\u0259si yaln\u0131z m\u0259n\u0259vi t\u0259\u015f\u0259kk\u00fcr deyil, h\u0259m d\u0259 beyn\u0259lxalq humanitar normalara uy\u011fun bir add\u0131md\u0131r.<\/p>\n<p><strong>Minat\u0259mizl\u0259m\u0259 \u0259m\u0259liyyatlar\u0131nda i\u015ftirak ed\u0259n m\u00fct\u0259x\u0259ssisl\u0259r faktiki olaraq h\u0259rbi \u0259m\u0259liyyat \u015f\u0259raitind\u0259 f\u0259aliyy\u0259t g\u00f6st\u0259rirl\u0259r. Onlar h\u0259r g\u00fcn h\u0259yatlar\u0131n\u0131 risk\u0259 ataraq h\u0259m \u00f6lk\u0259nin t\u0259hl\u00fck\u0259sizliyini t\u0259min edir, h\u0259m d\u0259 azad edilmi\u015f torpaqlara b\u00f6y\u00fck qay\u0131d\u0131\u015f\u0131n \u0259sas\u0131n\u0131 qoyurlar.<\/strong><\/p>\n<p>Ekspertl\u0259r hesab edir ki, minaaxtaranlara \u201cveteran\u201d statusunun verilm\u0259si yaln\u0131z m\u0259n\u0259vi deyil, h\u0259m d\u0259 h\u00fcquqi-sosial \u0259dal\u0259tin t\u0259c\u0259ss\u00fcm\u00fc olard\u0131. Bu status h\u0259min \u015f\u0259xsl\u0259r\u0259 \u0259lav\u0259 imtiyazlar qazand\u0131rmaqla yana\u015f\u0131, onlar\u0131n \u0259m\u0259yin\u0259 veril\u0259n y\u00fcks\u0259k d\u00f6vl\u0259t qiym\u0259ti kimi d\u0259 q\u0259bul edil\u0259 bil\u0259r. \u00c7\u00fcnki Az\u0259rbaycan\u0131n mina problemi h\u0259l\u0259 uzun ill\u0259r \u00f6lk\u0259nin t\u0259hl\u00fck\u0259sizlik g\u00fcnd\u0259liyind\u0259 qalacaq. Bu m\u00fcbariz\u0259nin \u00f6n c\u0259bh\u0259sind\u0259 dayanan minaaxtaranlar\u0131n \u0259m\u0259yin\u0259 d\u00f6vl\u0259t t\u0259r\u0259find\u0259n x\u00fcsusi status verilm\u0259si, h\u0259m t\u0259hl\u00fck\u0259li pe\u015f\u0259y\u0259 mara\u011f\u0131 art\u0131rar, h\u0259m d\u0259 ictimai r\u0259yd\u0259 onlar\u0131n roluna layiqinc\u0259 qiym\u0259t verilm\u0259sini t\u0259min ed\u0259r.<\/p>\n<p><img loading=\"lazy\" src=\"https:\/\/qht.az\/Images\/original\/60fe8c3ef4694e34b3298663f908b1d84420241730418.jpg\" alt=\"Hafiz S\u0259fixanov minalarla m\u00fcbariz\u0259d\u0259 \u0259m\u0259kda\u015fl\u0131q, a\u011fac \u0259km\u0259 kampaniyas\u0131ndan  dan\u0131\u015fd\u0131 - A\u00c7IQLAMA\" width=\"689\" height=\"459\" \/><\/p>\n<p><strong>Hafiz S\u0259fixanov<\/strong><\/p>\n<p><strong>Minalar \u018fleyhin\u0259 Az\u0259rbaycan Kampaniyas\u0131 \u0130ctimai Birliyinin s\u0259dri Hafiz S\u0259fixanov \u201cYeni M\u00fcsavat\u201da a\u00e7\u0131qlamas\u0131nda bildirib ki, m\u0259s\u0259l\u0259 mill\u0259t v\u0259kill\u0259rinin n\u0259z\u0259rin\u0259 \u00e7atd\u0131r\u0131l\u0131b. Onun s\u00f6zl\u0259rin\u0259 g\u00f6r\u0259, Milli M\u0259clis h\u00f6kum\u0259td\u0259n t\u0259klif g\u00f6zl\u0259yir. H\u00f6kum\u0259t Milli M\u0259clis\u0259 bel\u0259 bir t\u0259klifl\u0259 m\u00fcraci\u0259t etm\u0259lidir:<\/strong>\u00a0\u201c\u0130nsan\u0131n d\u00fc\u015fm\u0259nin atd\u0131\u011f\u0131 g\u00fcll\u0259d\u0259n yaralanmas\u0131 il\u0259 onun qoydu\u011fu minadan yaralanmas\u0131 aras\u0131nda he\u00e7 bir f\u0259rq yoxdur. O, d\u00fc\u015fm\u0259nin t\u0259xribat\u0131 n\u0259tic\u0259sind\u0259 \u0259lillik qazan\u0131b. Buna g\u00f6r\u0259 d\u0259 bel\u0259 bir t\u0259klifl\u0259 \u00e7\u0131x\u0131\u015f etmi\u015fdik\u201d.<\/p>\n<p><img src=\"https:\/\/www.aznews.az\/storage\/2020\/04\/22\/unnamed.jpg\" alt=\"Bu m\u0259nim ilk qrip karantinim deyil&quot; - Sahib M\u0259mm\u0259dov il\u0259 m\u00fcsahib\u0259\" \/><\/p>\n<p><strong>Sahib M\u0259mm\u0259dov<\/strong><\/p>\n<p><strong>\u018fm\u0259k H\u00fcquqlar\u0131n\u0131 M\u00fcdafi\u0259 Liqas\u0131n\u0131n r\u0259hb\u0259ri Sahib M\u0259mm\u0259dov \u201cYeni M\u00fcsavat\u201da a\u00e7\u0131qlamas\u0131nda bildirib ki, d\u00f6y\u00fc\u015f \u0259m\u0259liyyat\u0131 zonas\u0131nda mina axtaran \u015f\u0259xs h\u0259rb\u00e7idirs\u0259, ona \u201cm\u00fcharib\u0259 veteran\u0131\u201d v\u0259 ya \u201cm\u00fcharib\u0259 \u0259lili\u201d statusu veril\u0259 bil\u0259r:<\/strong>\u00a0\u201cD\u00f6y\u00fc\u015f \u0259m\u0259liyyat\u0131 zaman\u0131 f\u0259aliyy\u0259t g\u00f6st\u0259r\u0259n m\u00fclki i\u015f\u00e7i il\u0259 d\u0259 ba\u011fl\u0131 m\u00fc\u0259yy\u0259n q\u0259rar q\u0259bul etm\u0259k olar. \u00c7\u00fcnki onun d\u00fc\u015fm\u0259n t\u0259xribat\u0131ndan x\u0259sar\u0259t alma ehtimal\u0131 var.<\/p>\n<p>Dinc d\u00f6vrd\u0259 is\u0259 minaaxtaran h\u0259r hans\u0131sa z\u0259r\u0259r g\u00f6r\u00fcrs\u0259, bu zaman hadis\u0259 istehsalatda b\u0259db\u0259xt hadis\u0259 v\u0259 pe\u015f\u0259 x\u0259stliyi kimi qiym\u0259tl\u0259ndirilir, qanuna uy\u011fun olaraq da kompensasiya verilir. Do\u011frudur, mina axtarmaq \u0259n riskli i\u015fl\u0259r s\u0131ras\u0131ndad\u0131r. T\u0259\u0259ss\u00fcf ki, minaaxtaranlar o siyah\u0131da yoxdur. M\u0259n d\u0259f\u0259l\u0259rl\u0259 demi\u015f\u0259m ki, \u0259n riskli i\u015f kimi siyah\u0131ya al\u0131nmal\u0131d\u0131r. Lakin b\u00fct\u00fcn hallarda dinc d\u00f6vrd\u0259 mina axtarmaq h\u0259rbi deyil, m\u00fclki i\u015f kimi q\u0259bul edilir. \u015eaxtalarda i\u015fl\u0259y\u0259nl\u0259r d\u0259 \u0259n riskli pe\u015f\u0259 il\u0259 m\u0259\u015f\u011ful olurlar. Onlar\u0131n da h\u0259r an \u00f6l\u00fcm ehtimal\u0131 var v\u0259 risklidir.<\/p>\n<p>Bu bax\u0131mdan \u201cm\u00fcharib\u0259 veteran\u0131\u201d v\u0259 \u201cm\u00fcharib\u0259 \u0259lili\u201d statusu yaln\u0131z d\u00f6y\u00fc\u015f \u0259m\u0259liyyatlar\u0131 apar\u0131lan v\u0259 ya d\u00f6y\u00fc\u015f\u0259n ordunun h\u00fccuma ke\u00e7m\u0259sini t\u0259min ed\u0259n zaman i\u015ftirak ed\u0259n \u015f\u0259xsl\u0259r\u0259 veril\u0259 bil\u0259r&#8221;.<\/p>\n<p><strong>\u015eahan\u0259 R\u018fH\u0130ML\u0130,<\/strong><br \/>\n<strong>\u201cYeni M\u00fcsavat\u201d<\/strong><\/p>\n","protected":false},"excerpt":{"rendered":"<p>Milli M\u0259clis h\u00f6kum\u0259td\u0259n t\u0259klif g\u00f6zl\u0259yir &#8211; ekspertl\u0259r d\u0259 d\u0259st\u0259kl\u0259yir Az\u0259rbaycan\u0131n azad olunmu\u015f \u0259razil\u0259rind\u0259 apar\u0131lan minat\u0259mizl\u0259m\u0259 \u0259m\u0259liyyatlar\u0131 \u00f6lk\u0259nin t\u0259hl\u00fck\u0259sizliyi v\u0259 b\u0259rpa-quruculuq prosesinin \u0259sas \u015f\u0259rtl\u0259rind\u0259n biridir. V\u0259t\u0259n m\u00fcharib\u0259sind\u0259 i\u015ftirak ed\u0259n minaaxtaranlara \u201cm\u00fcharib\u0259 veteran\u0131\u201d statusunun verilm\u0259si t\u0259klifi d\u0259 son g\u00fcnl\u0259r g\u00fcnd\u0259m\u0259 g\u0259lib. Bu m\u0259s\u0259l\u0259 \u201cMinalar \u018fleyhin\u0259 Az\u0259rbaycan Kampaniyas\u0131\u201d \u0130ctimai Birliyinin kasetli sursatlarla ba\u011fl\u0131 hesabat\u0131nda \u00f6z \u0259ksini tap\u0131b. Hesabatda bildirilir ki, mina \u0259m\u0259liyyatlar\u0131 zaman\u0131 yaralanan \u015f\u0259xsl\u0259r\u0259 \u201cm\u00fcharib\u0259 \u0259lili\u201d, V\u0259t\u0259n m\u00fcharib\u0259si d\u00f6vr\u00fcnd\u0259 f\u0259aliyy\u0259t g\u00f6st\u0259r\u0259n minaaxtaranlara is\u0259 \u201cm\u00fcharib\u0259 veteran\u0131\u201d statusu verilm\u0259si m\u0259s\u0259l\u0259si n\u0259z\u0259rd\u0259n ke\u00e7irilm\u0259lidir. Bu, h\u0259m onlar\u0131n t\u0259hl\u00fck\u0259li \u0259m\u0259yin\u0259 d\u00f6vl\u0259t s\u0259viyy\u0259sind\u0259 d\u0259y\u0259r verilm\u0259si, h\u0259m d\u0259 sosial&hellip;<\/p>\n","protected":false},"author":2,"featured_media":829107,"comment_status":"closed","ping_status":"closed","sticky":false,"template":"","format":"standard","meta":{"om_disable_all_campaigns":false,"_monsterinsights_skip_tracking":false,"_monsterinsights_sitenote_active":false,"_monsterinsights_sitenote_note":"","_monsterinsights_sitenote_category":0},"categories":[19],"tags":[],"aioseo_notices":[],"gutentor_comment":0,"rttpg_featured_image_url":{"full":["https:\/\/arantv.az\/wp-content\/uploads\/2025\/09\/baedafaed2895c235134dd42f804675c.jpg",700,500,false],"landscape":["https:\/\/arantv.az\/wp-content\/uploads\/2025\/09\/baedafaed2895c235134dd42f804675c.jpg",700,500,false],"portraits":["https:\/\/arantv.az\/wp-content\/uploads\/2025\/09\/baedafaed2895c235134dd42f804675c.jpg",700,500,false],"thumbnail":["https:\/\/arantv.az\/wp-content\/uploads\/2025\/09\/baedafaed2895c235134dd42f804675c-500x280.jpg",500,280,true],"medium":["https:\/\/arantv.az\/wp-content\/uploads\/2025\/09\/baedafaed2895c235134dd42f804675c-511x365.jpg",511,365,true],"large":["https:\/\/arantv.az\/wp-content\/uploads\/2025\/09\/baedafaed2895c235134dd42f804675c.jpg",640,457,false],"1536x1536":["https:\/\/arantv.az\/wp-content\/uploads\/2025\/09\/baedafaed2895c235134dd42f804675c.jpg",700,500,false],"2048x2048":["https:\/\/arantv.az\/wp-content\/uploads\/2025\/09\/baedafaed2895c235134dd42f804675c.jpg",700,500,false],"post-thumbnail":["https:\/\/arantv.az\/wp-content\/uploads\/2025\/09\/baedafaed2895c235134dd42f804675c-240x172.jpg",240,172,true],"advps-thumb-one":["https:\/\/arantv.az\/wp-content\/uploads\/2025\/09\/baedafaed2895c235134dd42f804675c.jpg",700,500,false]},"rttpg_author":{"display_name":"V\u00fcsal Rafiqo\u011flu","author_link":"https:\/\/arantv.az\/?author=2"},"rttpg_comment":0,"rttpg_category":"<a href=\"https:\/\/arantv.az\/?cat=19\" rel=\"category\">G\u00fcnd\u0259m<\/a>","rttpg_excerpt":"Milli M\u0259clis h\u00f6kum\u0259td\u0259n t\u0259klif g\u00f6zl\u0259yir &#8211; ekspertl\u0259r d\u0259 d\u0259st\u0259kl\u0259yir Az\u0259rbaycan\u0131n azad olunmu\u015f \u0259razil\u0259rind\u0259 apar\u0131lan minat\u0259mizl\u0259m\u0259 \u0259m\u0259liyyatlar\u0131 \u00f6lk\u0259nin t\u0259hl\u00fck\u0259sizliyi v\u0259 b\u0259rpa-quruculuq prosesinin \u0259sas \u015f\u0259rtl\u0259rind\u0259n biridir. V\u0259t\u0259n m\u00fcharib\u0259sind\u0259 i\u015ftirak ed\u0259n minaaxtaranlara \u201cm\u00fcharib\u0259 veteran\u0131\u201d statusunun verilm\u0259si t\u0259klifi d\u0259 son g\u00fcnl\u0259r g\u00fcnd\u0259m\u0259 g\u0259lib. Bu m\u0259s\u0259l\u0259 \u201cMinalar \u018fleyhin\u0259 Az\u0259rbaycan Kampaniyas\u0131\u201d \u0130ctimai Birliyinin kasetli sursatlarla ba\u011fl\u0131 hesabat\u0131nda \u00f6z \u0259ksini tap\u0131b. Hesabatda&hellip;","_links":{"self":[{"href":"https:\/\/arantv.az\/index.php?rest_route=\/wp\/v2\/posts\/829106"}],"collection":[{"href":"https:\/\/arantv.az\/index.php?rest_route=\/wp\/v2\/posts"}],"about":[{"href":"https:\/\/arantv.az\/index.php?rest_route=\/wp\/v2\/types\/post"}],"author":[{"embeddable":true,"href":"https:\/\/arantv.az\/index.php?rest_route=\/wp\/v2\/users\/2"}],"replies":[{"embeddable":true,"href":"https:\/\/arantv.az\/index.php?rest_route=%2Fwp%2Fv2%2Fcomments&post=829106"}],"version-history":[{"count":1,"href":"https:\/\/arantv.az\/index.php?rest_route=\/wp\/v2\/posts\/829106\/revisions"}],"predecessor-version":[{"id":829108,"href":"https:\/\/arantv.az\/index.php?rest_route=\/wp\/v2\/posts\/829106\/revisions\/829108"}],"wp:featuredmedia":[{"embeddable":true,"href":"https:\/\/arantv.az\/index.php?rest_route=\/wp\/v2\/media\/829107"}],"wp:attachment":[{"href":"https:\/\/arantv.az\/index.php?rest_route=%2Fwp%2Fv2%2Fmedia&parent=829106"}],"wp:term":[{"taxonomy":"category","embeddable":true,"href":"https:\/\/arantv.az\/index.php?rest_route=%2Fwp%2Fv2%2Fcategories&post=829106"},{"taxonomy":"post_tag","embeddable":true,"href":"https:\/\/arantv.az\/index.php?rest_route=%2Fwp%2Fv2%2Ftags&post=829106"}],"curies":[{"name":"wp","href":"https:\/\/api.w.org\/{rel}","templated":true}]}}