{"id":829118,"date":"2025-09-30T12:33:54","date_gmt":"2025-09-30T08:33:54","guid":{"rendered":"https:\/\/arantv.az\/?p=829118"},"modified":"2025-09-30T12:33:54","modified_gmt":"2025-09-30T08:33:54","slug":"nato-v%c9%99-erm%c9%99nistan-tramp-yolunun-acilmasini-muzakir%c9%99-etdi","status":"publish","type":"post","link":"https:\/\/arantv.az\/?p=829118","title":{"rendered":"NATO v\u0259 Erm\u0259nistan \u201cTramp yolu\u201dnun a\u00e7\u0131lmas\u0131n\u0131 m\u00fczakir\u0259 etdi"},"content":{"rendered":"<div class=\"text-content\" data-id=\"\" data-url=\"\">\n<p><strong>Erm\u0259nistan xarici i\u015fl\u0259r naziri Ararat Mirzoyan NATO ba\u015f katibinin m\u00fcavini Radmila \u015eekerinska il\u0259 g\u00f6r\u00fc\u015f\u00fcb.<\/strong><\/p>\n<p>G\u00f6r\u00fc\u015f Var\u015fava T\u0259hl\u00fck\u0259sizlik Forumu \u00e7\u0259r\u00e7iv\u0259sind\u0259 ba\u015f tutub.<\/p>\n<p>H\u0259ms\u00f6hb\u0259tl\u0259r Erm\u0259nistan v\u0259 NATO aras\u0131nda t\u0259r\u0259fda\u015fl\u0131\u011f\u0131n geni\u015fl\u0259ndirilm\u0259si imkanlar\u0131n\u0131 m\u00fczakir\u0259 ed\u0259r\u0259k, daha iddial\u0131 g\u00fcnd\u0259liyin formala\u015fd\u0131r\u0131lmas\u0131nda maraql\u0131 olduqlar\u0131n\u0131 qeyd edibl\u0259r.<\/p>\n<p>Regional hadis\u0259l\u0259r\u0259 toxunan t\u0259r\u0259fl\u0259r Az\u0259rbaycan v\u0259 Erm\u0259nistan aras\u0131nda Va\u015finqton raz\u0131la\u015fmalar\u0131n\u0131n s\u00fclh\u00fcn b\u0259rq\u0259rar olmas\u0131 v\u0259 \u201cBeyn\u0259lxalq S\u00fclh v\u0259 Rifah \u00fc\u00e7\u00fcn Tramp Yolu\u201d kommunikasiya proqram\u0131n\u0131n h\u0259yata ke\u00e7irilm\u0259sind\u0259 \u0259h\u0259miyy\u0259ti bar\u0259d\u0259 fikir m\u00fcbadil\u0259si apar\u0131blar.\\\\Teleqraf<\/p>\n<\/div>\n<div><\/div>\n<div><\/div>\n<div class=\"inner-social-box\">\n<div class=\"subs-in-social subs-whatsapp\"><\/div>\n<\/div>\n","protected":false},"excerpt":{"rendered":"<p>Erm\u0259nistan xarici i\u015fl\u0259r naziri Ararat Mirzoyan NATO ba\u015f katibinin m\u00fcavini Radmila \u015eekerinska il\u0259 g\u00f6r\u00fc\u015f\u00fcb. G\u00f6r\u00fc\u015f Var\u015fava T\u0259hl\u00fck\u0259sizlik Forumu \u00e7\u0259r\u00e7iv\u0259sind\u0259 ba\u015f tutub. H\u0259ms\u00f6hb\u0259tl\u0259r Erm\u0259nistan v\u0259 NATO aras\u0131nda t\u0259r\u0259fda\u015fl\u0131\u011f\u0131n geni\u015fl\u0259ndirilm\u0259si imkanlar\u0131n\u0131 m\u00fczakir\u0259 ed\u0259r\u0259k, daha iddial\u0131 g\u00fcnd\u0259liyin formala\u015fd\u0131r\u0131lmas\u0131nda maraql\u0131 olduqlar\u0131n\u0131 qeyd edibl\u0259r. Regional hadis\u0259l\u0259r\u0259 toxunan t\u0259r\u0259fl\u0259r Az\u0259rbaycan v\u0259 Erm\u0259nistan aras\u0131nda Va\u015finqton raz\u0131la\u015fmalar\u0131n\u0131n s\u00fclh\u00fcn b\u0259rq\u0259rar olmas\u0131 v\u0259 \u201cBeyn\u0259lxalq S\u00fclh v\u0259 Rifah \u00fc\u00e7\u00fcn Tramp Yolu\u201d kommunikasiya proqram\u0131n\u0131n h\u0259yata ke\u00e7irilm\u0259sind\u0259 \u0259h\u0259miyy\u0259ti bar\u0259d\u0259 fikir m\u00fcbadil\u0259si apar\u0131blar.\\\\Teleqraf<\/p>\n","protected":false},"author":2,"featured_media":829119,"comment_status":"closed","ping_status":"closed","sticky":false,"template":"","format":"standard","meta":{"om_disable_all_campaigns":false,"_monsterinsights_skip_tracking":false,"_monsterinsights_sitenote_active":false,"_monsterinsights_sitenote_note":"","_monsterinsights_sitenote_category":0},"categories":[7],"tags":[],"aioseo_notices":[],"gutentor_comment":0,"rttpg_featured_image_url":{"full":["https:\/\/arantv.az\/wp-content\/uploads\/2025\/09\/885f5a459286fcf1f9c4a45114d64a6f.jpg",850,500,false],"landscape":["https:\/\/arantv.az\/wp-content\/uploads\/2025\/09\/885f5a459286fcf1f9c4a45114d64a6f.jpg",850,500,false],"portraits":["https:\/\/arantv.az\/wp-content\/uploads\/2025\/09\/885f5a459286fcf1f9c4a45114d64a6f.jpg",850,500,false],"thumbnail":["https:\/\/arantv.az\/wp-content\/uploads\/2025\/09\/885f5a459286fcf1f9c4a45114d64a6f-500x280.jpg",500,280,true],"medium":["https:\/\/arantv.az\/wp-content\/uploads\/2025\/09\/885f5a459286fcf1f9c4a45114d64a6f-621x365.jpg",621,365,true],"large":["https:\/\/arantv.az\/wp-content\/uploads\/2025\/09\/885f5a459286fcf1f9c4a45114d64a6f-840x494.jpg",640,376,true],"1536x1536":["https:\/\/arantv.az\/wp-content\/uploads\/2025\/09\/885f5a459286fcf1f9c4a45114d64a6f.jpg",850,500,false],"2048x2048":["https:\/\/arantv.az\/wp-content\/uploads\/2025\/09\/885f5a459286fcf1f9c4a45114d64a6f.jpg",850,500,false],"post-thumbnail":["https:\/\/arantv.az\/wp-content\/uploads\/2025\/09\/885f5a459286fcf1f9c4a45114d64a6f-240x172.jpg",240,172,true],"advps-thumb-one":["https:\/\/arantv.az\/wp-content\/uploads\/2025\/09\/885f5a459286fcf1f9c4a45114d64a6f.jpg",850,500,false]},"rttpg_author":{"display_name":"V\u00fcsal Rafiqo\u011flu","author_link":"https:\/\/arantv.az\/?author=2"},"rttpg_comment":0,"rttpg_category":"<a href=\"https:\/\/arantv.az\/?cat=7\" rel=\"category\">D\u00fcnya<\/a>","rttpg_excerpt":"Erm\u0259nistan xarici i\u015fl\u0259r naziri Ararat Mirzoyan NATO ba\u015f katibinin m\u00fcavini Radmila \u015eekerinska il\u0259 g\u00f6r\u00fc\u015f\u00fcb. G\u00f6r\u00fc\u015f Var\u015fava T\u0259hl\u00fck\u0259sizlik Forumu \u00e7\u0259r\u00e7iv\u0259sind\u0259 ba\u015f tutub. H\u0259ms\u00f6hb\u0259tl\u0259r Erm\u0259nistan v\u0259 NATO aras\u0131nda t\u0259r\u0259fda\u015fl\u0131\u011f\u0131n geni\u015fl\u0259ndirilm\u0259si imkanlar\u0131n\u0131 m\u00fczakir\u0259 ed\u0259r\u0259k, daha iddial\u0131 g\u00fcnd\u0259liyin formala\u015fd\u0131r\u0131lmas\u0131nda maraql\u0131 olduqlar\u0131n\u0131 qeyd edibl\u0259r. Regional hadis\u0259l\u0259r\u0259 toxunan t\u0259r\u0259fl\u0259r Az\u0259rbaycan v\u0259 Erm\u0259nistan aras\u0131nda Va\u015finqton raz\u0131la\u015fmalar\u0131n\u0131n s\u00fclh\u00fcn b\u0259rq\u0259rar olmas\u0131 v\u0259 \u201cBeyn\u0259lxalq S\u00fclh&hellip;","_links":{"self":[{"href":"https:\/\/arantv.az\/index.php?rest_route=\/wp\/v2\/posts\/829118"}],"collection":[{"href":"https:\/\/arantv.az\/index.php?rest_route=\/wp\/v2\/posts"}],"about":[{"href":"https:\/\/arantv.az\/index.php?rest_route=\/wp\/v2\/types\/post"}],"author":[{"embeddable":true,"href":"https:\/\/arantv.az\/index.php?rest_route=\/wp\/v2\/users\/2"}],"replies":[{"embeddable":true,"href":"https:\/\/arantv.az\/index.php?rest_route=%2Fwp%2Fv2%2Fcomments&post=829118"}],"version-history":[{"count":1,"href":"https:\/\/arantv.az\/index.php?rest_route=\/wp\/v2\/posts\/829118\/revisions"}],"predecessor-version":[{"id":829120,"href":"https:\/\/arantv.az\/index.php?rest_route=\/wp\/v2\/posts\/829118\/revisions\/829120"}],"wp:featuredmedia":[{"embeddable":true,"href":"https:\/\/arantv.az\/index.php?rest_route=\/wp\/v2\/media\/829119"}],"wp:attachment":[{"href":"https:\/\/arantv.az\/index.php?rest_route=%2Fwp%2Fv2%2Fmedia&parent=829118"}],"wp:term":[{"taxonomy":"category","embeddable":true,"href":"https:\/\/arantv.az\/index.php?rest_route=%2Fwp%2Fv2%2Fcategories&post=829118"},{"taxonomy":"post_tag","embeddable":true,"href":"https:\/\/arantv.az\/index.php?rest_route=%2Fwp%2Fv2%2Ftags&post=829118"}],"curies":[{"name":"wp","href":"https:\/\/api.w.org\/{rel}","templated":true}]}}