{"id":829121,"date":"2025-09-30T12:35:06","date_gmt":"2025-09-30T08:35:06","guid":{"rendered":"https:\/\/arantv.az\/?p=829121"},"modified":"2025-09-30T12:35:06","modified_gmt":"2025-09-30T08:35:06","slug":"milli-m%c9%99clis-anim-gunu-il%c9%99-bagli-b%c9%99yanat-q%c9%99bul-etdi","status":"publish","type":"post","link":"https:\/\/arantv.az\/?p=829121","title":{"rendered":"Milli M\u0259clis An\u0131m G\u00fcn\u00fc il\u0259 ba\u011fl\u0131 b\u0259yanat q\u0259bul etdi"},"content":{"rendered":"<p><strong>Milli M\u0259clisin pay\u0131z sessiyas\u0131n\u0131n bu g\u00fcn ke\u00e7iril\u0259n ilk plenar iclas\u0131nda 27 sentyabr \u2013 An\u0131m G\u00fcn\u00fcn\u00fcn be\u015finci ild\u00f6n\u00fcm\u00fc il\u0259 \u0259laq\u0259dar b\u0259yanat m\u00fczakir\u0259y\u0259 \u00e7\u0131xar\u0131l\u0131b.<\/strong><\/p>\n<p><strong>ARANTV.AZ <\/strong>\u00a0bu bar\u0259d\u0259 m\u0259lumat verir.<\/p>\n<p>Spiker Sahib\u0259 Qafarova Prezident \u0130lham \u018fliyevin r\u0259hb\u0259rliyi il\u0259 Az\u0259rbaycan ordusunun yazd\u0131\u011f\u0131 \u015f\u0259r\u0259fli tarixd\u0259n b\u0259hs etdikd\u0259n sonra komit\u0259 s\u0259dri Az\u0259r \u018fmiraslanov b\u0259yanat\u0131 s\u0259sl\u0259ndirib.<\/p>\n<p>Milli M\u0259clisin s\u0259dr m\u00fcavini \u018fli \u018fhm\u0259dov s\u0259n\u0259d haqq\u0131nda y\u00fcks\u0259k fikirl\u0259rini bildirdikd\u0259n sonra q\u0259rar layih\u0259si yekdillikl\u0259 q\u0259bul olunub.<\/p>\n","protected":false},"excerpt":{"rendered":"<p>Milli M\u0259clisin pay\u0131z sessiyas\u0131n\u0131n bu g\u00fcn ke\u00e7iril\u0259n ilk plenar iclas\u0131nda 27 sentyabr \u2013 An\u0131m G\u00fcn\u00fcn\u00fcn be\u015finci ild\u00f6n\u00fcm\u00fc il\u0259 \u0259laq\u0259dar b\u0259yanat m\u00fczakir\u0259y\u0259 \u00e7\u0131xar\u0131l\u0131b. ARANTV.AZ \u00a0bu bar\u0259d\u0259 m\u0259lumat verir. Spiker Sahib\u0259 Qafarova Prezident \u0130lham \u018fliyevin r\u0259hb\u0259rliyi il\u0259 Az\u0259rbaycan ordusunun yazd\u0131\u011f\u0131 \u015f\u0259r\u0259fli tarixd\u0259n b\u0259hs etdikd\u0259n sonra komit\u0259 s\u0259dri Az\u0259r \u018fmiraslanov b\u0259yanat\u0131 s\u0259sl\u0259ndirib. Milli M\u0259clisin s\u0259dr m\u00fcavini \u018fli \u018fhm\u0259dov s\u0259n\u0259d haqq\u0131nda y\u00fcks\u0259k fikirl\u0259rini bildirdikd\u0259n sonra q\u0259rar layih\u0259si yekdillikl\u0259 q\u0259bul olunub.<\/p>\n","protected":false},"author":2,"featured_media":829122,"comment_status":"closed","ping_status":"closed","sticky":false,"template":"","format":"standard","meta":{"om_disable_all_campaigns":false,"_monsterinsights_skip_tracking":false,"_monsterinsights_sitenote_active":false,"_monsterinsights_sitenote_note":"","_monsterinsights_sitenote_category":0},"categories":[4],"tags":[],"aioseo_notices":[],"gutentor_comment":0,"rttpg_featured_image_url":{"full":["https:\/\/arantv.az\/wp-content\/uploads\/2025\/09\/73ef0d0a7fa3aa449e9d3bcc9bcce650.jpg",825,500,false],"landscape":["https:\/\/arantv.az\/wp-content\/uploads\/2025\/09\/73ef0d0a7fa3aa449e9d3bcc9bcce650.jpg",825,500,false],"portraits":["https:\/\/arantv.az\/wp-content\/uploads\/2025\/09\/73ef0d0a7fa3aa449e9d3bcc9bcce650.jpg",825,500,false],"thumbnail":["https:\/\/arantv.az\/wp-content\/uploads\/2025\/09\/73ef0d0a7fa3aa449e9d3bcc9bcce650-500x280.jpg",500,280,true],"medium":["https:\/\/arantv.az\/wp-content\/uploads\/2025\/09\/73ef0d0a7fa3aa449e9d3bcc9bcce650-602x365.jpg",602,365,true],"large":["https:\/\/arantv.az\/wp-content\/uploads\/2025\/09\/73ef0d0a7fa3aa449e9d3bcc9bcce650.jpg",640,388,false],"1536x1536":["https:\/\/arantv.az\/wp-content\/uploads\/2025\/09\/73ef0d0a7fa3aa449e9d3bcc9bcce650.jpg",825,500,false],"2048x2048":["https:\/\/arantv.az\/wp-content\/uploads\/2025\/09\/73ef0d0a7fa3aa449e9d3bcc9bcce650.jpg",825,500,false],"post-thumbnail":["https:\/\/arantv.az\/wp-content\/uploads\/2025\/09\/73ef0d0a7fa3aa449e9d3bcc9bcce650-240x172.jpg",240,172,true],"advps-thumb-one":["https:\/\/arantv.az\/wp-content\/uploads\/2025\/09\/73ef0d0a7fa3aa449e9d3bcc9bcce650.jpg",825,500,false]},"rttpg_author":{"display_name":"V\u00fcsal Rafiqo\u011flu","author_link":"https:\/\/arantv.az\/?author=2"},"rttpg_comment":0,"rttpg_category":"<a href=\"https:\/\/arantv.az\/?cat=4\" rel=\"category\">Siyas\u0259t<\/a>","rttpg_excerpt":"Milli M\u0259clisin pay\u0131z sessiyas\u0131n\u0131n bu g\u00fcn ke\u00e7iril\u0259n ilk plenar iclas\u0131nda 27 sentyabr \u2013 An\u0131m G\u00fcn\u00fcn\u00fcn be\u015finci ild\u00f6n\u00fcm\u00fc il\u0259 \u0259laq\u0259dar b\u0259yanat m\u00fczakir\u0259y\u0259 \u00e7\u0131xar\u0131l\u0131b. ARANTV.AZ \u00a0bu bar\u0259d\u0259 m\u0259lumat verir. Spiker Sahib\u0259 Qafarova Prezident \u0130lham \u018fliyevin r\u0259hb\u0259rliyi il\u0259 Az\u0259rbaycan ordusunun yazd\u0131\u011f\u0131 \u015f\u0259r\u0259fli tarixd\u0259n b\u0259hs etdikd\u0259n sonra komit\u0259 s\u0259dri Az\u0259r \u018fmiraslanov b\u0259yanat\u0131 s\u0259sl\u0259ndirib. Milli M\u0259clisin s\u0259dr m\u00fcavini \u018fli \u018fhm\u0259dov&hellip;","_links":{"self":[{"href":"https:\/\/arantv.az\/index.php?rest_route=\/wp\/v2\/posts\/829121"}],"collection":[{"href":"https:\/\/arantv.az\/index.php?rest_route=\/wp\/v2\/posts"}],"about":[{"href":"https:\/\/arantv.az\/index.php?rest_route=\/wp\/v2\/types\/post"}],"author":[{"embeddable":true,"href":"https:\/\/arantv.az\/index.php?rest_route=\/wp\/v2\/users\/2"}],"replies":[{"embeddable":true,"href":"https:\/\/arantv.az\/index.php?rest_route=%2Fwp%2Fv2%2Fcomments&post=829121"}],"version-history":[{"count":1,"href":"https:\/\/arantv.az\/index.php?rest_route=\/wp\/v2\/posts\/829121\/revisions"}],"predecessor-version":[{"id":829123,"href":"https:\/\/arantv.az\/index.php?rest_route=\/wp\/v2\/posts\/829121\/revisions\/829123"}],"wp:featuredmedia":[{"embeddable":true,"href":"https:\/\/arantv.az\/index.php?rest_route=\/wp\/v2\/media\/829122"}],"wp:attachment":[{"href":"https:\/\/arantv.az\/index.php?rest_route=%2Fwp%2Fv2%2Fmedia&parent=829121"}],"wp:term":[{"taxonomy":"category","embeddable":true,"href":"https:\/\/arantv.az\/index.php?rest_route=%2Fwp%2Fv2%2Fcategories&post=829121"},{"taxonomy":"post_tag","embeddable":true,"href":"https:\/\/arantv.az\/index.php?rest_route=%2Fwp%2Fv2%2Ftags&post=829121"}],"curies":[{"name":"wp","href":"https:\/\/api.w.org\/{rel}","templated":true}]}}