{"id":829131,"date":"2025-09-30T14:56:41","date_gmt":"2025-09-30T10:56:41","guid":{"rendered":"https:\/\/arantv.az\/?p=829131"},"modified":"2025-09-30T14:56:41","modified_gmt":"2025-09-30T10:56:41","slug":"sentyabrda-almali-idim-uc-ay-sonraya-qaldi-v%c9%99t%c9%99ndasdan-issizlik-sigortasi-il%c9%99-bagli-naraziliq","status":"publish","type":"post","link":"https:\/\/arantv.az\/?p=829131","title":{"rendered":"&#8220;Sentyabrda almal\u0131 idim, \u00fc\u00e7 ay sonraya qald\u0131&#8221; \u2013 V\u0259t\u0259nda\u015fdan i\u015fsizlik s\u0131\u011fortas\u0131 il\u0259 ba\u011fl\u0131 NARAZILIQ"},"content":{"rendered":"<p><strong>Musavat.com<\/strong>-un redaksiyas\u0131na Bak\u0131 \u015f\u0259h\u0259r sakini G\u00fcnay H\u00fcseynova \u0130smay\u0131l q\u0131z\u0131 t\u0259r\u0259find\u0259n daxil olan m\u00fcraci\u0259td\u0259 v\u0259t\u0259nda\u015f D\u00f6vl\u0259t M\u0259\u015f\u011fulluq Agentliyi t\u0259r\u0259find\u0259n ona t\u0259yin edilmi\u015f i\u015fsizlikd\u0259n s\u0131\u011forta \u00f6d\u0259ni\u015finin vaxt\u0131nda verilm\u0259m\u0259sind\u0259n \u015fikay\u0259t\u00e7idir.<\/p>\n<p><strong>G\u00fcnay H\u00fcseynova bildirir ki, iyun ay\u0131n\u0131n sonunda D\u00f6vl\u0259t M\u0259\u015f\u011fulluq Agentliyin\u0259 m\u00fcraci\u0259t edib v\u0259 avqustun 1-d\u0259n etibar\u0259n ona i\u015fsizlikd\u0259n s\u0131\u011forta \u00f6d\u0259ni\u015fi t\u0259yin olunub:<\/strong><\/p>\n<p>\u201cAvqustun 1-d\u0259 s\u0259n\u0259dl\u0259ri imzalayanda biz\u0259 bildirdil\u0259r ki, ilk \u00f6d\u0259ni\u015f sentyabr\u0131n sonunda \u2013 t\u0259xmin\u0259n 25-26-s\u0131 tarixl\u0259rind\u0259 edil\u0259c\u0259k. H\u0259min vaxt ke\u00e7ib, amma h\u0259l\u0259 d\u0259 he\u00e7 bir \u00f6d\u0259ni\u015f olunmay\u0131b. M\u00fcraci\u0259t etdim, dedil\u0259r ki, avqustda kim\u0259 s\u0131\u011forta \u00f6d\u0259ni\u015fi t\u0259yin olunubsa, h\u0259min \u015f\u0259xsl\u0259r m\u0259bl\u0259\u011fi yaln\u0131z noyabr ay\u0131nda ala bil\u0259c\u0259k. Halbuki bel\u0259 bir hal he\u00e7 vaxt ya\u015fanmay\u0131b. \u018fslind\u0259 sentyabrda \u00f6d\u0259nilm\u0259li idi. Z\u0259hm\u0259t olmasa, buna ayd\u0131nl\u0131q g\u0259tirilsin\u201d.<\/p>\n<p><strong>V\u0259t\u0259nda\u015f\u0131n m\u00fcraci\u0259ti il\u0259 ba\u011fl\u0131 D\u00f6vl\u0259t M\u0259\u015f\u011fulluq Agentliyin\u0259 \u00fcnvanlad\u0131\u011f\u0131m\u0131z sor\u011fuya Agentliyin m\u0259tbuat xidm\u0259tind\u0259n cavab olaraq bildirildi:<\/strong><\/p>\n<p>\u201cBak\u0131 \u015f\u0259h\u0259r sakini G\u00fcnay H\u00fcseynovan\u0131n m\u00fcraci\u0259ti il\u0259 \u0259laq\u0259dar olaraq bildiririk ki, avqust ay\u0131nda v\u0259t\u0259nda\u015f \u00fc\u00e7\u00fcn i\u015fsizlikd\u0259n s\u0131\u011forta \u00f6d\u0259ni\u015fi t\u0259yin olunub v\u0259 sentyabr ay\u0131nda o, F\u0259rdi M\u0259\u015f\u011fulluq Proqram\u0131n\u0131 t\u0259sdiql\u0259yib.<\/p>\n<p>Az\u0259rbaycan Respublikas\u0131 Nazirl\u0259r Kabinetinin 29 dekabr 2017-ci il tarixli 620 n\u00f6mr\u0259li Q\u0259rar\u0131 il\u0259 t\u0259sdiq olunmu\u015f \u201cS\u0131\u011forta \u00f6d\u0259ni\u015finin verilm\u0259si Qaydas\u0131\u201dna uy\u011fun olaraq \u00f6d\u0259ni\u015fl\u0259rin hesablanmas\u0131 v\u0259 h\u0259yata ke\u00e7irilm\u0259si \u018fm\u0259k v\u0259 \u018fhalinin Sosial M\u00fcdafi\u0259si Nazirliyinin M\u0259rk\u0259zl\u0259\u015fdirilmi\u015f elektron informasiya sistemi vasit\u0259sil\u0259 apar\u0131l\u0131r.<\/p>\n<p>Haz\u0131rda m\u0259\u015f\u011fulluq sah\u0259sind\u0259 xidm\u0259tl\u0259rin s\u0259m\u0259r\u0259liliyinin art\u0131r\u0131lmas\u0131, m\u0259lumatlar\u0131n d\u0259qiqliyinin v\u0259 t\u0259hl\u00fck\u0259sizliyinin t\u0259min olunmas\u0131 m\u0259qs\u0259dil\u0259 sistemd\u0259 texniki t\u0259kmill\u0259\u015fdirm\u0259 v\u0259 profilaktik i\u015fl\u0259r apar\u0131l\u0131r. Bu proses ba\u015fa \u00e7atd\u0131qdan d\u0259rhal sonra v\u0259t\u0259nda\u015fa qanunvericilikl\u0259 n\u0259z\u0259rd\u0259 tutulan \u00f6d\u0259ni\u015fin verilm\u0259si t\u0259min olunacaq\u201d.<\/p>\n<p>G\u00fcnay H\u00fcseynovan\u0131n s\u00f6zl\u0259rind\u0259n d\u0259 g\u00f6r\u00fcnd\u00fcy\u00fc kimi, burada \u0259sas problem v\u0259t\u0259nda\u015fa \u0259vv\u0259lc\u0259d\u0259n he\u00e7 bir \u015f\u0259kild\u0259 m\u0259lumat verilm\u0259d\u0259n \u00f6d\u0259ni\u015fin gecikdirilm\u0259sidir. V\u0259t\u0259nda\u015flar haql\u0131 olaraq g\u00f6zl\u0259dikl\u0259ri d\u0259st\u0259yi zaman\u0131nda almaq ist\u0259yirl\u0259r. \u018fg\u0259r texniki s\u0259b\u0259bl\u0259r varsa, bu bar\u0259d\u0259 \u0259vv\u0259lc\u0259d\u0259n ictimaiyy\u0259t m\u0259lumatland\u0131r\u0131lmal\u0131 v\u0259 gecikm\u0259nin s\u0259b\u0259bl\u0259ri a\u00e7\u0131q \u015f\u0259kild\u0259 izah olunmal\u0131d\u0131r.<\/p>\n<p>\u018fks halda bu c\u00fcr hallar h\u0259m v\u0259t\u0259nda\u015flarda naraz\u0131l\u0131q yarad\u0131r, h\u0259m d\u0259 d\u00f6vl\u0259t qurumlar\u0131na olan inam\u0131 z\u0259d\u0259l\u0259y\u0259 bil\u0259r.<\/p>\n","protected":false},"excerpt":{"rendered":"<p>Musavat.com-un redaksiyas\u0131na Bak\u0131 \u015f\u0259h\u0259r sakini G\u00fcnay H\u00fcseynova \u0130smay\u0131l q\u0131z\u0131 t\u0259r\u0259find\u0259n daxil olan m\u00fcraci\u0259td\u0259 v\u0259t\u0259nda\u015f D\u00f6vl\u0259t M\u0259\u015f\u011fulluq Agentliyi t\u0259r\u0259find\u0259n ona t\u0259yin edilmi\u015f i\u015fsizlikd\u0259n s\u0131\u011forta \u00f6d\u0259ni\u015finin vaxt\u0131nda verilm\u0259m\u0259sind\u0259n \u015fikay\u0259t\u00e7idir. G\u00fcnay H\u00fcseynova bildirir ki, iyun ay\u0131n\u0131n sonunda D\u00f6vl\u0259t M\u0259\u015f\u011fulluq Agentliyin\u0259 m\u00fcraci\u0259t edib v\u0259 avqustun 1-d\u0259n etibar\u0259n ona i\u015fsizlikd\u0259n s\u0131\u011forta \u00f6d\u0259ni\u015fi t\u0259yin olunub: \u201cAvqustun 1-d\u0259 s\u0259n\u0259dl\u0259ri imzalayanda biz\u0259 bildirdil\u0259r ki, ilk \u00f6d\u0259ni\u015f sentyabr\u0131n sonunda \u2013 t\u0259xmin\u0259n 25-26-s\u0131 tarixl\u0259rind\u0259 edil\u0259c\u0259k. H\u0259min vaxt ke\u00e7ib, amma h\u0259l\u0259 d\u0259 he\u00e7 bir \u00f6d\u0259ni\u015f olunmay\u0131b. M\u00fcraci\u0259t etdim, dedil\u0259r ki, avqustda kim\u0259 s\u0131\u011forta \u00f6d\u0259ni\u015fi t\u0259yin olunubsa, h\u0259min \u015f\u0259xsl\u0259r m\u0259bl\u0259\u011fi yaln\u0131z noyabr&hellip;<\/p>\n","protected":false},"author":2,"featured_media":829140,"comment_status":"closed","ping_status":"closed","sticky":false,"template":"","format":"standard","meta":{"om_disable_all_campaigns":false,"_monsterinsights_skip_tracking":false,"_monsterinsights_sitenote_active":false,"_monsterinsights_sitenote_note":"","_monsterinsights_sitenote_category":0},"categories":[26],"tags":[],"aioseo_notices":[],"gutentor_comment":0,"rttpg_featured_image_url":{"full":["https:\/\/arantv.az\/wp-content\/uploads\/2025\/09\/25b62e446e6cd355b5a9bb57d8e757a3.jpg",853,480,false],"landscape":["https:\/\/arantv.az\/wp-content\/uploads\/2025\/09\/25b62e446e6cd355b5a9bb57d8e757a3.jpg",853,480,false],"portraits":["https:\/\/arantv.az\/wp-content\/uploads\/2025\/09\/25b62e446e6cd355b5a9bb57d8e757a3.jpg",853,480,false],"thumbnail":["https:\/\/arantv.az\/wp-content\/uploads\/2025\/09\/25b62e446e6cd355b5a9bb57d8e757a3-500x280.jpg",500,280,true],"medium":["https:\/\/arantv.az\/wp-content\/uploads\/2025\/09\/25b62e446e6cd355b5a9bb57d8e757a3-649x365.jpg",649,365,true],"large":["https:\/\/arantv.az\/wp-content\/uploads\/2025\/09\/25b62e446e6cd355b5a9bb57d8e757a3-840x473.jpg",640,360,true],"1536x1536":["https:\/\/arantv.az\/wp-content\/uploads\/2025\/09\/25b62e446e6cd355b5a9bb57d8e757a3.jpg",853,480,false],"2048x2048":["https:\/\/arantv.az\/wp-content\/uploads\/2025\/09\/25b62e446e6cd355b5a9bb57d8e757a3.jpg",853,480,false],"post-thumbnail":["https:\/\/arantv.az\/wp-content\/uploads\/2025\/09\/25b62e446e6cd355b5a9bb57d8e757a3-240x172.jpg",240,172,true],"advps-thumb-one":["https:\/\/arantv.az\/wp-content\/uploads\/2025\/09\/25b62e446e6cd355b5a9bb57d8e757a3.jpg",853,480,false]},"rttpg_author":{"display_name":"V\u00fcsal Rafiqo\u011flu","author_link":"https:\/\/arantv.az\/?author=2"},"rttpg_comment":0,"rttpg_category":"<a href=\"https:\/\/arantv.az\/?cat=26\" rel=\"category\">Sosial<\/a>","rttpg_excerpt":"Musavat.com-un redaksiyas\u0131na Bak\u0131 \u015f\u0259h\u0259r sakini G\u00fcnay H\u00fcseynova \u0130smay\u0131l q\u0131z\u0131 t\u0259r\u0259find\u0259n daxil olan m\u00fcraci\u0259td\u0259 v\u0259t\u0259nda\u015f D\u00f6vl\u0259t M\u0259\u015f\u011fulluq Agentliyi t\u0259r\u0259find\u0259n ona t\u0259yin edilmi\u015f i\u015fsizlikd\u0259n s\u0131\u011forta \u00f6d\u0259ni\u015finin vaxt\u0131nda verilm\u0259m\u0259sind\u0259n \u015fikay\u0259t\u00e7idir. G\u00fcnay H\u00fcseynova bildirir ki, iyun ay\u0131n\u0131n sonunda D\u00f6vl\u0259t M\u0259\u015f\u011fulluq Agentliyin\u0259 m\u00fcraci\u0259t edib v\u0259 avqustun 1-d\u0259n etibar\u0259n ona i\u015fsizlikd\u0259n s\u0131\u011forta \u00f6d\u0259ni\u015fi t\u0259yin olunub: \u201cAvqustun 1-d\u0259 s\u0259n\u0259dl\u0259ri imzalayanda biz\u0259 bildirdil\u0259r&hellip;","_links":{"self":[{"href":"https:\/\/arantv.az\/index.php?rest_route=\/wp\/v2\/posts\/829131"}],"collection":[{"href":"https:\/\/arantv.az\/index.php?rest_route=\/wp\/v2\/posts"}],"about":[{"href":"https:\/\/arantv.az\/index.php?rest_route=\/wp\/v2\/types\/post"}],"author":[{"embeddable":true,"href":"https:\/\/arantv.az\/index.php?rest_route=\/wp\/v2\/users\/2"}],"replies":[{"embeddable":true,"href":"https:\/\/arantv.az\/index.php?rest_route=%2Fwp%2Fv2%2Fcomments&post=829131"}],"version-history":[{"count":1,"href":"https:\/\/arantv.az\/index.php?rest_route=\/wp\/v2\/posts\/829131\/revisions"}],"predecessor-version":[{"id":829141,"href":"https:\/\/arantv.az\/index.php?rest_route=\/wp\/v2\/posts\/829131\/revisions\/829141"}],"wp:featuredmedia":[{"embeddable":true,"href":"https:\/\/arantv.az\/index.php?rest_route=\/wp\/v2\/media\/829140"}],"wp:attachment":[{"href":"https:\/\/arantv.az\/index.php?rest_route=%2Fwp%2Fv2%2Fmedia&parent=829131"}],"wp:term":[{"taxonomy":"category","embeddable":true,"href":"https:\/\/arantv.az\/index.php?rest_route=%2Fwp%2Fv2%2Fcategories&post=829131"},{"taxonomy":"post_tag","embeddable":true,"href":"https:\/\/arantv.az\/index.php?rest_route=%2Fwp%2Fv2%2Ftags&post=829131"}],"curies":[{"name":"wp","href":"https:\/\/api.w.org\/{rel}","templated":true}]}}