{"id":82921,"date":"2019-10-02T09:31:07","date_gmt":"2019-10-02T06:31:07","guid":{"rendered":"http:\/\/arantv.az\/?p=82921"},"modified":"2019-10-02T09:31:07","modified_gmt":"2019-10-02T06:31:07","slug":"qarabag-luksemburqa-bel%c9%99-getdi-video","status":"publish","type":"post","link":"https:\/\/arantv.az\/?p=82921","title":{"rendered":"\u201cQaraba\u011f\u201d L\u00fcksemburqa bel\u0259 getdi &#8211; V\u0130DEO"},"content":{"rendered":"<p>UEFA Avropa Liqas\u0131n\u0131n qrup m\u0259rh\u0259l\u0259si \u00e7\u0259r\u00e7iv\u0259sind\u0259 L\u00fcksemburqun \u201cF91 D\u00fcdelanj\u201d klubu il\u0259 qar\u015f\u0131la\u015facaq Az\u0259rbaycan \u00e7empionu \u201cQaraba\u011f\u201d s\u00f6z\u00fcged\u0259n \u00f6lk\u0259y\u0259 yola d\u00fc\u015f\u00fcb.<\/p>\n<p><strong>ARANTV.AZ\u00a0<\/strong>\u00a0x\u0259b\u0259r verir ki, bu g\u00fcn Qurban Qurbanovun \u00e7al\u0131\u015fd\u0131rd\u0131\u011f\u0131 kollektiv oyunun ke\u00e7iril\u0259c\u0259yi arenada m\u0259\u015fq\u0259 \u00e7\u0131xacaq.<\/p>\n<div id=\"AdviadNativeVideo0\" class=\"AdviadNativeVideo\"><\/div>\n<div><iframe loading=\"lazy\" src=\"https:\/\/player.baku.tv\/embed\/10377\" width=\"560\" height=\"315\" frameborder=\"0\" allowfullscreen=\"allowfullscreen\" data-mce-fragment=\"1\"><\/iframe><\/div>\n<p>Qeyd ed\u0259k ki, sabah Jozi Bartel ad\u0131na stadionda ke\u00e7iril\u0259c\u0259k \u201cD\u00fcdelanj\u201d \u2013 \u201cQaraba\u011f\u201d oyununa Bak\u0131 vaxt\u0131 il\u0259 saat 23:00-da start veril\u0259c\u0259k.oxu.az<\/p>\n","protected":false},"excerpt":{"rendered":"<p>UEFA Avropa Liqas\u0131n\u0131n qrup m\u0259rh\u0259l\u0259si \u00e7\u0259r\u00e7iv\u0259sind\u0259 L\u00fcksemburqun \u201cF91 D\u00fcdelanj\u201d klubu il\u0259 qar\u015f\u0131la\u015facaq Az\u0259rbaycan \u00e7empionu \u201cQaraba\u011f\u201d s\u00f6z\u00fcged\u0259n \u00f6lk\u0259y\u0259 yola d\u00fc\u015f\u00fcb. ARANTV.AZ\u00a0\u00a0x\u0259b\u0259r verir ki, bu g\u00fcn Qurban Qurbanovun \u00e7al\u0131\u015fd\u0131rd\u0131\u011f\u0131 kollektiv oyunun ke\u00e7iril\u0259c\u0259yi arenada m\u0259\u015fq\u0259 \u00e7\u0131xacaq. Qeyd ed\u0259k ki, sabah Jozi Bartel ad\u0131na stadionda ke\u00e7iril\u0259c\u0259k \u201cD\u00fcdelanj\u201d \u2013 \u201cQaraba\u011f\u201d oyununa Bak\u0131 vaxt\u0131 il\u0259 saat 23:00-da start veril\u0259c\u0259k.oxu.az<\/p>\n","protected":false},"author":2,"featured_media":82922,"comment_status":"closed","ping_status":"closed","sticky":false,"template":"","format":"standard","meta":{"om_disable_all_campaigns":false,"_monsterinsights_skip_tracking":false,"_monsterinsights_sitenote_active":false,"_monsterinsights_sitenote_note":"","_monsterinsights_sitenote_category":0},"categories":[6],"tags":[],"aioseo_notices":[],"gutentor_comment":0,"rttpg_featured_image_url":{"full":["https:\/\/arantv.az\/wp-content\/uploads\/2019\/10\/72261641_3125700597446769_3117176040963702784_n.jpg",620,349,false],"landscape":["https:\/\/arantv.az\/wp-content\/uploads\/2019\/10\/72261641_3125700597446769_3117176040963702784_n.jpg",620,349,false],"portraits":["https:\/\/arantv.az\/wp-content\/uploads\/2019\/10\/72261641_3125700597446769_3117176040963702784_n.jpg",620,349,false],"thumbnail":["https:\/\/arantv.az\/wp-content\/uploads\/2019\/10\/72261641_3125700597446769_3117176040963702784_n-150x150.jpg",150,150,true],"medium":["https:\/\/arantv.az\/wp-content\/uploads\/2019\/10\/72261641_3125700597446769_3117176040963702784_n-300x169.jpg",300,169,true],"large":["https:\/\/arantv.az\/wp-content\/uploads\/2019\/10\/72261641_3125700597446769_3117176040963702784_n.jpg",620,349,false],"1536x1536":["https:\/\/arantv.az\/wp-content\/uploads\/2019\/10\/72261641_3125700597446769_3117176040963702784_n.jpg",620,349,false],"2048x2048":["https:\/\/arantv.az\/wp-content\/uploads\/2019\/10\/72261641_3125700597446769_3117176040963702784_n.jpg",620,349,false],"post-thumbnail":["https:\/\/arantv.az\/wp-content\/uploads\/2019\/10\/72261641_3125700597446769_3117176040963702784_n-240x172.jpg",240,172,true],"advps-thumb-one":["https:\/\/arantv.az\/wp-content\/uploads\/2019\/10\/72261641_3125700597446769_3117176040963702784_n.jpg",620,349,false]},"rttpg_author":{"display_name":"V\u00fcsal Rafiqo\u011flu","author_link":"https:\/\/arantv.az\/?author=2"},"rttpg_comment":0,"rttpg_category":"<a href=\"https:\/\/arantv.az\/?cat=6\" rel=\"category\">\u0130dman<\/a>","rttpg_excerpt":"UEFA Avropa Liqas\u0131n\u0131n qrup m\u0259rh\u0259l\u0259si \u00e7\u0259r\u00e7iv\u0259sind\u0259 L\u00fcksemburqun \u201cF91 D\u00fcdelanj\u201d klubu il\u0259 qar\u015f\u0131la\u015facaq Az\u0259rbaycan \u00e7empionu \u201cQaraba\u011f\u201d s\u00f6z\u00fcged\u0259n \u00f6lk\u0259y\u0259 yola d\u00fc\u015f\u00fcb. ARANTV.AZ\u00a0\u00a0x\u0259b\u0259r verir ki, bu g\u00fcn Qurban Qurbanovun \u00e7al\u0131\u015fd\u0131rd\u0131\u011f\u0131 kollektiv oyunun ke\u00e7iril\u0259c\u0259yi arenada m\u0259\u015fq\u0259 \u00e7\u0131xacaq. Qeyd ed\u0259k ki, sabah Jozi Bartel ad\u0131na stadionda ke\u00e7iril\u0259c\u0259k \u201cD\u00fcdelanj\u201d \u2013 \u201cQaraba\u011f\u201d oyununa Bak\u0131 vaxt\u0131 il\u0259 saat 23:00-da start veril\u0259c\u0259k.oxu.az","_links":{"self":[{"href":"https:\/\/arantv.az\/index.php?rest_route=\/wp\/v2\/posts\/82921"}],"collection":[{"href":"https:\/\/arantv.az\/index.php?rest_route=\/wp\/v2\/posts"}],"about":[{"href":"https:\/\/arantv.az\/index.php?rest_route=\/wp\/v2\/types\/post"}],"author":[{"embeddable":true,"href":"https:\/\/arantv.az\/index.php?rest_route=\/wp\/v2\/users\/2"}],"replies":[{"embeddable":true,"href":"https:\/\/arantv.az\/index.php?rest_route=%2Fwp%2Fv2%2Fcomments&post=82921"}],"version-history":[{"count":0,"href":"https:\/\/arantv.az\/index.php?rest_route=\/wp\/v2\/posts\/82921\/revisions"}],"wp:featuredmedia":[{"embeddable":true,"href":"https:\/\/arantv.az\/index.php?rest_route=\/wp\/v2\/media\/82922"}],"wp:attachment":[{"href":"https:\/\/arantv.az\/index.php?rest_route=%2Fwp%2Fv2%2Fmedia&parent=82921"}],"wp:term":[{"taxonomy":"category","embeddable":true,"href":"https:\/\/arantv.az\/index.php?rest_route=%2Fwp%2Fv2%2Fcategories&post=82921"},{"taxonomy":"post_tag","embeddable":true,"href":"https:\/\/arantv.az\/index.php?rest_route=%2Fwp%2Fv2%2Ftags&post=82921"}],"curies":[{"name":"wp","href":"https:\/\/api.w.org\/{rel}","templated":true}]}}