{"id":82929,"date":"2019-10-02T09:45:09","date_gmt":"2019-10-02T06:45:09","guid":{"rendered":"http:\/\/arantv.az\/?p=82929"},"modified":"2019-10-02T09:45:09","modified_gmt":"2019-10-02T06:45:09","slug":"lacin-ticar%c9%99t-m%c9%99rk%c9%99zinin-sahibinin-oglu-il%c9%99-bagli-q%c9%99rar-verdildi","status":"publish","type":"post","link":"https:\/\/arantv.az\/?p=82929","title":{"rendered":"&#8220;La\u00e7\u0131n&#8221; Ticar\u0259t M\u0259rk\u0259zinin sahibinin o\u011flu il\u0259 ba\u011fl\u0131 q\u0259rar verdildi"},"content":{"rendered":"<p>Bak\u0131da piyadan\u0131 avtomobill\u0259 vuraraq \u00f6ld\u00fcrm\u0259kd\u0259 t\u0259qsirl\u0259ndiril\u0259n Sunay V\u0259liyevin bar\u0259sind\u0259 olan h\u00f6kmd\u0259n veril\u0259n apellyasiya \u015fikay\u0259tin\u0259 bax\u0131l\u0131b.<br \/>\n<b>ARANTV.AZ\u00a0<\/b> x\u0259b\u0259r verir ki, Bak\u0131 Apellasiya M\u0259hk\u0259m\u0259sinin hakimi Faiq Qas\u0131movun s\u0259drliyi il\u0259 ke\u00e7iril\u0259n prosesd\u0259 q\u0259rar elan olunub.<br \/>\nQ\u0259rara g\u00f6r\u0259, S.V\u0259liyevin apellyasiya \u015fikay\u0259ti t\u0259min edilm\u0259yib.<\/p>\n<p>Qeyd ed\u0259k ki, bu il fevral\u0131n 9-da paytaxt\u0131n X\u0259tai rayonu, Z\u0131\u011f yolu k\u00fc\u00e7\u0259sind\u0259 1980-c\u0131 il t\u0259v\u0259ll\u00fcdl\u00fc S.V\u0259liyevin idar\u0259 etdiyi &#8220;Mercedes-Benz GLS&#8221; markal\u0131, 99-VS-999 d\u00f6vl\u0259t qeydiyyat ni\u015fanl\u0131 avtomobill\u0259 yolu ke\u00e7m\u0259k ist\u0259y\u0259n piyada 1969-cu il t\u0259v\u0259ll\u00fcdl\u00fc M\u00fc\u015ffiq \u018fliyevi vuraraq \u00f6l\u00fcm\u00fcn\u0259 s\u0259b\u0259b olmas\u0131 v\u0259 hadis\u0259 yerind\u0259n qa\u00e7mas\u0131 fakt\u0131na g\u00f6r\u0259 rayon Polis \u0130dar\u0259sinin \u0130stintaq \u015e\u00f6b\u0259sind\u0259 Cinay\u0259t M\u0259c\u0259ll\u0259sinin 263.2 (yol h\u0259r\u0259k\u0259ti v\u0259 n\u0259qliyyat vasit\u0259l\u0259rinin istismar\u0131 qaydalar\u0131n\u0131 pozma, ehtiyats\u0131zl\u0131qdan z\u0259r\u0259r\u00e7\u0259kmi\u015f \u015f\u0259xsin \u00f6l\u00fcm\u00fcn\u0259 s\u0259b\u0259b olduqda) v\u0259 264-c\u00fc (yol n\u0259qliyyat hadis\u0259si yerind\u0259n qa\u00e7ma) madd\u0259l\u0259ri il\u0259 cinay\u0259t i\u015fi ba\u015flan\u0131b.<br \/>\nApar\u0131lm\u0131\u015f t\u0259xir\u0259sal\u0131nmaz istintaq-\u0259m\u0259liyyat t\u0259dbirl\u0259ri n\u0259tic\u0259sind\u0259 S.V\u0259liyev fevral\u0131n 10-da \u015f\u00fcbh\u0259li \u015f\u0259xs qismind\u0259 tutularaq m\u00fcdafi\u0259\u00e7i il\u0259 t\u0259min edilm\u0259kl\u0259 dindirilib.<\/p>\n<div id=\"AdviadNativeVideo0\" class=\"AdviadNativeVideo\"><\/div>\n<p>X\u0259tai Rayon M\u0259hk\u0259m\u0259sinin h\u00f6km\u00fc il\u0259 S.V\u0259liyev 3 il 6 ay m\u00fcdd\u0259tin\u0259 azadl\u0131qdan m\u0259hrum edilib. H\u00f6km\u0259 \u0259sas\u0259n, o, c\u0259zas\u0131n\u0131 \u00fcmumi rejimli c\u0259za\u00e7\u0259km\u0259 m\u00fc\u0259ssis\u0259sind\u0259 \u00e7\u0259k\u0259c\u0259k.<\/p>\n<p>Xat\u0131rladaq ki, S.V\u0259liyev &#8220;La\u00e7\u0131n&#8221; Ticar\u0259t M\u0259rk\u0259zinin sahibi M\u0259sud V\u0259liyevin o\u011fludur. M.V\u0259liyev 2015-ci ild\u0259 d\u00fcnyas\u0131n\u0131 d\u0259yi\u015fib. M.V\u0259liyevin v\u0259fat\u0131ndan sonra onun biznesin\u0259 o\u011flu r\u0259hb\u0259rlik edir.Sonxeber.az<\/p>\n","protected":false},"excerpt":{"rendered":"<p>Bak\u0131da piyadan\u0131 avtomobill\u0259 vuraraq \u00f6ld\u00fcrm\u0259kd\u0259 t\u0259qsirl\u0259ndiril\u0259n Sunay V\u0259liyevin bar\u0259sind\u0259 olan h\u00f6kmd\u0259n veril\u0259n apellyasiya \u015fikay\u0259tin\u0259 bax\u0131l\u0131b. ARANTV.AZ\u00a0 x\u0259b\u0259r verir ki, Bak\u0131 Apellasiya M\u0259hk\u0259m\u0259sinin hakimi Faiq Qas\u0131movun s\u0259drliyi il\u0259 ke\u00e7iril\u0259n prosesd\u0259 q\u0259rar elan olunub. Q\u0259rara g\u00f6r\u0259, S.V\u0259liyevin apellyasiya \u015fikay\u0259ti t\u0259min edilm\u0259yib. Qeyd ed\u0259k ki, bu il fevral\u0131n 9-da paytaxt\u0131n X\u0259tai rayonu, Z\u0131\u011f yolu k\u00fc\u00e7\u0259sind\u0259 1980-c\u0131 il t\u0259v\u0259ll\u00fcdl\u00fc S.V\u0259liyevin idar\u0259 etdiyi &#8220;Mercedes-Benz GLS&#8221; markal\u0131, 99-VS-999 d\u00f6vl\u0259t qeydiyyat ni\u015fanl\u0131 avtomobill\u0259 yolu ke\u00e7m\u0259k ist\u0259y\u0259n piyada 1969-cu il t\u0259v\u0259ll\u00fcdl\u00fc M\u00fc\u015ffiq \u018fliyevi vuraraq \u00f6l\u00fcm\u00fcn\u0259 s\u0259b\u0259b olmas\u0131 v\u0259 hadis\u0259 yerind\u0259n qa\u00e7mas\u0131 fakt\u0131na g\u00f6r\u0259 rayon Polis \u0130dar\u0259sinin \u0130stintaq \u015e\u00f6b\u0259sind\u0259&hellip;<\/p>\n","protected":false},"author":2,"featured_media":82930,"comment_status":"closed","ping_status":"closed","sticky":false,"template":"","format":"standard","meta":{"om_disable_all_campaigns":false,"_monsterinsights_skip_tracking":false,"_monsterinsights_sitenote_active":false,"_monsterinsights_sitenote_note":"","_monsterinsights_sitenote_category":0},"categories":[5],"tags":[],"aioseo_notices":[],"gutentor_comment":0,"rttpg_featured_image_url":{"full":["https:\/\/arantv.az\/wp-content\/uploads\/2019\/10\/1569997283_1569995040_lah.jpg",549,309,false],"landscape":["https:\/\/arantv.az\/wp-content\/uploads\/2019\/10\/1569997283_1569995040_lah.jpg",549,309,false],"portraits":["https:\/\/arantv.az\/wp-content\/uploads\/2019\/10\/1569997283_1569995040_lah.jpg",549,309,false],"thumbnail":["https:\/\/arantv.az\/wp-content\/uploads\/2019\/10\/1569997283_1569995040_lah-150x150.jpg",150,150,true],"medium":["https:\/\/arantv.az\/wp-content\/uploads\/2019\/10\/1569997283_1569995040_lah-300x169.jpg",300,169,true],"large":["https:\/\/arantv.az\/wp-content\/uploads\/2019\/10\/1569997283_1569995040_lah.jpg",549,309,false],"1536x1536":["https:\/\/arantv.az\/wp-content\/uploads\/2019\/10\/1569997283_1569995040_lah.jpg",549,309,false],"2048x2048":["https:\/\/arantv.az\/wp-content\/uploads\/2019\/10\/1569997283_1569995040_lah.jpg",549,309,false],"post-thumbnail":["https:\/\/arantv.az\/wp-content\/uploads\/2019\/10\/1569997283_1569995040_lah-240x172.jpg",240,172,true],"advps-thumb-one":["https:\/\/arantv.az\/wp-content\/uploads\/2019\/10\/1569997283_1569995040_lah.jpg",549,309,false]},"rttpg_author":{"display_name":"V\u00fcsal Rafiqo\u011flu","author_link":"https:\/\/arantv.az\/?author=2"},"rttpg_comment":0,"rttpg_category":"<a href=\"https:\/\/arantv.az\/?cat=5\" rel=\"category\">Hadis\u0259<\/a>","rttpg_excerpt":"Bak\u0131da piyadan\u0131 avtomobill\u0259 vuraraq \u00f6ld\u00fcrm\u0259kd\u0259 t\u0259qsirl\u0259ndiril\u0259n Sunay V\u0259liyevin bar\u0259sind\u0259 olan h\u00f6kmd\u0259n veril\u0259n apellyasiya \u015fikay\u0259tin\u0259 bax\u0131l\u0131b. ARANTV.AZ\u00a0 x\u0259b\u0259r verir ki, Bak\u0131 Apellasiya M\u0259hk\u0259m\u0259sinin hakimi Faiq Qas\u0131movun s\u0259drliyi il\u0259 ke\u00e7iril\u0259n prosesd\u0259 q\u0259rar elan olunub. Q\u0259rara g\u00f6r\u0259, S.V\u0259liyevin apellyasiya \u015fikay\u0259ti t\u0259min edilm\u0259yib. Qeyd ed\u0259k ki, bu il fevral\u0131n 9-da paytaxt\u0131n X\u0259tai rayonu, Z\u0131\u011f yolu k\u00fc\u00e7\u0259sind\u0259 1980-c\u0131 il t\u0259v\u0259ll\u00fcdl\u00fc&hellip;","_links":{"self":[{"href":"https:\/\/arantv.az\/index.php?rest_route=\/wp\/v2\/posts\/82929"}],"collection":[{"href":"https:\/\/arantv.az\/index.php?rest_route=\/wp\/v2\/posts"}],"about":[{"href":"https:\/\/arantv.az\/index.php?rest_route=\/wp\/v2\/types\/post"}],"author":[{"embeddable":true,"href":"https:\/\/arantv.az\/index.php?rest_route=\/wp\/v2\/users\/2"}],"replies":[{"embeddable":true,"href":"https:\/\/arantv.az\/index.php?rest_route=%2Fwp%2Fv2%2Fcomments&post=82929"}],"version-history":[{"count":0,"href":"https:\/\/arantv.az\/index.php?rest_route=\/wp\/v2\/posts\/82929\/revisions"}],"wp:featuredmedia":[{"embeddable":true,"href":"https:\/\/arantv.az\/index.php?rest_route=\/wp\/v2\/media\/82930"}],"wp:attachment":[{"href":"https:\/\/arantv.az\/index.php?rest_route=%2Fwp%2Fv2%2Fmedia&parent=82929"}],"wp:term":[{"taxonomy":"category","embeddable":true,"href":"https:\/\/arantv.az\/index.php?rest_route=%2Fwp%2Fv2%2Fcategories&post=82929"},{"taxonomy":"post_tag","embeddable":true,"href":"https:\/\/arantv.az\/index.php?rest_route=%2Fwp%2Fv2%2Ftags&post=82929"}],"curies":[{"name":"wp","href":"https:\/\/api.w.org\/{rel}","templated":true}]}}