{"id":82941,"date":"2019-10-02T09:57:15","date_gmt":"2019-10-02T06:57:15","guid":{"rendered":"http:\/\/arantv.az\/?p=82941"},"modified":"2019-10-02T09:57:15","modified_gmt":"2019-10-02T06:57:15","slug":"qarabag-muharib%c9%99si-veteranlarinin-adindan-sui-istifad%c9%99-ed%c9%99r%c9%99k-socar-a-qarsi-bu-cur-q%c9%99r%c9%99zli-kampaniya-aparmaq-yolverilm%c9%99zdir","status":"publish","type":"post","link":"https:\/\/arantv.az\/?p=82941","title":{"rendered":"Qaraba\u011f m\u00fcharib\u0259si veteranlar\u0131n\u0131n ad\u0131ndan sui-istifad\u0259 ed\u0259r\u0259k SOCAR-a qar\u015f\u0131 bu c\u00fcr q\u0259r\u0259zli kampaniya aparmaq yolverilm\u0259zdir"},"content":{"rendered":"<p>\u201cBu g\u00fcn \u00f6lk\u0259mizd\u0259 h\u0259yata ke\u00e7iril\u0259n u\u011furlu siyas\u0259tin m\u0259rk\u0259zind\u0259 insan amili dayan\u0131r. Ger\u00e7\u0259kl\u0259\u015fdiril\u0259n islahatlar, g\u00f6r\u00fcl\u0259n i\u015fl\u0259r m\u0259hz \u00f6lk\u0259 v\u0259t\u0259nda\u015flar\u0131n\u0131n daha yax\u015f\u0131 ya\u015famas\u0131n\u0131, onlar \u00fc\u00e7\u00fcn y\u00fcks\u0259k s\u0259viyy\u0259li h\u0259yat \u015f\u0259raitini t\u0259min etm\u0259k m\u0259qs\u0259di g\u00fcd\u00fcr. T\u0259bii ki, bu istiqam\u0259td\u0259 realla\u015fd\u0131r\u0131lan sosial layih\u0259l\u0259r \u0259halinin dem\u0259k olar ki, b\u00fct\u00fcn t\u0259b\u0259q\u0259l\u0259rini \u0259hat\u0259 edir. Bu s\u0131rada Qaraba\u011f m\u00fcharib\u0259si \u0259lill\u0259ri v\u0259 veteranlar\u0131 x\u00fcsusi yer tutur. Tam \u0259minlikl\u0259 dey\u0259 bil\u0259rik ki, Qaraba\u011f m\u00fcharib\u0259si veteranlar\u0131 bu g\u00fcn d\u00f6vl\u0259tin h\u0259rt\u0259r\u0259fli diqq\u0259t v\u0259 qay\u011f\u0131s\u0131 il\u0259 \u0259hat\u0259 olunublar. \u00d6lk\u0259 r\u0259hb\u0259rliyinin t\u0259\u015f\u0259bb\u00fcs\u00fc il\u0259 V\u0259t\u0259n yolunda can\u0131ndan, qan\u0131ndan ke\u00e7\u0259n bu insanlar\u0131n sosial \u00a0t\u0259minatlar\u0131n\u0131 v\u0259 m\u0259nzil-m\u0259i\u015f\u0259t \u015f\u0259raitl\u0259rini daha da yax\u015f\u0131la\u015fd\u0131rmaq \u00fc\u00e7\u00fcn laz\u0131m olan b\u00fct\u00fcn add\u0131mlar at\u0131l\u0131r\u201d.<\/p>\n<p><strong>Bu fikril\u0259ri K\u0130V-\u0259 a\u00e7\u0131qlamas\u0131nda YAP Siyasi \u015euras\u0131n\u0131n \u00fczv\u00fc, \u201c\u0130ki sahil\u201d q\u0259zetinin ba\u015f redaktoru V\u00fcqar R\u0259himzad\u0259 SOCAR-\u0131n m\u00fchafiz\u0259 xidm\u0259ti il\u0259 bir qrup \u015f\u0259xs aras\u0131nda ba\u015f vermi\u015f insidenti \u015f\u0259rh ed\u0259rk\u0259n bildirib.<\/strong><\/p>\n<p>V\u00fcqar R\u0259himzad\u0259 qeyd edib ki, ba\u015f vermi\u015f m\u0259lum hadis\u0259d\u0259n sui-istifad\u0259 etm\u0259y\u0259 \u00e7al\u0131\u015fanlar yaln\u0131z \u00f6z \u015f\u0259xsi maraqlar\u0131n\u0131 g\u00fcd\u00fcrl\u0259r: \u201cHadis\u0259 il\u0259 ba\u011fl\u0131 yay\u0131lan m\u0259lumatlardan da g\u00f6r\u00fcnd\u00fcy\u00fc kimi, SOCAR-\u0131n \u0259m\u0259kda\u015flar\u0131 Qaraba\u011f qazil\u0259rin\u0259 qar\u015f\u0131 he\u00e7 bir zorak\u0131l\u0131q t\u0259tbiq etm\u0259yibl\u0259r, \u0259ksin\u0259 SOCAR-\u0131n \u0259m\u0259kda\u015flar\u0131na qar\u015f\u0131 zorak\u0131l\u0131q t\u0259tbiq olunub. Boru k\u0259m\u0259rinin t\u0259hl\u00fck\u0259sizlik zonas\u0131na aid olan torpaq sah\u0259sini z\u0259bt etm\u0259y\u0259 c\u0259hd g\u00f6st\u0259r\u0259n bir qrup \u015f\u0259xs Qaraba\u011f m\u00fcharib\u0259si veteranlar\u0131n\u0131 \u00f6z \u00e7irkin niyy\u0259tl\u0259rini h\u0259yata ke\u00e7irm\u0259k \u00fc\u00e7\u00fcn bu proses\u0259 c\u0259lb ed\u0259r\u0259k, onlar\u0131 qaydalara, qanunlara ita\u0259tsizlik g\u00f6st\u0259rm\u0259y\u0259, d\u00f6vl\u0259t orqanlar\u0131na qar\u015f\u0131 t\u0259xribata \u00e7a\u011f\u0131rma\u011fa t\u0259hrik edibl\u0259r. Sonradan tam s\u00fcbut olundu ki, qanunsuz tikinti i\u015fl\u0259rinin apar\u0131ld\u0131\u011f\u0131 \u0259raziy\u0259 \u00e7a\u011f\u0131r\u0131lan Qaraba\u011f m\u00fcharib\u0259si veteranlar\u0131n\u0131n bu tikintiy\u0259 he\u00e7 bir aidiyy\u0259ti yoxdur. Tikintini aparan \u015f\u0259xsl\u0259r \u00f6z kommersiya maraqlar\u0131 \u00fc\u00e7\u00fcn qazil\u0259rd\u0259n sui-istifad\u0259 edibl\u0259r. Ara\u015fd\u0131rmalar g\u00f6st\u0259rir ki, bir qrup f\u0131r\u0131ldaq\u00e7\u0131 qanunsuz tikilil\u0259rin apar\u0131lmas\u0131na himay\u0259darl\u0131q etm\u0259k m\u0259qs\u0259di il\u0259 m\u00fcharib\u0259 veteranlar\u0131ndan, onlar\u0131n c\u0259miyy\u0259td\u0259ki n\u00fcfuzundan yararlanmaq niyy\u0259ti g\u00fcd\u00fcrl\u0259r. H\u0259tta \u0259ld\u0259 olunan b\u0259zi m\u0259lumatlara g\u00f6r\u0259, k\u00f6yn\u0259yini c\u0131ran, ba\u015f\u0131na yumruqlar vuran v\u0259 bu h\u0259r\u0259k\u0259tl\u0259rin ona qar\u015f\u0131 guya SOCAR-\u0131n T\u0259hl\u00fck\u0259sizlik \u0130dar\u0259sinin \u0259m\u0259kda\u015flar\u0131 t\u0259r\u0259find\u0259n t\u00f6r\u0259dildiyini iddia ed\u0259n \u015f\u0259xsin \u00f6z\u00fc \u0259sl cinay\u0259tkar imi\u015f. Onu tan\u0131yanlar deyirl\u0259r ki, h\u0259min \u015f\u0259xs vaxtil\u0259 \u00f6z atas\u0131n\u0131 b\u0131\u00e7aqlam\u0131\u015fd\u0131, sonradan is\u0259 X\u0259tai rayonunda t\u0259\u015fkil olunan yarmarkada tan\u0131mad\u0131\u011f\u0131 \u015f\u0259xsi d\u00f6y\u0259r\u0259k \u00f6ld\u00fcrm\u00fc\u015fd\u00fc. Bu s\u0259b\u0259bd\u0259n d\u0259 o, bir ne\u00e7\u0259 il h\u0259bsd\u0259 yatm\u0131\u015fd\u0131. Eyni zamanda, ictimail\u0259\u015fmi\u015f m\u0259lumatlardan b\u0259lli olur ki, SOCAR-\u0131n T\u0259hl\u00fck\u0259sizlik \u0130dar\u0259sinin \u0259m\u0259kda\u015flar\u0131na \u015f\u0259r atan \u015f\u0259xs bu ilin fevral ay\u0131nda X\u0259tai prospektind\u0259 s\u00f6k\u00fcl\u0259n obyektl\u0259r\u0259 g\u00f6r\u0259 x\u00fcsusi tap\u015f\u0131r\u0131q yerin\u0259 yetirirdi. B\u00fct\u00fcn bu faktlar onu g\u00f6st\u0259rir ki, Qaraba\u011f m\u00fcharib\u0259si \u0259lili v\u0259 veteran\u0131 ad\u0131ndan sui-istifad\u0259 ed\u0259nl\u0259r h\u0259l\u0259 d\u0259 var v\u0259 onlar \u0259sl m\u00fcharib\u0259 veteranlar\u0131n\u0131n v\u0259 \u0259lill\u0259rinin ad\u0131na l\u0259k\u0259 g\u0259tirirl\u0259r\u201d.<\/p>\n<p>\u201c\u0130ki sahil\u201d q\u0259zetinin ba\u015f redaktoru vur\u011fulay\u0131b ki, insan h\u00fcquq v\u0259 azadl\u0131qlar\u0131n\u0131n \u0259n y\u00fcks\u0259k \u015f\u0259kild\u0259 t\u0259min edildiyi Az\u0259rbaycanda d\u00f6vl\u0259t-v\u0259t\u0259nda\u015f m\u00fcnasib\u0259tl\u0259ri h\u00fcquqi formada t\u0259nziml\u0259nir: \u201cD\u00f6vl\u0259timiz \u00f6z v\u0259t\u0259nda\u015f\u0131 \u00fc\u00e7\u00fcn laz\u0131m olan b\u00fct\u00fcn imkanlar\u0131 yarad\u0131r, ona h\u00fcquq v\u0259 azadl\u0131qlar verir. V\u0259t\u0259nda\u015f\u0131n is\u0259 h\u00fcquq v\u0259 azadl\u0131qlar\u0131 oldu\u011fu kimi, d\u00f6vl\u0259t qar\u015f\u0131s\u0131nda v\u0259zif\u0259l\u0259ri v\u0259 m\u0259suliyy\u0259ti d\u0259 var. B\u00fct\u00fcn bu m\u0259qamlar n\u0259z\u0259r\u0259 al\u0131nmal\u0131d\u0131r. Sosial statusundan as\u0131l\u0131 olmayaraq h\u0259r bir v\u0259t\u0259nda\u015f d\u00f6vl\u0259t v\u0259 c\u0259miyy\u0259t qar\u015f\u0131s\u0131nda \u00f6z m\u0259suliyy\u0259tini d\u0259rk etm\u0259li, \u00f6z v\u0259zif\u0259l\u0259rini yerin\u0259 yetirm\u0259lidir. Qeyd etdiyimiz kimi, d\u00f6vl\u0259t-v\u0259t\u0259nda\u015f m\u00fcnasib\u0259tl\u0259ri h\u00fcquqi formada, qanunlar \u00e7\u0259r\u00e7iv\u0259sind\u0259 t\u0259nziml\u0259nir. Bu qanunlara \u0259m\u0259l etm\u0259k is\u0259 h\u0259r k\u0259sin borcudur. M\u00fcharib\u0259 veteranlar\u0131n\u0131n ad\u0131ndan sui-istifad\u0259 edib t\u0259xribat t\u00f6r\u0259tm\u0259k is\u0259 yolverilm\u0259zdir. H\u00fcquq m\u00fchafiz\u0259 orqanlar\u0131 bu c\u00fcr \u201ci\u015fbazlar\u201d bar\u0259d\u0259 \u00f6l\u00e7\u00fc g\u00f6t\u00fcrm\u0259li v\u0259 g\u00fcnahkarlar c\u0259zaland\u0131r\u0131lmal\u0131d\u0131r\u201d.<\/p>\n<p>V\u00fcqar R\u0259himzad\u0259 \u0259lav\u0259 edib ki, milli brendimiz olan SOCAR-\u0131n ad\u0131n\u0131 bu kimi hadis\u0259l\u0259rd\u0259 halland\u0131rmaq v\u0259 \u015eirk\u0259tin n\u00fcfuzunu a\u015fa\u011f\u0131 salma\u011fa c\u0259hd g\u00f6st\u0259rm\u0259k q\u0259tiyy\u0259n d\u00fczg\u00fcn deyil: \u201cBu g\u00fcn SOCAR Az\u0259rbaycan\u0131 d\u00fcnya miqyas\u0131nda u\u011furla t\u0259msil edir. H\u0259yata ke\u00e7iril\u0259n qlobal enerji layih\u0259l\u0259ri \u00f6lk\u0259mizin g\u00fcc\u00fcn\u0259 g\u00fcc qat\u0131r, maliyy\u0259 imkanlar\u0131n\u0131 art\u0131r\u0131r, beyn\u0259lxalq al\u0259md\u0259ki m\u00fcsb\u0259t imicini daha da yax\u015f\u0131la\u015fd\u0131r\u0131r. N\u0259z\u0259r\u0259 almaq laz\u0131md\u0131r ki, SOCAR-\u0131n d\u00f6vl\u0259timiz\u0259 qazand\u0131rd\u0131\u011f\u0131 b\u00f6y\u00fck maliyy\u0259 v\u0259saitl\u0259ri, neftd\u0259n g\u0259l\u0259n g\u0259lirl\u0259r sosial layih\u0259l\u0259r\u0259 v\u0259 dig\u0259r sah\u0259l\u0259r\u0259 y\u00f6n\u0259ldilir. Bu m\u0259nada ba\u015f ver\u0259n hadis\u0259 v\u0259 bundan \u00f6z maraqlar\u0131 namin\u0259 yararlanma\u011fa \u00e7al\u0131\u015fanlar\u0131n SOCAR-\u0131n imicin\u0259 z\u0259rb\u0259 vurmaq niyy\u0259tind\u0259 olduqlar\u0131 a\u00e7\u0131q-ayd\u0131n g\u00f6r\u00fcn\u00fcr. Hesab edir\u0259m ki, Qaraba\u011f m\u00fcharib\u0259si veteranlar\u0131n\u0131n ad\u0131ndan sui-istifad\u0259 ed\u0259r\u0259k Az\u0259rbaycan Respublikas\u0131 D\u00f6vl\u0259t Neft \u015eirk\u0259tin\u0259 qar\u015f\u0131 bu c\u00fcr kampaniya aparmaq yolverilm\u0259zdir. Bu c\u00fcr hadis\u0259l\u0259r zaman\u0131 is\u0259 yaln\u0131z \u201ci\u015fbazlar\u201d qazanc \u0259ld\u0259 ed\u0259 bil\u0259rl\u0259r. Ona g\u00f6r\u0259 d\u0259 bel\u0259l\u0259rin\u0259 f\u00fcrs\u0259t verilm\u0259m\u0259li, onlar\u0131n qanunazidd \u0259m\u0259ll\u0259ri if\u015fa edilm\u0259lidir\u201d.<\/p>\n","protected":false},"excerpt":{"rendered":"<p>\u201cBu g\u00fcn \u00f6lk\u0259mizd\u0259 h\u0259yata ke\u00e7iril\u0259n u\u011furlu siyas\u0259tin m\u0259rk\u0259zind\u0259 insan amili dayan\u0131r. Ger\u00e7\u0259kl\u0259\u015fdiril\u0259n islahatlar, g\u00f6r\u00fcl\u0259n i\u015fl\u0259r m\u0259hz \u00f6lk\u0259 v\u0259t\u0259nda\u015flar\u0131n\u0131n daha yax\u015f\u0131 ya\u015famas\u0131n\u0131, onlar \u00fc\u00e7\u00fcn y\u00fcks\u0259k s\u0259viyy\u0259li h\u0259yat \u015f\u0259raitini t\u0259min etm\u0259k m\u0259qs\u0259di g\u00fcd\u00fcr. T\u0259bii ki, bu istiqam\u0259td\u0259 realla\u015fd\u0131r\u0131lan sosial layih\u0259l\u0259r \u0259halinin dem\u0259k olar ki, b\u00fct\u00fcn t\u0259b\u0259q\u0259l\u0259rini \u0259hat\u0259 edir. Bu s\u0131rada Qaraba\u011f m\u00fcharib\u0259si \u0259lill\u0259ri v\u0259 veteranlar\u0131 x\u00fcsusi yer tutur. Tam \u0259minlikl\u0259 dey\u0259 bil\u0259rik ki, Qaraba\u011f m\u00fcharib\u0259si veteranlar\u0131 bu g\u00fcn d\u00f6vl\u0259tin h\u0259rt\u0259r\u0259fli diqq\u0259t v\u0259 qay\u011f\u0131s\u0131 il\u0259 \u0259hat\u0259 olunublar. \u00d6lk\u0259 r\u0259hb\u0259rliyinin t\u0259\u015f\u0259bb\u00fcs\u00fc il\u0259 V\u0259t\u0259n yolunda can\u0131ndan, qan\u0131ndan ke\u00e7\u0259n bu insanlar\u0131n sosial \u00a0t\u0259minatlar\u0131n\u0131 v\u0259 m\u0259nzil-m\u0259i\u015f\u0259t \u015f\u0259raitl\u0259rini&hellip;<\/p>\n","protected":false},"author":2,"featured_media":82942,"comment_status":"closed","ping_status":"closed","sticky":false,"template":"","format":"standard","meta":{"om_disable_all_campaigns":false,"_monsterinsights_skip_tracking":false,"_monsterinsights_sitenote_active":false,"_monsterinsights_sitenote_note":"","_monsterinsights_sitenote_category":0},"categories":[19],"tags":[],"aioseo_notices":[],"gutentor_comment":0,"rttpg_featured_image_url":{"full":["https:\/\/arantv.az\/wp-content\/uploads\/2019\/10\/1548246705_9213263.jpg",975,540,false],"landscape":["https:\/\/arantv.az\/wp-content\/uploads\/2019\/10\/1548246705_9213263.jpg",975,540,false],"portraits":["https:\/\/arantv.az\/wp-content\/uploads\/2019\/10\/1548246705_9213263.jpg",975,540,false],"thumbnail":["https:\/\/arantv.az\/wp-content\/uploads\/2019\/10\/1548246705_9213263-150x150.jpg",150,150,true],"medium":["https:\/\/arantv.az\/wp-content\/uploads\/2019\/10\/1548246705_9213263-300x166.jpg",300,166,true],"large":["https:\/\/arantv.az\/wp-content\/uploads\/2019\/10\/1548246705_9213263.jpg",640,354,false],"1536x1536":["https:\/\/arantv.az\/wp-content\/uploads\/2019\/10\/1548246705_9213263.jpg",975,540,false],"2048x2048":["https:\/\/arantv.az\/wp-content\/uploads\/2019\/10\/1548246705_9213263.jpg",975,540,false],"post-thumbnail":["https:\/\/arantv.az\/wp-content\/uploads\/2019\/10\/1548246705_9213263-240x172.jpg",240,172,true],"advps-thumb-one":["https:\/\/arantv.az\/wp-content\/uploads\/2019\/10\/1548246705_9213263.jpg",975,540,false]},"rttpg_author":{"display_name":"V\u00fcsal Rafiqo\u011flu","author_link":"https:\/\/arantv.az\/?author=2"},"rttpg_comment":0,"rttpg_category":"<a href=\"https:\/\/arantv.az\/?cat=19\" rel=\"category\">G\u00fcnd\u0259m<\/a>","rttpg_excerpt":"\u201cBu g\u00fcn \u00f6lk\u0259mizd\u0259 h\u0259yata ke\u00e7iril\u0259n u\u011furlu siyas\u0259tin m\u0259rk\u0259zind\u0259 insan amili dayan\u0131r. Ger\u00e7\u0259kl\u0259\u015fdiril\u0259n islahatlar, g\u00f6r\u00fcl\u0259n i\u015fl\u0259r m\u0259hz \u00f6lk\u0259 v\u0259t\u0259nda\u015flar\u0131n\u0131n daha yax\u015f\u0131 ya\u015famas\u0131n\u0131, onlar \u00fc\u00e7\u00fcn y\u00fcks\u0259k s\u0259viyy\u0259li h\u0259yat \u015f\u0259raitini t\u0259min etm\u0259k m\u0259qs\u0259di g\u00fcd\u00fcr. T\u0259bii ki, bu istiqam\u0259td\u0259 realla\u015fd\u0131r\u0131lan sosial layih\u0259l\u0259r \u0259halinin dem\u0259k olar ki, b\u00fct\u00fcn t\u0259b\u0259q\u0259l\u0259rini \u0259hat\u0259 edir. Bu s\u0131rada Qaraba\u011f m\u00fcharib\u0259si \u0259lill\u0259ri v\u0259 veteranlar\u0131 x\u00fcsusi yer&hellip;","_links":{"self":[{"href":"https:\/\/arantv.az\/index.php?rest_route=\/wp\/v2\/posts\/82941"}],"collection":[{"href":"https:\/\/arantv.az\/index.php?rest_route=\/wp\/v2\/posts"}],"about":[{"href":"https:\/\/arantv.az\/index.php?rest_route=\/wp\/v2\/types\/post"}],"author":[{"embeddable":true,"href":"https:\/\/arantv.az\/index.php?rest_route=\/wp\/v2\/users\/2"}],"replies":[{"embeddable":true,"href":"https:\/\/arantv.az\/index.php?rest_route=%2Fwp%2Fv2%2Fcomments&post=82941"}],"version-history":[{"count":0,"href":"https:\/\/arantv.az\/index.php?rest_route=\/wp\/v2\/posts\/82941\/revisions"}],"wp:featuredmedia":[{"embeddable":true,"href":"https:\/\/arantv.az\/index.php?rest_route=\/wp\/v2\/media\/82942"}],"wp:attachment":[{"href":"https:\/\/arantv.az\/index.php?rest_route=%2Fwp%2Fv2%2Fmedia&parent=82941"}],"wp:term":[{"taxonomy":"category","embeddable":true,"href":"https:\/\/arantv.az\/index.php?rest_route=%2Fwp%2Fv2%2Fcategories&post=82941"},{"taxonomy":"post_tag","embeddable":true,"href":"https:\/\/arantv.az\/index.php?rest_route=%2Fwp%2Fv2%2Ftags&post=82941"}],"curies":[{"name":"wp","href":"https:\/\/api.w.org\/{rel}","templated":true}]}}