{"id":829411,"date":"2025-10-01T21:14:47","date_gmt":"2025-10-01T17:14:47","guid":{"rendered":"https:\/\/arantv.az\/?p=829411"},"modified":"2025-10-01T21:14:47","modified_gmt":"2025-10-01T17:14:47","slug":"abs-rusiya-qarsidurmasi-qlobal-t%c9%99hluk%c9%99y%c9%99-cevrilir","status":"publish","type":"post","link":"https:\/\/arantv.az\/?p=829411","title":{"rendered":"AB\u015e-Rusiya qar\u015f\u0131durmas\u0131 qlobal t\u0259hl\u00fck\u0259y\u0259 \u00e7evrilir"},"content":{"rendered":"<div class=\"text-content\" data-id=\"\" data-url=\"\">\n<h3 data-start=\"0\" data-end=\"59\"><strong>AB\u015e Prezidenti Donald Tramp v\u0259 Rusiya T\u0259hl\u00fck\u0259sizlik \u015euras\u0131 s\u0259drinin m\u00fcavini Dmitri Medvedev aras\u0131nda son g\u00fcnl\u0259r yaranan g\u0259rginlik beyn\u0259lxalq ictimaiyy\u0259tin diqq\u0259t m\u0259rk\u0259zin\u0259 \u00e7evrilib.<\/strong><\/h3>\n<p data-start=\"254\" data-end=\"582\"><em>Tramp Medvedevi s\u0259rt ifad\u0259l\u0259rl\u0259 t\u0259nqid ed\u0259r\u0259k onu \u201cPutin\u0259 i\u015fl\u0259y\u0259n axmaq adam\u201d adland\u0131r\u0131b. Bu t\u0259nqid, \u0259sas\u0259n, Medvedevin AB\u015e-a qar\u015f\u0131 n\u00fcv\u0259 h\u0259d\u0259l\u0259rin\u0259 dair a\u00e7\u0131qlamalar\u0131na cavab olaraq s\u0259sl\u0259ndirilib. Tramp\u0131n fikrinc\u0259, AB\u015e-\u0131n n\u00fcv\u0259 il\u0259 h\u0259d\u0259l\u0259nm\u0259si q\u0259buledilm\u0259zdir v\u0259 bel\u0259 davran\u0131\u015f beyn\u0259lxalq t\u0259hl\u00fck\u0259sizlik \u00fc\u00e7\u00fcn ciddi t\u0259hdid yarad\u0131r.<\/em><\/p>\n<p data-start=\"584\" data-end=\"846\">Tramp \u00e7\u0131x\u0131\u015f\u0131 zaman\u0131 generallar v\u0259 admiral qar\u015f\u0131s\u0131nda AB\u015e-\u0131n Rusiya sahill\u0259rin\u0259 \u201cbir v\u0259 ya iki atom sualt\u0131 qay\u0131\u011f\u0131\u201d g\u00f6nd\u0259rdiyini a\u00e7\u0131qlay\u0131b. Prezident bu h\u0259rbi add\u0131m\u0131 \u201cehtiyat t\u0259dbiri\u201d adland\u0131raraq, AB\u015e-\u0131n strateji m\u00f6vqeyini qorumaq m\u0259qs\u0259di da\u015f\u0131d\u0131\u011f\u0131n\u0131 vur\u011fulay\u0131b.<\/p>\n<p data-start=\"848\" data-end=\"1301\">Rusiya t\u0259r\u0259find\u0259n cavab gecikm\u0259yib. Dmitri Medvedev sosial \u015f\u0259b\u0259k\u0259d\u0259 Tramp\u0131n a\u00e7\u0131qlamas\u0131na reaksiya ver\u0259r\u0259k bildirib:<br \/>\n<br data-start=\"963\" data-end=\"966\" \/>\u201cQaranl\u0131q otaqda qara pi\u015fiyi tapmaq \u00e7\u0259tindir, x\u00fcsus\u0259n d\u0259 orada pi\u015fik yoxdursa.\u201d<br \/>\n<br data-start=\"1049\" data-end=\"1052\" \/><em>Bu metaforik ifad\u0259 il\u0259 Medvedev Tramp\u0131n narahatl\u0131\u011f\u0131n\u0131 \u0259sass\u0131z hesab edib v\u0259 AB\u015e liderinin reaksiyas\u0131n\u0131 \u201ch\u0259dd\u0259n art\u0131q \u0259s\u0259bi\u201d adland\u0131r\u0131b. Eyni zamanda o, Rusiyan\u0131n \u00f6z milli maraqlar\u0131n\u0131 qoruyaraq \u00f6z yolu il\u0259 h\u0259r\u0259k\u0259t etm\u0259y\u0259 davam ed\u0259c\u0259yini vur\u011fulay\u0131b.<\/em><\/p>\n<p data-start=\"1303\" data-end=\"1412\">B\u0259s bu a\u00e7\u0131qlamalar fonunda b\u00f6lg\u0259d\u0259 g\u0259rginlik daha da artacaqm\u0131? S\u00fclh prosesl\u0259rin\u0259 bunun t\u0259siri nec\u0259 olacaq?<\/p>\n<p data-start=\"1414\" data-end=\"1494\">M\u00f6vzu il\u0259 ba\u011fl\u0131 politoloq\u00a0<strong data-start=\"1440\" data-end=\"1465\">M\u0259h\u0259mm\u0259d \u018fs\u0259dullazad\u0259<\/strong>\u00a0<strong data-start=\"1466\" data-end=\"1481\">Musavat.com<\/strong>-a dan\u0131\u015f\u0131b:<\/p>\n<p data-start=\"1414\" data-end=\"1494\">\u201cRusiya\u2013Ukrayna m\u00fcharib\u0259si \u015fidd\u0259tl\u0259ndikc\u0259, Rusiyan\u0131n diplomatik dan\u0131\u015f\u0131qlar masas\u0131na \u0259yl\u0259\u015fm\u0259si v\u0259 Putinin Tramp\u0131 manipulyasiya etm\u0259si h\u0259m Rusiya-AB\u015e m\u00fcnasib\u0259tl\u0259rind\u0259 ciddi siyasi b\u00f6hran yarad\u0131r, h\u0259m d\u0259 qar\u015f\u0131l\u0131ql\u0131 ittihamlar\u0131n s\u0259sl\u0259nm\u0259sin\u0259 s\u0259b\u0259b olur. Bir n\u00f6v, Putin dedikl\u0259rini Medvedev vasit\u0259sil\u0259 \u00e7atd\u0131r\u0131r, amma Tramp birba\u015fa Putinin \u0259leyhin\u0259 s\u0259rt ifad\u0259l\u0259r i\u015fl\u0259dir.<\/p>\n<p data-start=\"1869\" data-end=\"2067\"><strong>T\u0259bii ki, g\u0259rginlik davam edir. AB\u015e is\u0259 Ukraynaya \u00e7ox ciddi silahlar g\u00f6nd\u0259rm\u0259y\u0259 haz\u0131rla\u015f\u0131r. Amerika Rusiyan\u0131 dan\u0131\u015f\u0131qlar masas\u0131na oturtma\u011fa \u00e7al\u0131\u015f\u0131r, \u00e7\u00fcnki b\u00fct\u00fcn diplomatik c\u0259hdl\u0259r fiaskoya u\u011fray\u0131b.<\/strong><\/p>\n<p data-start=\"2069\" data-end=\"2480\">\u018fsas n\u0259tic\u0259 bundan ibar\u0259tdir ki, Rusiya yaln\u0131z h\u0259rbi t\u0259zyiq yolu il\u0259 g\u00fcz\u0259\u015ft\u0259 getm\u0259y\u0259 m\u0259cbur edil\u0259 bil\u0259r. Prosesin mahiyy\u0259ti d\u0259 budur. Bir t\u0259r\u0259fd\u0259n, Amerika Rusiya sahill\u0259rin\u0259 atom sualt\u0131 qay\u0131qlar\u0131 g\u00f6nd\u0259rir, dig\u0259r t\u0259r\u0259fd\u0259n, Rusiya NATO-nun hava m\u0259kan\u0131nda k\u0259\u015ffiyyat u\u00e7u\u015flar\u0131 h\u0259yata ke\u00e7irir v\u0259 bu, NATO-nun h\u0259rbi s\u0259mas\u0131n\u0131n pozulmas\u0131 dem\u0259kdir. Y\u0259ni prosesl\u0259r m\u0259hz bu m\u00fcst\u0259vid\u0259 davam edir \u2013 AB\u015e v\u0259 Rusiya aras\u0131nda.<\/p>\n<p data-start=\"2482\" data-end=\"2729\">T\u0259r\u0259fl\u0259r, t\u0259bii ki, Ukraynada toqqu\u015furlar. Rusiyan\u0131n Ukrayna m\u00fcharib\u0259sind\u0259 Q\u0259rbin, x\u00fcsusil\u0259 d\u0259 Amerikan\u0131n silahlar\u0131 il\u0259 \u00fcz-\u00fcz\u0259 g\u0259lm\u0259si art\u0131q a\u00e7\u0131q \u015f\u0259kild\u0259 m\u00fc\u015fahid\u0259 olunur. \u0130ndi bu m\u00fcharib\u0259d\u0259 kimin g\u00fccl\u00fc olaca\u011f\u0131 daha ayd\u0131n \u015f\u0259kild\u0259 ortaya \u00e7\u0131xacaq.\u201d<\/p>\n<p data-start=\"2731\" data-end=\"2768\" data-is-last-node=\"\" data-is-only-node=\"\"><strong data-start=\"2734\" data-end=\"2750\">Xalid\u0259 G\u0259ray<\/strong><br data-start=\"2750\" data-end=\"2753\" \/><strong data-start=\"2753\" data-end=\"2768\" data-is-last-node=\"\">Musavat.com<\/strong><\/p>\n<\/div>\n<div><\/div>\n<div><\/div>\n<div class=\"inner-social-box\">\n<div class=\"subs-in-social subs-whatsapp\"><\/div>\n<\/div>\n","protected":false},"excerpt":{"rendered":"<p>AB\u015e Prezidenti Donald Tramp v\u0259 Rusiya T\u0259hl\u00fck\u0259sizlik \u015euras\u0131 s\u0259drinin m\u00fcavini Dmitri Medvedev aras\u0131nda son g\u00fcnl\u0259r yaranan g\u0259rginlik beyn\u0259lxalq ictimaiyy\u0259tin diqq\u0259t m\u0259rk\u0259zin\u0259 \u00e7evrilib. Tramp Medvedevi s\u0259rt ifad\u0259l\u0259rl\u0259 t\u0259nqid ed\u0259r\u0259k onu \u201cPutin\u0259 i\u015fl\u0259y\u0259n axmaq adam\u201d adland\u0131r\u0131b. Bu t\u0259nqid, \u0259sas\u0259n, Medvedevin AB\u015e-a qar\u015f\u0131 n\u00fcv\u0259 h\u0259d\u0259l\u0259rin\u0259 dair a\u00e7\u0131qlamalar\u0131na cavab olaraq s\u0259sl\u0259ndirilib. Tramp\u0131n fikrinc\u0259, AB\u015e-\u0131n n\u00fcv\u0259 il\u0259 h\u0259d\u0259l\u0259nm\u0259si q\u0259buledilm\u0259zdir v\u0259 bel\u0259 davran\u0131\u015f beyn\u0259lxalq t\u0259hl\u00fck\u0259sizlik \u00fc\u00e7\u00fcn ciddi t\u0259hdid yarad\u0131r. Tramp \u00e7\u0131x\u0131\u015f\u0131 zaman\u0131 generallar v\u0259 admiral qar\u015f\u0131s\u0131nda AB\u015e-\u0131n Rusiya sahill\u0259rin\u0259 \u201cbir v\u0259 ya iki atom sualt\u0131 qay\u0131\u011f\u0131\u201d g\u00f6nd\u0259rdiyini a\u00e7\u0131qlay\u0131b. Prezident bu h\u0259rbi add\u0131m\u0131 \u201cehtiyat t\u0259dbiri\u201d adland\u0131raraq, AB\u015e-\u0131n&hellip;<\/p>\n","protected":false},"author":2,"featured_media":829413,"comment_status":"closed","ping_status":"closed","sticky":false,"template":"","format":"standard","meta":{"om_disable_all_campaigns":false,"_monsterinsights_skip_tracking":false,"_monsterinsights_sitenote_active":false,"_monsterinsights_sitenote_note":"","_monsterinsights_sitenote_category":0},"categories":[19],"tags":[],"aioseo_notices":[],"gutentor_comment":0,"rttpg_featured_image_url":{"full":["https:\/\/arantv.az\/wp-content\/uploads\/2025\/10\/9df8901476e1a0bcf6c870b052bc44b7.jpg",824,500,false],"landscape":["https:\/\/arantv.az\/wp-content\/uploads\/2025\/10\/9df8901476e1a0bcf6c870b052bc44b7.jpg",824,500,false],"portraits":["https:\/\/arantv.az\/wp-content\/uploads\/2025\/10\/9df8901476e1a0bcf6c870b052bc44b7.jpg",824,500,false],"thumbnail":["https:\/\/arantv.az\/wp-content\/uploads\/2025\/10\/9df8901476e1a0bcf6c870b052bc44b7-500x280.jpg",500,280,true],"medium":["https:\/\/arantv.az\/wp-content\/uploads\/2025\/10\/9df8901476e1a0bcf6c870b052bc44b7-602x365.jpg",602,365,true],"large":["https:\/\/arantv.az\/wp-content\/uploads\/2025\/10\/9df8901476e1a0bcf6c870b052bc44b7.jpg",640,388,false],"1536x1536":["https:\/\/arantv.az\/wp-content\/uploads\/2025\/10\/9df8901476e1a0bcf6c870b052bc44b7.jpg",824,500,false],"2048x2048":["https:\/\/arantv.az\/wp-content\/uploads\/2025\/10\/9df8901476e1a0bcf6c870b052bc44b7.jpg",824,500,false],"post-thumbnail":["https:\/\/arantv.az\/wp-content\/uploads\/2025\/10\/9df8901476e1a0bcf6c870b052bc44b7-240x172.jpg",240,172,true],"advps-thumb-one":["https:\/\/arantv.az\/wp-content\/uploads\/2025\/10\/9df8901476e1a0bcf6c870b052bc44b7.jpg",824,500,false]},"rttpg_author":{"display_name":"V\u00fcsal Rafiqo\u011flu","author_link":"https:\/\/arantv.az\/?author=2"},"rttpg_comment":0,"rttpg_category":"<a href=\"https:\/\/arantv.az\/?cat=19\" rel=\"category\">G\u00fcnd\u0259m<\/a>","rttpg_excerpt":"AB\u015e Prezidenti Donald Tramp v\u0259 Rusiya T\u0259hl\u00fck\u0259sizlik \u015euras\u0131 s\u0259drinin m\u00fcavini Dmitri Medvedev aras\u0131nda son g\u00fcnl\u0259r yaranan g\u0259rginlik beyn\u0259lxalq ictimaiyy\u0259tin diqq\u0259t m\u0259rk\u0259zin\u0259 \u00e7evrilib. Tramp Medvedevi s\u0259rt ifad\u0259l\u0259rl\u0259 t\u0259nqid ed\u0259r\u0259k onu \u201cPutin\u0259 i\u015fl\u0259y\u0259n axmaq adam\u201d adland\u0131r\u0131b. Bu t\u0259nqid, \u0259sas\u0259n, Medvedevin AB\u015e-a qar\u015f\u0131 n\u00fcv\u0259 h\u0259d\u0259l\u0259rin\u0259 dair a\u00e7\u0131qlamalar\u0131na cavab olaraq s\u0259sl\u0259ndirilib. Tramp\u0131n fikrinc\u0259, AB\u015e-\u0131n n\u00fcv\u0259 il\u0259 h\u0259d\u0259l\u0259nm\u0259si q\u0259buledilm\u0259zdir v\u0259&hellip;","_links":{"self":[{"href":"https:\/\/arantv.az\/index.php?rest_route=\/wp\/v2\/posts\/829411"}],"collection":[{"href":"https:\/\/arantv.az\/index.php?rest_route=\/wp\/v2\/posts"}],"about":[{"href":"https:\/\/arantv.az\/index.php?rest_route=\/wp\/v2\/types\/post"}],"author":[{"embeddable":true,"href":"https:\/\/arantv.az\/index.php?rest_route=\/wp\/v2\/users\/2"}],"replies":[{"embeddable":true,"href":"https:\/\/arantv.az\/index.php?rest_route=%2Fwp%2Fv2%2Fcomments&post=829411"}],"version-history":[{"count":1,"href":"https:\/\/arantv.az\/index.php?rest_route=\/wp\/v2\/posts\/829411\/revisions"}],"predecessor-version":[{"id":829414,"href":"https:\/\/arantv.az\/index.php?rest_route=\/wp\/v2\/posts\/829411\/revisions\/829414"}],"wp:featuredmedia":[{"embeddable":true,"href":"https:\/\/arantv.az\/index.php?rest_route=\/wp\/v2\/media\/829413"}],"wp:attachment":[{"href":"https:\/\/arantv.az\/index.php?rest_route=%2Fwp%2Fv2%2Fmedia&parent=829411"}],"wp:term":[{"taxonomy":"category","embeddable":true,"href":"https:\/\/arantv.az\/index.php?rest_route=%2Fwp%2Fv2%2Fcategories&post=829411"},{"taxonomy":"post_tag","embeddable":true,"href":"https:\/\/arantv.az\/index.php?rest_route=%2Fwp%2Fv2%2Ftags&post=829411"}],"curies":[{"name":"wp","href":"https:\/\/api.w.org\/{rel}","templated":true}]}}