{"id":829566,"date":"2025-10-03T06:39:14","date_gmt":"2025-10-03T02:39:14","guid":{"rendered":"https:\/\/arantv.az\/?p=829566"},"modified":"2025-10-03T06:39:14","modified_gmt":"2025-10-03T02:39:14","slug":"h%c9%99r-bir-liderin-stoluna-qoyulan-gun%c9%99baxanlarin-sirri","status":"publish","type":"post","link":"https:\/\/arantv.az\/?p=829566","title":{"rendered":"H\u0259r bir liderin stoluna qoyulan &#8211; G\u00fcn\u0259baxanlar\u0131n sirri&#8230;"},"content":{"rendered":"<p>D\u00fcnya siyas\u0259tinin g\u00fcnd\u0259mind\u0259 olan &#8220;Avropa Siyasi Birliyi&#8221;nin 7-ci Zirv\u0259 toplant\u0131s\u0131 liderl\u0259ri bir arada g\u00f6rm\u0259yimizl\u0259 yana\u015f\u0131, dig\u0259r maraql\u0131 detallarla da yadda qal\u0131b.<\/p>\n<p>Bel\u0259 ki, Danimarkan\u0131n Ba\u015f naziri Mette Frederiksenin d\u00f6vl\u0259t v\u0259 h\u00f6kum\u0259t ba\u015f\u00e7\u0131lar\u0131n\u0131 qar\u015f\u0131lad\u0131\u011f\u0131 m\u0259kanda g\u00fcn\u0259b\u0259xan tarlas\u0131 fonu yer al\u0131b.<\/p>\n<p><img class=\"imgbcode\" src=\"https:\/\/upload.az\/foto\/arxiv\/g2_61759410002.jpg\" alt=\"H\u0259r bir liderin stoluna qoyulan - G\u00fcn\u0259baxanlar\u0131n sirri...\" \/>Eyni zamanda h\u0259r bir t\u0259dbir i\u015ftirak\u00e7\u0131s\u0131n\u0131n masas\u0131n\u0131n \u00fcz\u0259rin\u0259 d\u0259 Danimarkan\u0131n d\u00fcnyaca m\u0259\u015fhur \u015firk\u0259ti &#8220;Lego Group&#8221;a m\u0259xsus g\u00fcn\u0259baxan leqosu qoyulub. Bu, t\u0259dbir\u0259 ev sahibliyi ed\u0259n \u00f6lk\u0259nin qonaqlara simvolik jesti kimi qiym\u0259tl\u0259ndiril\u0259 bil\u0259r.<\/p>\n<p><img class=\"imgbcode\" src=\"https:\/\/upload.az\/foto\/arxiv\/g3_11759410002.jpg\" alt=\"H\u0259r bir liderin stoluna qoyulan - G\u00fcn\u0259baxanlar\u0131n sirri...\" \/>Bu m\u0259qamda sual ortaya \u00e7\u0131x\u0131r: niy\u0259 m\u0259hz g\u00fcn\u0259baxan? Bu toplant\u0131n\u0131n g\u00fcn\u0259baxan detallar\u0131 fonunda ke\u00e7irilm\u0259si hans\u0131 r\u0259mzi m\u0259nan\u0131 da\u015f\u0131y\u0131r?<\/p>\n<p>\u018fvv\u0259lc\u0259 onu qeyd ed\u0259k ki, toplant\u0131n\u0131n \u0259sas\u0131n\u0131 Avropadak\u0131 \u00fcmumi t\u0259hl\u00fck\u0259sizlik v\u0259ziyy\u0259ti, Rusiya-Ukrayna m\u00fcharib\u0259si, iqtisadi t\u0259hl\u00fck\u0259sizlik, miqrasiya, \u0259n\u0259n\u0259vi v\u0259 hibrid t\u0259hl\u00fck\u0259l\u0259r kimi m\u00f6vzular t\u0259\u015fkil edir.<\/p>\n<p>\u018fsas m\u00f6vzulardan birinin Rusiya-Ukrayna oldu\u011funa n\u0259z\u0259r yetirs\u0259k, A\u0130 Rusiya-Ukrayna m\u00fcharib\u0259sinin lap \u0259vv\u0259lind\u0259n Ukraynaya d\u0259st\u0259yini a\u00e7\u0131q \u015f\u0259kild\u0259 ifad\u0259 edir. Bel\u0259 oldu\u011fu zaman g\u00f6r\u00fcr\u00fck ki, t\u0259dbird\u0259 g\u00fcn\u0259baxan simvollar\u0131n\u0131n yer almas\u0131 he\u00e7 d\u0259 t\u0259sad\u00fcf\u00fc deyil&#8230;<\/p>\n<p>G\u00fcn\u0259baxan Ukraynan\u0131n \u0259sas simvollar\u0131ndan biridir. O, \u00f6lk\u0259nin milli g\u00fcl\u00fc, d\u00fcnyan\u0131n s\u00fclh v\u0259 d\u00f6z\u00fcml\u00fcl\u00fck simvoludur. Bu g\u00fcll\u0259r h\u0259l\u0259 XIX \u0259srd\u0259 \u015eimali Amerikadan Ukraynaya g\u0259tirilib v\u0259 Ukrayna iqtisadiyyat\u0131n\u0131n daya\u011f\u0131 hesab olunur.<\/p>\n<p><img class=\"imgbcode\" src=\"https:\/\/upload.az\/foto\/arxiv\/g4_71759410002.jpg\" alt=\"H\u0259r bir liderin stoluna qoyulan - G\u00fcn\u0259baxanlar\u0131n sirri...\" \/>G\u00fcn\u0259baxanlar Ukrayna xalq\u0131 \u00fc\u00e7\u00fcn h\u0259m d\u0259 \u00fcmid v\u0259 yenil\u0259nm\u0259 r\u0259mzidir. Tarix\u0259 n\u0259z\u0259r salsaq, k\u00f6kl\u0259rin \u00c7ernob\u0131l faci\u0259sin\u0259 gedib \u00e7\u0131xd\u0131\u011f\u0131n\u0131 daha yax\u015f\u0131 g\u00f6r\u0259rik. 1994-c\u00fc ild\u0259 bir qrup amerikal\u0131 t\u0259dqiqat\u00e7\u0131 t\u0259crid zonas\u0131na g\u0259lib v\u0259 h\u0259min \u0259razid\u0259 eksperiment apar\u0131blar. Onlar m\u00fc\u0259yy\u0259n bir \u0259raziy\u0259 g\u00fcn\u0259b\u0259xan toxumlar\u0131 \u0259kibl\u0259r v\u0259 h\u0259min sah\u0259d\u0259 m\u00f6c\u00fcz\u0259vi bir \u015fey a\u015fkar edibl\u0259r. H\u0259min g\u00fcll\u0259r torpaqdan radioaktiv madd\u0259l\u0259rin 95%-ni \u00e7\u0131xara bilib. Daha sonra 1996-c\u0131 ild\u0259 Ukrayna, Rusiya v\u0259 AB\u015e m\u00fcdafi\u0259 nazirl\u0259ri n\u00fcv\u0259 silahlar\u0131n\u0131n l\u0259\u011fvi v\u0259 s\u00fclh namin\u0259 Pervomaysk raket bazas\u0131nda birlikd\u0259 g\u00fcn\u0259baxanlar \u0259kibl\u0259r.<\/p>\n<p><img class=\"imgbcode\" src=\"https:\/\/upload.az\/foto\/arxiv\/g5_81759410002.png\" alt=\"H\u0259r bir liderin stoluna qoyulan - G\u00fcn\u0259baxanlar\u0131n sirri...\" \/>El\u0259 h\u0259min g\u00fcnd\u0259n bu g\u00fcn\u0259 kimi s\u00f6z\u00fcged\u0259n g\u00fcl ukraynal\u0131lara h\u0259mr\u0259ylik g\u00f6st\u0259rilm\u0259sinin \u0259sas \u00fcsullar\u0131ndan birin\u0259 \u00e7evrilib. Rusiya-Ukrayna m\u00fcharib\u0259sind\u0259n sonra da bunun \u015fahidi oluruq&#8230;<\/p>\n<p>H\u0259tta m\u00fcharib\u0259 ba\u015flayandan sonra Ukraynan\u0131n Heny\u00e7esk \u015f\u0259h\u0259rind\u0259 bir qad\u0131n rus \u0259sg\u0259rl\u0259r\u0259 g\u00fcn\u0259baxan toxumlar\u0131 ver\u0259r\u0259k deyib: &#8220;Bu toxumlar\u0131 cibiniz\u0259 qoyun ki, \u00f6ld\u00fcy\u00fcn\u00fcz yerd\u0259 g\u00fcn\u0259baxanlar \u00e7\u0131xs\u0131n&#8221;.<\/p>\n<p>Bundan ba\u015fqa, m\u00fcharib\u0259 ba\u015flayandan sonra AB\u015e-nin ke\u00e7mi\u015f Prezidenti Co Baydenin xan\u0131m\u0131 Cil Bayden Ukraynaya d\u0259st\u0259k m\u0259qs\u0259dil\u0259 g\u00fcn\u0259baxan detal\u0131 il\u0259 b\u0259z\u0259nmi\u015f don geyinib v\u0259 maska tax\u0131b.<\/p>\n<p><img class=\"imgbcode\" src=\"https:\/\/upload.az\/foto\/arxiv\/g6_11759410002.jpg\" alt=\"H\u0259r bir liderin stoluna qoyulan - G\u00fcn\u0259baxanlar\u0131n sirri...\" \/>H\u0259tta Londonda Ukraynan\u0131 d\u0259st\u0259kl\u0259y\u0259n bir qrup \u015f\u0259xs Britaniyadak\u0131 Rusiya S\u0259firliyinin qar\u015f\u0131s\u0131na m\u00fcharib\u0259 ba\u015flayan g\u00fcnd\u0259n g\u00fcn\u0259baxan \u00e7i\u00e7\u0259kl\u0259ri d\u00fcz\u00fcrl\u0259r.<\/p>\n<p>Ukrayna h\u0259r d\u0259f\u0259 xalq\u0131n s\u0131nand\u0131\u011f\u0131 faci\u0259l\u0259rl\u0259 \u00fczl\u0259\u015fs\u0259 d\u0259, g\u00fcn\u0259baxanlar\u0131n s\u00fclh simvolu kimi m\u0259nas\u0131 n\u0259inki h\u0259min \u00f6lk\u0259d\u0259, h\u0259tta d\u00fcnyada bel\u0259 d\u0259yi\u015fm\u0259yib.<\/p>\n<p><img class=\"imgbcode\" src=\"https:\/\/upload.az\/foto\/arxiv\/g7_51759410002.png\" alt=\"H\u0259r bir liderin stoluna qoyulan - G\u00fcn\u0259baxanlar\u0131n sirri...\" \/><img class=\"imgbcode\" src=\"https:\/\/upload.az\/foto\/arxiv\/g8_71759410002.jpg\" alt=\"H\u0259r bir liderin stoluna qoyulan - G\u00fcn\u0259baxanlar\u0131n sirri...\" \/>Qafqazinfo<\/p>\n","protected":false},"excerpt":{"rendered":"<p>D\u00fcnya siyas\u0259tinin g\u00fcnd\u0259mind\u0259 olan &#8220;Avropa Siyasi Birliyi&#8221;nin 7-ci Zirv\u0259 toplant\u0131s\u0131 liderl\u0259ri bir arada g\u00f6rm\u0259yimizl\u0259 yana\u015f\u0131, dig\u0259r maraql\u0131 detallarla da yadda qal\u0131b. Bel\u0259 ki, Danimarkan\u0131n Ba\u015f naziri Mette Frederiksenin d\u00f6vl\u0259t v\u0259 h\u00f6kum\u0259t ba\u015f\u00e7\u0131lar\u0131n\u0131 qar\u015f\u0131lad\u0131\u011f\u0131 m\u0259kanda g\u00fcn\u0259b\u0259xan tarlas\u0131 fonu yer al\u0131b. Eyni zamanda h\u0259r bir t\u0259dbir i\u015ftirak\u00e7\u0131s\u0131n\u0131n masas\u0131n\u0131n \u00fcz\u0259rin\u0259 d\u0259 Danimarkan\u0131n d\u00fcnyaca m\u0259\u015fhur \u015firk\u0259ti &#8220;Lego Group&#8221;a m\u0259xsus g\u00fcn\u0259baxan leqosu qoyulub. Bu, t\u0259dbir\u0259 ev sahibliyi ed\u0259n \u00f6lk\u0259nin qonaqlara simvolik jesti kimi qiym\u0259tl\u0259ndiril\u0259 bil\u0259r. Bu m\u0259qamda sual ortaya \u00e7\u0131x\u0131r: niy\u0259 m\u0259hz g\u00fcn\u0259baxan? Bu toplant\u0131n\u0131n g\u00fcn\u0259baxan detallar\u0131 fonunda ke\u00e7irilm\u0259si hans\u0131 r\u0259mzi m\u0259nan\u0131 da\u015f\u0131y\u0131r? \u018fvv\u0259lc\u0259 onu&hellip;<\/p>\n","protected":false},"author":2,"featured_media":829567,"comment_status":"closed","ping_status":"closed","sticky":false,"template":"","format":"standard","meta":{"om_disable_all_campaigns":false,"_monsterinsights_skip_tracking":false,"_monsterinsights_sitenote_active":false,"_monsterinsights_sitenote_note":"","_monsterinsights_sitenote_category":0},"categories":[19],"tags":[],"aioseo_notices":[],"gutentor_comment":0,"rttpg_featured_image_url":{"full":["https:\/\/arantv.az\/wp-content\/uploads\/2025\/10\/g1_91759410002.jpg",650,408,false],"landscape":["https:\/\/arantv.az\/wp-content\/uploads\/2025\/10\/g1_91759410002.jpg",650,408,false],"portraits":["https:\/\/arantv.az\/wp-content\/uploads\/2025\/10\/g1_91759410002.jpg",650,408,false],"thumbnail":["https:\/\/arantv.az\/wp-content\/uploads\/2025\/10\/g1_91759410002-500x280.jpg",500,280,true],"medium":["https:\/\/arantv.az\/wp-content\/uploads\/2025\/10\/g1_91759410002-581x365.jpg",581,365,true],"large":["https:\/\/arantv.az\/wp-content\/uploads\/2025\/10\/g1_91759410002.jpg",640,402,false],"1536x1536":["https:\/\/arantv.az\/wp-content\/uploads\/2025\/10\/g1_91759410002.jpg",650,408,false],"2048x2048":["https:\/\/arantv.az\/wp-content\/uploads\/2025\/10\/g1_91759410002.jpg",650,408,false],"post-thumbnail":["https:\/\/arantv.az\/wp-content\/uploads\/2025\/10\/g1_91759410002-240x172.jpg",240,172,true],"advps-thumb-one":["https:\/\/arantv.az\/wp-content\/uploads\/2025\/10\/g1_91759410002.jpg",650,408,false]},"rttpg_author":{"display_name":"V\u00fcsal Rafiqo\u011flu","author_link":"https:\/\/arantv.az\/?author=2"},"rttpg_comment":0,"rttpg_category":"<a href=\"https:\/\/arantv.az\/?cat=19\" rel=\"category\">G\u00fcnd\u0259m<\/a>","rttpg_excerpt":"D\u00fcnya siyas\u0259tinin g\u00fcnd\u0259mind\u0259 olan &#8220;Avropa Siyasi Birliyi&#8221;nin 7-ci Zirv\u0259 toplant\u0131s\u0131 liderl\u0259ri bir arada g\u00f6rm\u0259yimizl\u0259 yana\u015f\u0131, dig\u0259r maraql\u0131 detallarla da yadda qal\u0131b. Bel\u0259 ki, Danimarkan\u0131n Ba\u015f naziri Mette Frederiksenin d\u00f6vl\u0259t v\u0259 h\u00f6kum\u0259t ba\u015f\u00e7\u0131lar\u0131n\u0131 qar\u015f\u0131lad\u0131\u011f\u0131 m\u0259kanda g\u00fcn\u0259b\u0259xan tarlas\u0131 fonu yer al\u0131b. Eyni zamanda h\u0259r bir t\u0259dbir i\u015ftirak\u00e7\u0131s\u0131n\u0131n masas\u0131n\u0131n \u00fcz\u0259rin\u0259 d\u0259 Danimarkan\u0131n d\u00fcnyaca m\u0259\u015fhur \u015firk\u0259ti &#8220;Lego Group&#8221;a m\u0259xsus&hellip;","_links":{"self":[{"href":"https:\/\/arantv.az\/index.php?rest_route=\/wp\/v2\/posts\/829566"}],"collection":[{"href":"https:\/\/arantv.az\/index.php?rest_route=\/wp\/v2\/posts"}],"about":[{"href":"https:\/\/arantv.az\/index.php?rest_route=\/wp\/v2\/types\/post"}],"author":[{"embeddable":true,"href":"https:\/\/arantv.az\/index.php?rest_route=\/wp\/v2\/users\/2"}],"replies":[{"embeddable":true,"href":"https:\/\/arantv.az\/index.php?rest_route=%2Fwp%2Fv2%2Fcomments&post=829566"}],"version-history":[{"count":1,"href":"https:\/\/arantv.az\/index.php?rest_route=\/wp\/v2\/posts\/829566\/revisions"}],"predecessor-version":[{"id":829568,"href":"https:\/\/arantv.az\/index.php?rest_route=\/wp\/v2\/posts\/829566\/revisions\/829568"}],"wp:featuredmedia":[{"embeddable":true,"href":"https:\/\/arantv.az\/index.php?rest_route=\/wp\/v2\/media\/829567"}],"wp:attachment":[{"href":"https:\/\/arantv.az\/index.php?rest_route=%2Fwp%2Fv2%2Fmedia&parent=829566"}],"wp:term":[{"taxonomy":"category","embeddable":true,"href":"https:\/\/arantv.az\/index.php?rest_route=%2Fwp%2Fv2%2Fcategories&post=829566"},{"taxonomy":"post_tag","embeddable":true,"href":"https:\/\/arantv.az\/index.php?rest_route=%2Fwp%2Fv2%2Ftags&post=829566"}],"curies":[{"name":"wp","href":"https:\/\/api.w.org\/{rel}","templated":true}]}}