{"id":829625,"date":"2025-10-04T06:36:48","date_gmt":"2025-10-04T02:36:48","guid":{"rendered":"https:\/\/arantv.az\/?p=829625"},"modified":"2025-10-04T06:36:48","modified_gmt":"2025-10-04T02:36:48","slug":"bmt-d%c9%99-az%c9%99rbaycanin-must%c9%99ml%c9%99k%c9%99sizl%c9%99sdirm%c9%99-m%c9%99s%c9%99l%c9%99l%c9%99rind%c9%99-f%c9%99al-rolundan-danisilib","status":"publish","type":"post","link":"https:\/\/arantv.az\/?p=829625","title":{"rendered":"BMT-d\u0259 Az\u0259rbaycan\u0131n m\u00fcst\u0259ml\u0259k\u0259sizl\u0259\u015fdirm\u0259 m\u0259s\u0259l\u0259l\u0259rind\u0259 f\u0259al rolundan dan\u0131\u015f\u0131l\u0131b"},"content":{"rendered":"<p>Az\u0259rbaycan dekolonizasiya m\u0259s\u0259l\u0259l\u0259ri \u00fczr\u0259 beyn\u0259lxalq m\u00fczakir\u0259l\u0259rd\u0259 f\u0259al i\u015ftirak edir v\u0259 t\u00f6hf\u0259 verir.<\/p>\n<p>&#8220;Report&#8221;un x\u0259b\u0259rin\u0259 g\u00f6r\u0259, bunu Az\u0259rbaycan\u0131n BMT-d\u0259ki daimi n\u00fcmay\u0259nd\u0259si Tofiq Musayev BMT Ba\u015f Assambleyas\u0131n\u0131n X\u00fcsusi Siyasi v\u0259 Dekolonizasiya Komit\u0259sind\u0259 \u00e7\u0131x\u0131\u015f\u0131 zaman\u0131 deyib.<\/p>\n<p>Diplomat vur\u011fulay\u0131b ki, Az\u0259rbaycan 2019-2023-c\u00fc ill\u0259rd\u0259 Qo\u015fulmama H\u0259r\u0259kat\u0131na s\u0259drliyi d\u00f6vr\u00fcnd\u0259 m\u00fcst\u0259ml\u0259k\u0259\u00e7iliyin k\u00f6k\u00fcn\u00fcn k\u0259silm\u0259si m\u0259s\u0259l\u0259sini prioritet t\u0259\u015fkil etdiyini a\u00e7\u0131qlay\u0131b v\u0259 m\u00fcst\u0259ml\u0259k\u0259sizl\u0259\u015fdirm\u0259nin aktuall\u0131\u011f\u0131n\u0131 d\u0259st\u0259kl\u0259y\u0259n H\u0259r\u0259kat\u0131n kollektiv s\u0259sinin g\u00fccl\u0259ndirilm\u0259sin\u0259 x\u00fcsusi diqq\u0259t yetirib.<\/p>\n<p>&#8220;Az\u0259rbaycan BMT Nizamnam\u0259sind\u0259 v\u0259 Ba\u015f Assambleyan\u0131n m\u00fcst\u0259ml\u0259k\u0259sizliy\u0259 dair m\u00fcvafiq q\u0259tnam\u0259l\u0259rind\u0259 t\u0259sbit olunmu\u015f prinsipl\u0259rin tam \u015f\u0259kild\u0259 h\u0259yata ke\u00e7irilm\u0259sinin t\u0259r\u0259fdar\u0131d\u0131r. Az\u0259rbaycan 2024-c\u00fc ild\u0259 v\u0259 bu ilin \u0259vv\u0259lind\u0259 Karakas v\u0259 Dilid\u0259 m\u00fcst\u0259ml\u0259k\u0259 \u00f6lk\u0259l\u0259rin\u0259 v\u0259 xalqlar\u0131na m\u00fcst\u0259qilliyin verilm\u0259si haqq\u0131nda B\u0259yannam\u0259nin h\u0259yata ke\u00e7irilm\u0259si il\u0259 ba\u011fl\u0131 V\u0259ziyy\u0259t \u00fczr\u0259 X\u00fcsusi Komit\u0259nin t\u0259\u015fkil etdiyi regional seminarlarda i\u015ftirak edib&#8221;.<\/p>\n","protected":false},"excerpt":{"rendered":"<p>Az\u0259rbaycan dekolonizasiya m\u0259s\u0259l\u0259l\u0259ri \u00fczr\u0259 beyn\u0259lxalq m\u00fczakir\u0259l\u0259rd\u0259 f\u0259al i\u015ftirak edir v\u0259 t\u00f6hf\u0259 verir. &#8220;Report&#8221;un x\u0259b\u0259rin\u0259 g\u00f6r\u0259, bunu Az\u0259rbaycan\u0131n BMT-d\u0259ki daimi n\u00fcmay\u0259nd\u0259si Tofiq Musayev BMT Ba\u015f Assambleyas\u0131n\u0131n X\u00fcsusi Siyasi v\u0259 Dekolonizasiya Komit\u0259sind\u0259 \u00e7\u0131x\u0131\u015f\u0131 zaman\u0131 deyib. Diplomat vur\u011fulay\u0131b ki, Az\u0259rbaycan 2019-2023-c\u00fc ill\u0259rd\u0259 Qo\u015fulmama H\u0259r\u0259kat\u0131na s\u0259drliyi d\u00f6vr\u00fcnd\u0259 m\u00fcst\u0259ml\u0259k\u0259\u00e7iliyin k\u00f6k\u00fcn\u00fcn k\u0259silm\u0259si m\u0259s\u0259l\u0259sini prioritet t\u0259\u015fkil etdiyini a\u00e7\u0131qlay\u0131b v\u0259 m\u00fcst\u0259ml\u0259k\u0259sizl\u0259\u015fdirm\u0259nin aktuall\u0131\u011f\u0131n\u0131 d\u0259st\u0259kl\u0259y\u0259n H\u0259r\u0259kat\u0131n kollektiv s\u0259sinin g\u00fccl\u0259ndirilm\u0259sin\u0259 x\u00fcsusi diqq\u0259t yetirib. &#8220;Az\u0259rbaycan BMT Nizamnam\u0259sind\u0259 v\u0259 Ba\u015f Assambleyan\u0131n m\u00fcst\u0259ml\u0259k\u0259sizliy\u0259 dair m\u00fcvafiq q\u0259tnam\u0259l\u0259rind\u0259 t\u0259sbit olunmu\u015f prinsipl\u0259rin tam \u015f\u0259kild\u0259 h\u0259yata ke\u00e7irilm\u0259sinin t\u0259r\u0259fdar\u0131d\u0131r. Az\u0259rbaycan 2024-c\u00fc ild\u0259 v\u0259 bu ilin \u0259vv\u0259lind\u0259 Karakas v\u0259 Dilid\u0259&hellip;<\/p>\n","protected":false},"author":2,"featured_media":829626,"comment_status":"closed","ping_status":"closed","sticky":false,"template":"","format":"standard","meta":{"om_disable_all_campaigns":false,"_monsterinsights_skip_tracking":false,"_monsterinsights_sitenote_active":false,"_monsterinsights_sitenote_note":"","_monsterinsights_sitenote_category":0},"categories":[19],"tags":[],"aioseo_notices":[],"gutentor_comment":0,"rttpg_featured_image_url":{"full":["https:\/\/arantv.az\/wp-content\/uploads\/2025\/10\/6faf6d0aafa2933330adea8e53a57974.jpg",824,500,false],"landscape":["https:\/\/arantv.az\/wp-content\/uploads\/2025\/10\/6faf6d0aafa2933330adea8e53a57974.jpg",824,500,false],"portraits":["https:\/\/arantv.az\/wp-content\/uploads\/2025\/10\/6faf6d0aafa2933330adea8e53a57974.jpg",824,500,false],"thumbnail":["https:\/\/arantv.az\/wp-content\/uploads\/2025\/10\/6faf6d0aafa2933330adea8e53a57974-500x280.jpg",500,280,true],"medium":["https:\/\/arantv.az\/wp-content\/uploads\/2025\/10\/6faf6d0aafa2933330adea8e53a57974-602x365.jpg",602,365,true],"large":["https:\/\/arantv.az\/wp-content\/uploads\/2025\/10\/6faf6d0aafa2933330adea8e53a57974.jpg",640,388,false],"1536x1536":["https:\/\/arantv.az\/wp-content\/uploads\/2025\/10\/6faf6d0aafa2933330adea8e53a57974.jpg",824,500,false],"2048x2048":["https:\/\/arantv.az\/wp-content\/uploads\/2025\/10\/6faf6d0aafa2933330adea8e53a57974.jpg",824,500,false],"post-thumbnail":["https:\/\/arantv.az\/wp-content\/uploads\/2025\/10\/6faf6d0aafa2933330adea8e53a57974-240x172.jpg",240,172,true],"advps-thumb-one":["https:\/\/arantv.az\/wp-content\/uploads\/2025\/10\/6faf6d0aafa2933330adea8e53a57974.jpg",824,500,false]},"rttpg_author":{"display_name":"V\u00fcsal Rafiqo\u011flu","author_link":"https:\/\/arantv.az\/?author=2"},"rttpg_comment":0,"rttpg_category":"<a href=\"https:\/\/arantv.az\/?cat=19\" rel=\"category\">G\u00fcnd\u0259m<\/a>","rttpg_excerpt":"Az\u0259rbaycan dekolonizasiya m\u0259s\u0259l\u0259l\u0259ri \u00fczr\u0259 beyn\u0259lxalq m\u00fczakir\u0259l\u0259rd\u0259 f\u0259al i\u015ftirak edir v\u0259 t\u00f6hf\u0259 verir. &#8220;Report&#8221;un x\u0259b\u0259rin\u0259 g\u00f6r\u0259, bunu Az\u0259rbaycan\u0131n BMT-d\u0259ki daimi n\u00fcmay\u0259nd\u0259si Tofiq Musayev BMT Ba\u015f Assambleyas\u0131n\u0131n X\u00fcsusi Siyasi v\u0259 Dekolonizasiya Komit\u0259sind\u0259 \u00e7\u0131x\u0131\u015f\u0131 zaman\u0131 deyib. Diplomat vur\u011fulay\u0131b ki, Az\u0259rbaycan 2019-2023-c\u00fc ill\u0259rd\u0259 Qo\u015fulmama H\u0259r\u0259kat\u0131na s\u0259drliyi d\u00f6vr\u00fcnd\u0259 m\u00fcst\u0259ml\u0259k\u0259\u00e7iliyin k\u00f6k\u00fcn\u00fcn k\u0259silm\u0259si m\u0259s\u0259l\u0259sini prioritet t\u0259\u015fkil etdiyini a\u00e7\u0131qlay\u0131b v\u0259 m\u00fcst\u0259ml\u0259k\u0259sizl\u0259\u015fdirm\u0259nin aktuall\u0131\u011f\u0131n\u0131 d\u0259st\u0259kl\u0259y\u0259n&hellip;","_links":{"self":[{"href":"https:\/\/arantv.az\/index.php?rest_route=\/wp\/v2\/posts\/829625"}],"collection":[{"href":"https:\/\/arantv.az\/index.php?rest_route=\/wp\/v2\/posts"}],"about":[{"href":"https:\/\/arantv.az\/index.php?rest_route=\/wp\/v2\/types\/post"}],"author":[{"embeddable":true,"href":"https:\/\/arantv.az\/index.php?rest_route=\/wp\/v2\/users\/2"}],"replies":[{"embeddable":true,"href":"https:\/\/arantv.az\/index.php?rest_route=%2Fwp%2Fv2%2Fcomments&post=829625"}],"version-history":[{"count":2,"href":"https:\/\/arantv.az\/index.php?rest_route=\/wp\/v2\/posts\/829625\/revisions"}],"predecessor-version":[{"id":829628,"href":"https:\/\/arantv.az\/index.php?rest_route=\/wp\/v2\/posts\/829625\/revisions\/829628"}],"wp:featuredmedia":[{"embeddable":true,"href":"https:\/\/arantv.az\/index.php?rest_route=\/wp\/v2\/media\/829626"}],"wp:attachment":[{"href":"https:\/\/arantv.az\/index.php?rest_route=%2Fwp%2Fv2%2Fmedia&parent=829625"}],"wp:term":[{"taxonomy":"category","embeddable":true,"href":"https:\/\/arantv.az\/index.php?rest_route=%2Fwp%2Fv2%2Fcategories&post=829625"},{"taxonomy":"post_tag","embeddable":true,"href":"https:\/\/arantv.az\/index.php?rest_route=%2Fwp%2Fv2%2Ftags&post=829625"}],"curies":[{"name":"wp","href":"https:\/\/api.w.org\/{rel}","templated":true}]}}