{"id":82965,"date":"2019-10-02T10:26:40","date_gmt":"2019-10-02T07:26:40","guid":{"rendered":"http:\/\/arantv.az\/?p=82965"},"modified":"2019-10-02T10:26:40","modified_gmt":"2019-10-02T07:26:40","slug":"deputat-mu%c9%99yy%c9%99n-maraqli-t%c9%99r%c9%99fl%c9%99r-qazil%c9%99rin-adindan-istifad%c9%99-ed%c9%99r%c9%99k-siyasi-sou-yaratmaga-calisirlar","status":"publish","type":"post","link":"https:\/\/arantv.az\/?p=82965","title":{"rendered":"Deputat: &#8220;M\u00fc\u0259yy\u0259n maraql\u0131 t\u0259r\u0259fl\u0259r qazil\u0259rin ad\u0131ndan istifad\u0259 ed\u0259r\u0259k siyasi \u015fou yaratma\u011fa \u00e7al\u0131\u015f\u0131rlar&#8221;"},"content":{"rendered":"<blockquote><p><em><strong>Son g\u00fcnl\u0259r sosial \u015f\u0259b\u0259k\u0259l\u0259rd\u0259 Qaraba\u011f qazil\u0259ri il\u0259 SOCAR t\u0259hl\u00fck\u0259sizlik xidm\u0259tinin \u0259m\u0259kda\u015flar\u0131 aras\u0131nda qar\u015f\u0131durman\u0131n olmas\u0131 il\u0259 ba\u011fl\u0131 yay\u0131lan m\u0259lumatlar\u0131n v\u0259 videolar\u0131n ara\u015fd\u0131r\u0131lmas\u0131 tamamil\u0259 f\u0259rqli m\u0259nz\u0259r\u0259 ortaya \u00e7\u0131xard\u0131.<\/strong><\/em><\/p><\/blockquote>\n<p><strong>ARANTV.AZ\u00a0<\/strong> x\u0259b\u0259r verir ki, bunu\u00a0<a href=\"https:\/\/az.trend.az\/\" target=\"_blank\" rel=\"noopener\">Trend<\/a>-\u0259 Milli M\u0259clisin deputat\u0131 Elman N\u0259sirov SOCAR-\u0131n m\u00fchafiz\u0259 xidm\u0259ti il\u0259 bir qrup \u015f\u0259xs aras\u0131nda ba\u015f vermi\u015f insidenti \u015f\u0259rh ed\u0259rk\u0259n bildirib.<\/p>\n<p>E.N\u0259sirovun s\u00f6zl\u0259rin\u0259 g\u00f6r\u0259, m\u0259nz\u0259r\u0259 bel\u0259dir ki, h\u0259min hadis\u0259l\u0259rd\u0259 \u00f6zl\u0259rini Qaraba\u011f qazisi kimi t\u0259qdim ed\u0259n, \u0259slind\u0259 is\u0259 Qaraba\u011f qazisin\u0259 he\u00e7 bir aidiyy\u0259ti olmayan insanlar i\u015ftirak edibl\u0259r:<\/p>\n<p>&#8220;Bu fakt\u0131 Qaraba\u011f qazil\u0259rinin \u00f6zl\u0259ri t\u0259sdiql\u0259yirl\u0259r. Eyni zamanda, hadis\u0259 yerind\u0259n \u00e7\u0259kilmi\u015f video-g\u00f6r\u00fcnt\u00fcl\u0259rd\u0259n d\u0259 bel\u0259 m\u0259lum olur ki, h\u0259min \u015f\u0259xsl\u0259rin Qaraba\u011f qazil\u0259rin\u0259 he\u00e7 bir aidiyy\u0259ti yoxdur. Sad\u0259c\u0259 olaraq m\u00fc\u0259yy\u0259n maraql\u0131 t\u0259r\u0259fl\u0259r var ki, \u00e7al\u0131\u015f\u0131rlar bu m\u0259s\u0259l\u0259d\u0259n siyasi \u015fou yarats\u0131nlar.<\/p>\n<p>\u018fslind\u0259, bunlar Az\u0259rbaycan Prezidenti \u0130lham \u018fliyevin h\u0259ssas kateqoriyadan olan insanlara, o c\u00fcml\u0259d\u0259n m\u0259cburi k\u00f6\u00e7k\u00fcnl\u0259r v\u0259 qa\u00e7q\u0131nlar, m\u00fcharib\u0259 \u0259lill\u0259ri, m\u00fcharib\u0259 veteranlar\u0131, \u015f\u0259hid ail\u0259l\u0259rin\u0259 g\u00f6st\u0259rdiyi x\u00fcsusi qay\u011f\u0131ya k\u00f6lg\u0259 salmaq c\u0259hdl\u0259ridir. He\u00e7 k\u0259s\u0259 sirr deyil ki, Prezident h\u0259r zaman, x\u00fcsusil\u0259 Qaraba\u011f m\u00fcharib\u0259si \u0259lill\u0259rin\u0259 b\u00f6y\u00fck qay\u011f\u0131 g\u00f6st\u0259rir, onlar m\u0259nzill\u0259rl\u0259, avtomobill\u0259rl\u0259 t\u0259min edilir v\u0259 m\u00fcavin\u0259tl\u0259ri ild\u0259n-il\u0259 art\u0131r\u0131l\u0131r&#8221;.<\/p>\n<p>Mill\u0259t v\u0259kili \u0259lav\u0259 edib ki, Prezident \u0130lham \u018fliyevin x\u00fcsusil\u0259 2019-cu ild\u0259 h\u0259yata ke\u00e7irdiyi sosial islahatlar layih\u0259si el\u0259 \u0259n \u00e7ox bu m\u0259s\u0259l\u0259l\u0259ri \u00f6z\u00fcn\u00fc ehtiva edir: &#8220;Lakin g\u00f6r\u00fcn\u00fcr m\u00fc\u0259yy\u0259n qrupla\u015fmalar var ki, c\u0259miyy\u0259ti \u00e7a\u015fd\u0131rmaq, insanlar\u0131 aldatmaq ist\u0259yirl\u0259r v\u0259 \u00e7al\u0131\u015f\u0131rlar ki, \u00f6lk\u0259d\u0259 formala\u015fm\u0131\u015f h\u0259mr\u0259yliyi pozsunlar. Amma bunlar m\u00fcmk\u00fcn deyil, b\u00fct\u00fcn iftiralar v\u0259 yalanlar son n\u0259tic\u0259d\u0259 bir sabun k\u00f6p\u00fcy\u00fc kimi yox olur v\u0259 h\u0259qiq\u0259t \u00fcz\u0259 \u00e7\u0131x\u0131r&#8221;.<\/p>\n","protected":false},"excerpt":{"rendered":"<p>Son g\u00fcnl\u0259r sosial \u015f\u0259b\u0259k\u0259l\u0259rd\u0259 Qaraba\u011f qazil\u0259ri il\u0259 SOCAR t\u0259hl\u00fck\u0259sizlik xidm\u0259tinin \u0259m\u0259kda\u015flar\u0131 aras\u0131nda qar\u015f\u0131durman\u0131n olmas\u0131 il\u0259 ba\u011fl\u0131 yay\u0131lan m\u0259lumatlar\u0131n v\u0259 videolar\u0131n ara\u015fd\u0131r\u0131lmas\u0131 tamamil\u0259 f\u0259rqli m\u0259nz\u0259r\u0259 ortaya \u00e7\u0131xard\u0131. ARANTV.AZ\u00a0 x\u0259b\u0259r verir ki, bunu\u00a0Trend-\u0259 Milli M\u0259clisin deputat\u0131 Elman N\u0259sirov SOCAR-\u0131n m\u00fchafiz\u0259 xidm\u0259ti il\u0259 bir qrup \u015f\u0259xs aras\u0131nda ba\u015f vermi\u015f insidenti \u015f\u0259rh ed\u0259rk\u0259n bildirib. E.N\u0259sirovun s\u00f6zl\u0259rin\u0259 g\u00f6r\u0259, m\u0259nz\u0259r\u0259 bel\u0259dir ki, h\u0259min hadis\u0259l\u0259rd\u0259 \u00f6zl\u0259rini Qaraba\u011f qazisi kimi t\u0259qdim ed\u0259n, \u0259slind\u0259 is\u0259 Qaraba\u011f qazisin\u0259 he\u00e7 bir aidiyy\u0259ti olmayan insanlar i\u015ftirak edibl\u0259r: &#8220;Bu fakt\u0131 Qaraba\u011f qazil\u0259rinin \u00f6zl\u0259ri t\u0259sdiql\u0259yirl\u0259r. Eyni zamanda, hadis\u0259 yerind\u0259n \u00e7\u0259kilmi\u015f video-g\u00f6r\u00fcnt\u00fcl\u0259rd\u0259n d\u0259 bel\u0259 m\u0259lum&hellip;<\/p>\n","protected":false},"author":2,"featured_media":82966,"comment_status":"closed","ping_status":"closed","sticky":false,"template":"","format":"standard","meta":{"om_disable_all_campaigns":false,"_monsterinsights_skip_tracking":false,"_monsterinsights_sitenote_active":false,"_monsterinsights_sitenote_note":"","_monsterinsights_sitenote_category":0},"categories":[4],"tags":[],"aioseo_notices":[],"gutentor_comment":0,"rttpg_featured_image_url":{"full":["https:\/\/arantv.az\/wp-content\/uploads\/2019\/10\/images.jpg",292,173,false],"landscape":["https:\/\/arantv.az\/wp-content\/uploads\/2019\/10\/images.jpg",292,173,false],"portraits":["https:\/\/arantv.az\/wp-content\/uploads\/2019\/10\/images.jpg",292,173,false],"thumbnail":["https:\/\/arantv.az\/wp-content\/uploads\/2019\/10\/images-150x150.jpg",150,150,true],"medium":["https:\/\/arantv.az\/wp-content\/uploads\/2019\/10\/images.jpg",292,173,false],"large":["https:\/\/arantv.az\/wp-content\/uploads\/2019\/10\/images.jpg",292,173,false],"1536x1536":["https:\/\/arantv.az\/wp-content\/uploads\/2019\/10\/images.jpg",292,173,false],"2048x2048":["https:\/\/arantv.az\/wp-content\/uploads\/2019\/10\/images.jpg",292,173,false],"post-thumbnail":["https:\/\/arantv.az\/wp-content\/uploads\/2019\/10\/images-240x172.jpg",240,172,true],"advps-thumb-one":["https:\/\/arantv.az\/wp-content\/uploads\/2019\/10\/images.jpg",292,173,false]},"rttpg_author":{"display_name":"V\u00fcsal Rafiqo\u011flu","author_link":"https:\/\/arantv.az\/?author=2"},"rttpg_comment":0,"rttpg_category":"<a href=\"https:\/\/arantv.az\/?cat=4\" rel=\"category\">Siyas\u0259t<\/a>","rttpg_excerpt":"Son g\u00fcnl\u0259r sosial \u015f\u0259b\u0259k\u0259l\u0259rd\u0259 Qaraba\u011f qazil\u0259ri il\u0259 SOCAR t\u0259hl\u00fck\u0259sizlik xidm\u0259tinin \u0259m\u0259kda\u015flar\u0131 aras\u0131nda qar\u015f\u0131durman\u0131n olmas\u0131 il\u0259 ba\u011fl\u0131 yay\u0131lan m\u0259lumatlar\u0131n v\u0259 videolar\u0131n ara\u015fd\u0131r\u0131lmas\u0131 tamamil\u0259 f\u0259rqli m\u0259nz\u0259r\u0259 ortaya \u00e7\u0131xard\u0131. ARANTV.AZ\u00a0 x\u0259b\u0259r verir ki, bunu\u00a0Trend-\u0259 Milli M\u0259clisin deputat\u0131 Elman N\u0259sirov SOCAR-\u0131n m\u00fchafiz\u0259 xidm\u0259ti il\u0259 bir qrup \u015f\u0259xs aras\u0131nda ba\u015f vermi\u015f insidenti \u015f\u0259rh ed\u0259rk\u0259n bildirib. E.N\u0259sirovun s\u00f6zl\u0259rin\u0259 g\u00f6r\u0259, m\u0259nz\u0259r\u0259 bel\u0259dir&hellip;","_links":{"self":[{"href":"https:\/\/arantv.az\/index.php?rest_route=\/wp\/v2\/posts\/82965"}],"collection":[{"href":"https:\/\/arantv.az\/index.php?rest_route=\/wp\/v2\/posts"}],"about":[{"href":"https:\/\/arantv.az\/index.php?rest_route=\/wp\/v2\/types\/post"}],"author":[{"embeddable":true,"href":"https:\/\/arantv.az\/index.php?rest_route=\/wp\/v2\/users\/2"}],"replies":[{"embeddable":true,"href":"https:\/\/arantv.az\/index.php?rest_route=%2Fwp%2Fv2%2Fcomments&post=82965"}],"version-history":[{"count":0,"href":"https:\/\/arantv.az\/index.php?rest_route=\/wp\/v2\/posts\/82965\/revisions"}],"wp:featuredmedia":[{"embeddable":true,"href":"https:\/\/arantv.az\/index.php?rest_route=\/wp\/v2\/media\/82966"}],"wp:attachment":[{"href":"https:\/\/arantv.az\/index.php?rest_route=%2Fwp%2Fv2%2Fmedia&parent=82965"}],"wp:term":[{"taxonomy":"category","embeddable":true,"href":"https:\/\/arantv.az\/index.php?rest_route=%2Fwp%2Fv2%2Fcategories&post=82965"},{"taxonomy":"post_tag","embeddable":true,"href":"https:\/\/arantv.az\/index.php?rest_route=%2Fwp%2Fv2%2Ftags&post=82965"}],"curies":[{"name":"wp","href":"https:\/\/api.w.org\/{rel}","templated":true}]}}