{"id":829651,"date":"2025-10-04T06:47:23","date_gmt":"2025-10-04T02:47:23","guid":{"rendered":"https:\/\/arantv.az\/?p=829651"},"modified":"2025-10-04T06:47:23","modified_gmt":"2025-10-04T02:47:23","slug":"c%c9%99brayil-dirc%c9%99lir-gul%c9%99-gulustana-cevrilir","status":"publish","type":"post","link":"https:\/\/arantv.az\/?p=829651","title":{"rendered":"C\u0259bray\u0131l dir\u00e7\u0259lir, g\u00fcl\u0259-g\u00fcl\u00fcstana \u00e7evrilir"},"content":{"rendered":"<div class=\"content lead font-weight-normal\">\n<p><em><strong>\u0130ll\u0259rl\u0259 d\u00fc\u015fm\u0259n \u0259sar\u0259tind\u0259 qalan \u015f\u0259h\u0259r v\u0259 k\u0259ndl\u0259rimiz bu g\u00fcn Z\u0259f\u0259rimizin, f\u0259xar\u0259timizin \u00fcnvan\u0131na \u00e7evrilib.<\/strong><\/em><\/p>\n<p>1993-c\u00fc il avqustun 23-d\u0259 Erm\u0259nistan\u0131n silahl\u0131 q\u00fcvv\u0259l\u0259ri t\u0259r\u0259find\u0259n i\u015f\u011fal edil\u0259n C\u0259bray\u0131l rayonu 27 illik i\u015f\u011faldan sonra azad edildi. Az\u0259rbaycan\u0131n tarixin\u0259 q\u0131z\u0131l h\u0259rfl\u0259rl\u0259 yaz\u0131lan 4 oktyabr h\u0259m d\u0259 b\u00fct\u00fcn c\u0259bray\u0131ll\u0131lar\u0131n h\u0259yat\u0131n\u0131n unudulmaz g\u00fcn\u00fcn\u0259 \u00e7evrildi. Bu g\u00fcn C\u0259bray\u0131l yenid\u0259n qurulur, C\u0259bray\u0131la h\u0259yat qay\u0131d\u0131r. Aprel d\u00f6y\u00fc\u015fl\u0259ri n\u0259tic\u0259sind\u0259 C\u0259bray\u0131l\u0131n Cocuq M\u0259rcanl\u0131 k\u0259ndin\u0259 qay\u0131d\u0131\u015f B\u00f6y\u00fck Qay\u0131d\u0131\u015f\u0131n ba\u015flan\u011f\u0131c\u0131 olmu\u015fdu. Qalib \u00f6lk\u0259mizin Qalib Prezidenti c\u0259nab \u0130lham \u018fliyev qeyd etdiyi kimi, bizim \u201cB\u00f6y\u00fck Qay\u0131d\u0131\u015f\u201d\u0131m\u0131z C\u0259bray\u0131ldan ba\u015flam\u0131\u015fd\u0131r v\u0259 \u0130kinci Qaraba\u011f m\u00fcharib\u0259sind\u0259ki birinci ciddi u\u011furumuz da m\u0259hz C\u0259bray\u0131l rayonu il\u0259 ba\u011fl\u0131 oldu.<\/p>\n<p>D\u00fc\u015fm\u0259nin i\u015f\u011fal etdiyi dig\u0259r \u0259razil\u0259r kimi, tarixi, m\u0259d\u0259niyy\u0259t v\u0259 memarl\u0131q, q\u0259bir\u00fcst\u00fc abid\u0259l\u0259rl\u0259 z\u0259ngin olan C\u0259bray\u0131l \u015f\u0259h\u0259ri, el\u0259c\u0259 d\u0259 rayonun k\u0259ndl\u0259ri da\u011f\u0131d\u0131lm\u0131\u015fd\u0131. Tarixin izini itirm\u0259k m\u0259qs\u0259dil\u0259 d\u00fc\u015fm\u0259n m\u0259d\u0259ni, tarixi, dini abid\u0259l\u0259rimizi, h\u0259tta q\u0259biristanl\u0131qlar\u0131 viran qoymu\u015f, vandalizm aktlar\u0131, ekoloji terror h\u0259yata ke\u00e7irmi\u015f, da\u015f\u0131 da\u015f \u00fcst\u00fcnd\u0259 qoymam\u0131\u015fd\u0131. D\u00fc\u015fm\u0259n \u00e7ox ist\u0259s\u0259 d\u0259 tarixi d\u0259yi\u015f\u0259 bilm\u0259di. M\u0259d\u0259ni, dini abid\u0259l\u0259ri, q\u0259birstanl\u0131qlar\u0131 t\u0259bi\u0259ti m\u0259hv etm\u0259kl\u0259 tarixi d\u0259yi\u015fm\u0259k m\u00fcmk\u00fcn deyil. O torpaqlarda \u0259cdadlar\u0131m\u0131z\u0131n, ata-babalar\u0131m\u0131z\u0131n izl\u0259ri var. Tarix g\u00f6st\u0259rdi ki, ger\u00e7\u0259yi, h\u0259qiq\u0259ti ill\u0259r ke\u00e7s\u0259 d\u0259 d\u0259yi\u015fdirm\u0259k olmaz.<\/p>\n<p>44 g\u00fcnl\u00fck V\u0259t\u0259n m\u00fcharib\u0259sinin h\u0259r g\u00fcn\u00fc, h\u0259r saat\u0131 m\u00fcst\u0259qil Az\u0259rbaycan\u0131 \u015fanl\u0131 Z\u0259f\u0259r\u0259 apard\u0131. 30 il\u0259 yax\u0131n i\u015f\u011fal alt\u0131nda qalm\u0131\u015f \u0259z\u0259li tarixi torpaqlar\u0131m\u0131z 44 g\u00fcnl\u00fck V\u0259t\u0259n m\u00fcharib\u0259sind\u0259 h\u0259rbi-siyasi yolla i\u015f\u011faldan azad olundu. M\u00fcz\u0259ff\u0259r Ali Ba\u015f Komandan, Prezident c\u0259nab \u0130lham \u018fliyevin r\u0259hb\u0259rliyi il\u0259 r\u0259\u015fad\u0259tli Az\u0259rbaycan Ordusunun \u0259sg\u0259r v\u0259 zabitl\u0259rinin can\u0131, qan\u0131 bahas\u0131na d\u00fc\u015fm\u0259n tapda\u011f\u0131 alt\u0131nda qalan torpaqlar\u0131m\u0131z i\u015f\u011faldan azad edildi.<\/p>\n<p>44 g\u00fcnl\u00fck V\u0259t\u0259n m\u00fcharib\u0259sinin 8-ci g\u00fcn\u00fc, oktyabr\u0131n 4-d\u0259 M\u00fcz\u0259ff\u0259r Ali Ba\u015f Komandan c\u0259nab \u0130lham \u018fliyev xalqa m\u00fcraci\u0259tind\u0259 bildirdi: \u201cBu g\u00fcn Az\u0259rbaycan Ordusu C\u0259bray\u0131l \u015f\u0259h\u0259rini v\u0259 rayonunun bir ne\u00e7\u0259 k\u0259ndini i\u015f\u011faldan azad etmi\u015fdir. E\u015fq olsun Az\u0259rbaycan Ordusuna! Qaraba\u011f Az\u0259rbaycand\u0131r!\u201d.<\/p>\n<p>\u00d6lk\u0259 Prezidentimiz, Ali Ba\u015f Komandan dahi siyas\u0259tinin n\u0259tic\u0259sind\u0259 ill\u0259rl\u0259 d\u00fc\u015fm\u0259n i\u015f\u011fal\u0131nda qalan torpaqlar\u0131m\u0131z kimi d\u0259 C\u0259bray\u0131l da azadl\u0131\u011f\u0131na qovu\u015fdu. Bu g\u00fcn o torpaqlar g\u00fcl\u0259-g\u00fcl\u00fcstana \u00e7evrilir. Ali Ba\u015f Komandan, Prezident \u0130lham \u018fliyev 2023-c\u00fc il iyulun 31-d\u0259 imzalad\u0131\u011f\u0131 s\u0259r\u0259ncamla c\u0259bray\u0131ll\u0131lara 4 oktyabr \u2013 C\u0259bray\u0131l \u015e\u0259h\u0259r G\u00fcn\u00fcn\u00fc h\u0259diyy\u0259 etdi.<\/p>\n<p>5 il \u0259vv\u0259l sentyabr\u0131n 27-d\u0259n ba\u015flayan v\u0259 44 g\u00fcn davam ed\u0259n V\u0259t\u0259n m\u00fcharib\u0259sind\u0259 d\u00f6vl\u0259t\u00e7ilik tariximizin \u0259n parlaq s\u0259hif\u0259l\u0259ri yaz\u0131ld\u0131. Ali Ba\u015f Komandan, Prezident c\u0259nab \u0130lham \u018fliyevin r\u0259hb\u0259rliyi il\u0259 V\u0259t\u0259n m\u00fcharib\u0259sind\u0259 qazand\u0131lan h\u0259r q\u0259l\u0259b\u0259, i\u015f\u011fal alt\u0131nda qalan torpaqlar\u0131m\u0131z\u0131n azad edilm\u0259si 30 ild\u0259 yorulmadan m\u00f6ht\u0259\u015f\u0259m Q\u0259l\u0259b\u0259 x\u0259b\u0259rini s\u0259birsizlikl\u0259 g\u00f6zl\u0259y\u0259n Az\u0259rbaycan xalq\u0131n\u0131n q\u00fcruruna \u00e7evrildi.<\/p>\n<p>Az\u0259rbaycan xalq\u0131n\u0131n \u0259zmi, g\u00fcc\u00fc, q\u0259tiyy\u0259ti say\u0259sind\u0259 i\u015f\u011fal alt\u0131nda qalan tarixi, \u0259z\u0259li-\u0259b\u0259di torpaqlar\u0131 azad edildiyi kimi, indi d\u0259 eyni co\u015fqu il\u0259 h\u0259min yurd yerl\u0259ri \u00e7\u0259nn\u0259t\u0259 \u00e7evrilir.<\/p>\n<p>Q\u00fcrurverici hald\u0131r ki, c\u0259bray\u0131ll\u0131lar bu g\u00fcn \u015e\u0259h\u0259r G\u00fcn\u00fcn\u00fc t\u0259nt\u0259n\u0259 il\u0259 qeyd edir, ill\u0259rl\u0259 h\u0259sr\u0259tl\u0259rini \u00e7\u0259kdikl\u0259ri do\u011fma yurda qayd\u0131\u015f\u0131n bayram sevincini ya\u015fay\u0131rlar.<\/p>\n<p><strong>Bayram Aslanov,<\/strong><br \/>\n<em>YAP \u0130dar\u0259 Hey\u0259tinin \u00fczv\u00fc, YAP G\u0259nc\u0259 \u015f\u0259h\u0259r t\u0259\u015fkilat\u0131n\u0131n s\u0259dri<\/em><\/p>\n<div class=\"clearfix\"><\/div>\n<\/div>\n<div class=\"fotorama--hidden\"><\/div>\n<div id=\"galleryList\" class=\"fotorama fotorama1759545991536\" data-nav=\"thumbs\" data-width=\"100%\" data-thumbwidth=\"90\" data-thumbheight=\"60\" data-allowfullscreen=\"true\" data-autoplay=\"3000\" data-ratio=\"1.5\" data-keyboard=\"true\" data-fit=\"contain\">\n<div class=\"fotorama__wrap fotorama__wrap--css3 fotorama__wrap--slide fotorama__wrap--toggle-arrows\">\n<div class=\"fotorama__stage\">\n<div class=\"fotorama__fullscreen-icon\" tabindex=\"0\" role=\"button\"><\/div>\n<div class=\"fotorama__stage__shaft\">\n<div class=\"fotorama__stage__frame fotorama__loaded fotorama__loaded--img fotorama__active\"><img class=\"fotorama__img\" src=\"https:\/\/ikisahil.az\/photo\/0x0_2\/upload\/gallery\/2025\/10\/03\/-64d52e08175950502490615087710105394.jpg\" \/><\/div>\n<\/div>\n<div class=\"fotorama__video-close\"><\/div>\n<\/div>\n<\/div>\n<\/div>\n<div class=\"sharing my-2 row no-gutters d-print-none\">\n<div class=\"col-md-3\"><\/div>\n<\/div>\n<div class=\"d-none d-sm-block\"><\/div>\n","protected":false},"excerpt":{"rendered":"<p>\u0130ll\u0259rl\u0259 d\u00fc\u015fm\u0259n \u0259sar\u0259tind\u0259 qalan \u015f\u0259h\u0259r v\u0259 k\u0259ndl\u0259rimiz bu g\u00fcn Z\u0259f\u0259rimizin, f\u0259xar\u0259timizin \u00fcnvan\u0131na \u00e7evrilib. 1993-c\u00fc il avqustun 23-d\u0259 Erm\u0259nistan\u0131n silahl\u0131 q\u00fcvv\u0259l\u0259ri t\u0259r\u0259find\u0259n i\u015f\u011fal edil\u0259n C\u0259bray\u0131l rayonu 27 illik i\u015f\u011faldan sonra azad edildi. Az\u0259rbaycan\u0131n tarixin\u0259 q\u0131z\u0131l h\u0259rfl\u0259rl\u0259 yaz\u0131lan 4 oktyabr h\u0259m d\u0259 b\u00fct\u00fcn c\u0259bray\u0131ll\u0131lar\u0131n h\u0259yat\u0131n\u0131n unudulmaz g\u00fcn\u00fcn\u0259 \u00e7evrildi. Bu g\u00fcn C\u0259bray\u0131l yenid\u0259n qurulur, C\u0259bray\u0131la h\u0259yat qay\u0131d\u0131r. Aprel d\u00f6y\u00fc\u015fl\u0259ri n\u0259tic\u0259sind\u0259 C\u0259bray\u0131l\u0131n Cocuq M\u0259rcanl\u0131 k\u0259ndin\u0259 qay\u0131d\u0131\u015f B\u00f6y\u00fck Qay\u0131d\u0131\u015f\u0131n ba\u015flan\u011f\u0131c\u0131 olmu\u015fdu. Qalib \u00f6lk\u0259mizin Qalib Prezidenti c\u0259nab \u0130lham \u018fliyev qeyd etdiyi kimi, bizim \u201cB\u00f6y\u00fck Qay\u0131d\u0131\u015f\u201d\u0131m\u0131z C\u0259bray\u0131ldan ba\u015flam\u0131\u015fd\u0131r v\u0259 \u0130kinci Qaraba\u011f m\u00fcharib\u0259sind\u0259ki birinci ciddi u\u011furumuz da m\u0259hz&hellip;<\/p>\n","protected":false},"author":2,"featured_media":829653,"comment_status":"closed","ping_status":"closed","sticky":false,"template":"","format":"standard","meta":{"om_disable_all_campaigns":false,"_monsterinsights_skip_tracking":false,"_monsterinsights_sitenote_active":false,"_monsterinsights_sitenote_note":"","_monsterinsights_sitenote_category":0},"categories":[19],"tags":[],"aioseo_notices":[],"gutentor_comment":0,"rttpg_featured_image_url":{"full":["https:\/\/arantv.az\/wp-content\/uploads\/2025\/10\/37ca649d172854401597133378110016614-3.jpg",975,540,false],"landscape":["https:\/\/arantv.az\/wp-content\/uploads\/2025\/10\/37ca649d172854401597133378110016614-3.jpg",975,540,false],"portraits":["https:\/\/arantv.az\/wp-content\/uploads\/2025\/10\/37ca649d172854401597133378110016614-3.jpg",975,540,false],"thumbnail":["https:\/\/arantv.az\/wp-content\/uploads\/2025\/10\/37ca649d172854401597133378110016614-3-500x280.jpg",500,280,true],"medium":["https:\/\/arantv.az\/wp-content\/uploads\/2025\/10\/37ca649d172854401597133378110016614-3-660x365.jpg",660,365,true],"large":["https:\/\/arantv.az\/wp-content\/uploads\/2025\/10\/37ca649d172854401597133378110016614-3-840x465.jpg",640,354,true],"1536x1536":["https:\/\/arantv.az\/wp-content\/uploads\/2025\/10\/37ca649d172854401597133378110016614-3.jpg",975,540,false],"2048x2048":["https:\/\/arantv.az\/wp-content\/uploads\/2025\/10\/37ca649d172854401597133378110016614-3.jpg",975,540,false],"post-thumbnail":["https:\/\/arantv.az\/wp-content\/uploads\/2025\/10\/37ca649d172854401597133378110016614-3-240x172.jpg",240,172,true],"advps-thumb-one":["https:\/\/arantv.az\/wp-content\/uploads\/2025\/10\/37ca649d172854401597133378110016614-3.jpg",975,540,false]},"rttpg_author":{"display_name":"V\u00fcsal Rafiqo\u011flu","author_link":"https:\/\/arantv.az\/?author=2"},"rttpg_comment":0,"rttpg_category":"<a href=\"https:\/\/arantv.az\/?cat=19\" rel=\"category\">G\u00fcnd\u0259m<\/a>","rttpg_excerpt":"\u0130ll\u0259rl\u0259 d\u00fc\u015fm\u0259n \u0259sar\u0259tind\u0259 qalan \u015f\u0259h\u0259r v\u0259 k\u0259ndl\u0259rimiz bu g\u00fcn Z\u0259f\u0259rimizin, f\u0259xar\u0259timizin \u00fcnvan\u0131na \u00e7evrilib. 1993-c\u00fc il avqustun 23-d\u0259 Erm\u0259nistan\u0131n silahl\u0131 q\u00fcvv\u0259l\u0259ri t\u0259r\u0259find\u0259n i\u015f\u011fal edil\u0259n C\u0259bray\u0131l rayonu 27 illik i\u015f\u011faldan sonra azad edildi. Az\u0259rbaycan\u0131n tarixin\u0259 q\u0131z\u0131l h\u0259rfl\u0259rl\u0259 yaz\u0131lan 4 oktyabr h\u0259m d\u0259 b\u00fct\u00fcn c\u0259bray\u0131ll\u0131lar\u0131n h\u0259yat\u0131n\u0131n unudulmaz g\u00fcn\u00fcn\u0259 \u00e7evrildi. Bu g\u00fcn C\u0259bray\u0131l yenid\u0259n qurulur, C\u0259bray\u0131la h\u0259yat qay\u0131d\u0131r. Aprel&hellip;","_links":{"self":[{"href":"https:\/\/arantv.az\/index.php?rest_route=\/wp\/v2\/posts\/829651"}],"collection":[{"href":"https:\/\/arantv.az\/index.php?rest_route=\/wp\/v2\/posts"}],"about":[{"href":"https:\/\/arantv.az\/index.php?rest_route=\/wp\/v2\/types\/post"}],"author":[{"embeddable":true,"href":"https:\/\/arantv.az\/index.php?rest_route=\/wp\/v2\/users\/2"}],"replies":[{"embeddable":true,"href":"https:\/\/arantv.az\/index.php?rest_route=%2Fwp%2Fv2%2Fcomments&post=829651"}],"version-history":[{"count":2,"href":"https:\/\/arantv.az\/index.php?rest_route=\/wp\/v2\/posts\/829651\/revisions"}],"predecessor-version":[{"id":829655,"href":"https:\/\/arantv.az\/index.php?rest_route=\/wp\/v2\/posts\/829651\/revisions\/829655"}],"wp:featuredmedia":[{"embeddable":true,"href":"https:\/\/arantv.az\/index.php?rest_route=\/wp\/v2\/media\/829653"}],"wp:attachment":[{"href":"https:\/\/arantv.az\/index.php?rest_route=%2Fwp%2Fv2%2Fmedia&parent=829651"}],"wp:term":[{"taxonomy":"category","embeddable":true,"href":"https:\/\/arantv.az\/index.php?rest_route=%2Fwp%2Fv2%2Fcategories&post=829651"},{"taxonomy":"post_tag","embeddable":true,"href":"https:\/\/arantv.az\/index.php?rest_route=%2Fwp%2Fv2%2Ftags&post=829651"}],"curies":[{"name":"wp","href":"https:\/\/api.w.org\/{rel}","templated":true}]}}