{"id":82969,"date":"2019-10-02T10:27:57","date_gmt":"2019-10-02T07:27:57","guid":{"rendered":"http:\/\/arantv.az\/?p=82969"},"modified":"2019-10-02T10:27:57","modified_gmt":"2019-10-02T07:27:57","slug":"4-sayli-dogum-evind%c9%99-korp%c9%99-oldu-bakida-b%c9%99db%c9%99xt-hadis%c9%99","status":"publish","type":"post","link":"https:\/\/arantv.az\/?p=82969","title":{"rendered":"4 sayl\u0131 do\u011fum evind\u0259 k\u00f6rp\u0259 \u00f6ld\u00fc &#8211; Bak\u0131da b\u0259db\u0259xt hadis\u0259"},"content":{"rendered":"<div><b>Bak\u0131da do\u011fu\u015f zaman\u0131 k\u00f6rp\u0259 \u00f6l\u00fcb.<\/b><\/div>\n<div><\/div>\n<div><b>ARANTV.AZ<\/b>-\u0131n m\u0259lumat\u0131na g\u00f6r\u0259, hadis\u0259 4 sayl\u0131 do\u011fum evind\u0259 qeyd\u0259 al\u0131n\u0131b.<\/div>\n<div><\/div>\n<div>\u018fl\u0259t q\u0259s\u0259b\u0259 sakini, Aysel M\u0259mm\u0259dova do\u011fum evin\u0259 do\u011fu\u015f sanc\u0131lar\u0131 v\u0259 u\u015faql\u0131q qanaxmas\u0131 il\u0259 daxil olub v\u0259 ki\u015fi cinsli d\u00f6l \u00f6l\u00fc olaraq do\u011fulub.<\/div>\n<div>H\u00fcquq-m\u00fchafiz\u0259 orqanlar\u0131 t\u0259r\u0259find\u0259n ara\u015fd\u0131rma ba\u015flan\u0131l\u0131b, d\u00f6l\u00fcn \u00fcz\u0259rind\u0259 h\u0259r hans\u0131 bir x\u0259sar\u0259t v\u0259 izl\u0259ri a\u015fkar edilm\u0259yib.<\/div>\n<div><\/div>\n<div>Qarada\u011f rayon Prokurorlu\u011fu t\u0259r\u0259find\u0259n ara\u015fd\u0131rma apar\u0131l\u0131r.<br \/>\nMedicina.az<\/div>\n","protected":false},"excerpt":{"rendered":"<p>Bak\u0131da do\u011fu\u015f zaman\u0131 k\u00f6rp\u0259 \u00f6l\u00fcb. ARANTV.AZ-\u0131n m\u0259lumat\u0131na g\u00f6r\u0259, hadis\u0259 4 sayl\u0131 do\u011fum evind\u0259 qeyd\u0259 al\u0131n\u0131b. \u018fl\u0259t q\u0259s\u0259b\u0259 sakini, Aysel M\u0259mm\u0259dova do\u011fum evin\u0259 do\u011fu\u015f sanc\u0131lar\u0131 v\u0259 u\u015faql\u0131q qanaxmas\u0131 il\u0259 daxil olub v\u0259 ki\u015fi cinsli d\u00f6l \u00f6l\u00fc olaraq do\u011fulub. H\u00fcquq-m\u00fchafiz\u0259 orqanlar\u0131 t\u0259r\u0259find\u0259n ara\u015fd\u0131rma ba\u015flan\u0131l\u0131b, d\u00f6l\u00fcn \u00fcz\u0259rind\u0259 h\u0259r hans\u0131 bir x\u0259sar\u0259t v\u0259 izl\u0259ri a\u015fkar edilm\u0259yib. Qarada\u011f rayon Prokurorlu\u011fu t\u0259r\u0259find\u0259n ara\u015fd\u0131rma apar\u0131l\u0131r. Medicina.az<\/p>\n","protected":false},"author":2,"featured_media":82970,"comment_status":"closed","ping_status":"closed","sticky":false,"template":"","format":"standard","meta":{"om_disable_all_campaigns":false,"_monsterinsights_skip_tracking":false,"_monsterinsights_sitenote_active":false,"_monsterinsights_sitenote_note":"","_monsterinsights_sitenote_category":0},"categories":[5],"tags":[],"aioseo_notices":[],"gutentor_comment":0,"rttpg_featured_image_url":{"full":["https:\/\/arantv.az\/wp-content\/uploads\/2019\/10\/1569999135_xestexana-hekim-hekim-xeste-xeste.jpg",800,500,false],"landscape":["https:\/\/arantv.az\/wp-content\/uploads\/2019\/10\/1569999135_xestexana-hekim-hekim-xeste-xeste.jpg",800,500,false],"portraits":["https:\/\/arantv.az\/wp-content\/uploads\/2019\/10\/1569999135_xestexana-hekim-hekim-xeste-xeste.jpg",800,500,false],"thumbnail":["https:\/\/arantv.az\/wp-content\/uploads\/2019\/10\/1569999135_xestexana-hekim-hekim-xeste-xeste-150x150.jpg",150,150,true],"medium":["https:\/\/arantv.az\/wp-content\/uploads\/2019\/10\/1569999135_xestexana-hekim-hekim-xeste-xeste-300x188.jpg",300,188,true],"large":["https:\/\/arantv.az\/wp-content\/uploads\/2019\/10\/1569999135_xestexana-hekim-hekim-xeste-xeste.jpg",640,400,false],"1536x1536":["https:\/\/arantv.az\/wp-content\/uploads\/2019\/10\/1569999135_xestexana-hekim-hekim-xeste-xeste.jpg",800,500,false],"2048x2048":["https:\/\/arantv.az\/wp-content\/uploads\/2019\/10\/1569999135_xestexana-hekim-hekim-xeste-xeste.jpg",800,500,false],"post-thumbnail":["https:\/\/arantv.az\/wp-content\/uploads\/2019\/10\/1569999135_xestexana-hekim-hekim-xeste-xeste-240x172.jpg",240,172,true],"advps-thumb-one":["https:\/\/arantv.az\/wp-content\/uploads\/2019\/10\/1569999135_xestexana-hekim-hekim-xeste-xeste.jpg",800,500,false]},"rttpg_author":{"display_name":"V\u00fcsal Rafiqo\u011flu","author_link":"https:\/\/arantv.az\/?author=2"},"rttpg_comment":0,"rttpg_category":"<a href=\"https:\/\/arantv.az\/?cat=5\" rel=\"category\">Hadis\u0259<\/a>","rttpg_excerpt":"Bak\u0131da do\u011fu\u015f zaman\u0131 k\u00f6rp\u0259 \u00f6l\u00fcb. ARANTV.AZ-\u0131n m\u0259lumat\u0131na g\u00f6r\u0259, hadis\u0259 4 sayl\u0131 do\u011fum evind\u0259 qeyd\u0259 al\u0131n\u0131b. \u018fl\u0259t q\u0259s\u0259b\u0259 sakini, Aysel M\u0259mm\u0259dova do\u011fum evin\u0259 do\u011fu\u015f sanc\u0131lar\u0131 v\u0259 u\u015faql\u0131q qanaxmas\u0131 il\u0259 daxil olub v\u0259 ki\u015fi cinsli d\u00f6l \u00f6l\u00fc olaraq do\u011fulub. H\u00fcquq-m\u00fchafiz\u0259 orqanlar\u0131 t\u0259r\u0259find\u0259n ara\u015fd\u0131rma ba\u015flan\u0131l\u0131b, d\u00f6l\u00fcn \u00fcz\u0259rind\u0259 h\u0259r hans\u0131 bir x\u0259sar\u0259t v\u0259 izl\u0259ri a\u015fkar edilm\u0259yib. Qarada\u011f rayon Prokurorlu\u011fu&hellip;","_links":{"self":[{"href":"https:\/\/arantv.az\/index.php?rest_route=\/wp\/v2\/posts\/82969"}],"collection":[{"href":"https:\/\/arantv.az\/index.php?rest_route=\/wp\/v2\/posts"}],"about":[{"href":"https:\/\/arantv.az\/index.php?rest_route=\/wp\/v2\/types\/post"}],"author":[{"embeddable":true,"href":"https:\/\/arantv.az\/index.php?rest_route=\/wp\/v2\/users\/2"}],"replies":[{"embeddable":true,"href":"https:\/\/arantv.az\/index.php?rest_route=%2Fwp%2Fv2%2Fcomments&post=82969"}],"version-history":[{"count":0,"href":"https:\/\/arantv.az\/index.php?rest_route=\/wp\/v2\/posts\/82969\/revisions"}],"wp:featuredmedia":[{"embeddable":true,"href":"https:\/\/arantv.az\/index.php?rest_route=\/wp\/v2\/media\/82970"}],"wp:attachment":[{"href":"https:\/\/arantv.az\/index.php?rest_route=%2Fwp%2Fv2%2Fmedia&parent=82969"}],"wp:term":[{"taxonomy":"category","embeddable":true,"href":"https:\/\/arantv.az\/index.php?rest_route=%2Fwp%2Fv2%2Fcategories&post=82969"},{"taxonomy":"post_tag","embeddable":true,"href":"https:\/\/arantv.az\/index.php?rest_route=%2Fwp%2Fv2%2Ftags&post=82969"}],"curies":[{"name":"wp","href":"https:\/\/api.w.org\/{rel}","templated":true}]}}